{"id":322,"name":"Rafa Cabello","url":"https:\/\/miurltemporal.com/main/triatletasenred.sport.es","description":"T\u00e9cnico Superior en Diet\u00e9tica de formaci\u00f3n, y deportista de pasi\u00f3n. Desde los 12 a\u00f1os que me tir\u00e9 al agua por primera vez no he parado de hacer deporte. Desde los 16 practico de manera profesional Triatl\u00f3n en categor\u00eda Paral\u00edmpica debido a mi discapacidad visual. Esta tambi\u00e9n me ha ense\u00f1ado muchas cosas y siempre he querido aprovechar estos conocimientos, experiencias y herramientas para ayudar a otros \u00bfLa forma de hacerlo? A trav\u00e9s de mis palabras ya sean escritas o habladas para conseguirlo.","link":"https:\/\/miurltemporal.com/main/triatletasenred.sport.es\/author\/rafa-cabello\/","slug":"rafa-cabello","avatar_urls":{"24":"https:\/\/miurltemporal.com/main/triatletasenred.sport.es\/wp-content\/uploads\/Personal-rafael-cabello-150x150.jpeg","48":"https:\/\/miurltemporal.com/main/triatletasenred.sport.es\/wp-content\/uploads\/Personal-rafael-cabello-150x150.jpeg","96":"https:\/\/miurltemporal.com/main/triatletasenred.sport.es\/wp-content\/uploads\/Personal-rafael-cabello-150x150.jpeg"},"meta":[],"acf":[],"_links":{"self":[{"href":"https:\/\/miurltemporal.com/main/triatletasenred.sport.es\/wp-json\/wp\/v2\/users\/322"}],"collection":[{"href":"https:\/\/miurltemporal.com/main/triatletasenred.sport.es\/wp-json\/wp\/v2\/users"}]}}