{"id":99828,"date":"2026-02-06T10:14:17","date_gmt":"2026-02-06T09:14:17","guid":{"rendered":"https:\/\/miurltemporal.com/main/triatletasenred.sport.es\/?p=99828"},"modified":"2026-02-06T10:14:17","modified_gmt":"2026-02-06T09:14:17","slug":"alejandra-segui-este-ano-quiero-ser-consistente-en-las-copas-del-mundo-y-volver-al-mundial-y-europeo-sub23","status":"publish","type":"post","link":"https:\/\/miurltemporal.com/main/triatletasenred.sport.es\/actualidad\/alejandra-segui-este-ano-quiero-ser-consistente-en-las-copas-del-mundo-y-volver-al-mundial-y-europeo-sub23\/","title":{"rendered":"Alejandra Segu\u00ed: &#8220;Este a\u00f1o quiero ser consistente en las Copas del Mundo y volver al Mundial y Europeo sub23&#8221;"},"content":{"rendered":"<p>Entrevistamos a la triatleta internacional del B\u00e9tera con la que hablamos de sus pr\u00f3ximas metas, sus planes a medio y largo plazo o de la situaci\u00f3n del triatl\u00f3n femenino.<\/p>\n<p><a href=\"https:\/\/tidd.ly\/41mq8KP\" rel=\"nofollow noopener\" target=\"_blank\"><img fetchpriority=\"high\" decoding=\"async\" class=\"alignnone size-full wp-image-96562\" src=\"https:\/\/miurltemporal.com/main/triatletasenred.sport.es\/wp-content\/uploads\/HOKA_700x100px_RocketX3.jpg\" alt=\"\" width=\"700\" height=\"100\" srcset=\"https:\/\/miurltemporal.com/main/triatletasenred.sport.es\/wp-content\/uploads\/HOKA_700x100px_RocketX3.jpg 700w, https:\/\/miurltemporal.com/main/triatletasenred.sport.es\/wp-content\/uploads\/HOKA_700x100px_RocketX3-300x43.jpg 300w, https:\/\/miurltemporal.com/main/triatletasenred.sport.es\/wp-content\/uploads\/HOKA_700x100px_RocketX3-696x100.jpg 696w\" sizes=\"(max-width: 700px) 100vw, 700px\" \/><\/a><\/p>\n<p><strong>Alejandra Segu\u00ed<\/strong> (2004) forma parte de esa nueva hornada femenina que a\u00f1o tras a\u00f1o progresa individualmente y escala posiciones dentro del panorama nacional e internacional. La valenciana afronta el a\u00f1o ya asentada en categor\u00eda Sub&#8217;23 (roz\u00f3 el TOP10 mundialista) con la ambici\u00f3n de dar un paso m\u00e1s a nivel internacional, pero sin intenci\u00f3n de saltar a escalones que todav\u00eda no est\u00e1n a su alcance.<\/p>\n<h5><strong>\u00bfC\u00f3mo valoras la temporada 2025?<\/strong><\/h5>\n<p>La temporada pasada la creo que fue una de mis mejores temporadas. Consegu\u00ed cumplir mis dos objetivos de la temporada: ir al Europeo y Mundial sub23 y estoy muy feliz por ello.<\/p>\n<h5><strong>Del pasado m\u00e1s reciente, al presente inmediato. \u00bfCu\u00e1les son los objetivos de cara a esta temporada?<\/strong><\/h5>\n<p>Mis objetivos esta temporada son los mismos: Europeo y Mundial sub23, y conseguir una consistencia a nivel de Copas del Mundo.<\/p>\n<h5><strong>\u00bfC\u00f3mo es entrenar con el grupo del B\u00e9tera?<\/strong><\/h5>\n<p>\u2060Tenemos un grupo muy guay, bastante joven y nos llevamos todos muy bien que es muy importante.<\/p>\n<h5><strong>Compartes equipo junto a tu pareja (H\u00e9ctor Tolsa). H\u00e9ctor y t\u00fa ten\u00e9is un nivel alt\u00edsimo, \u00bfos ayud\u00e1is entre vosotros en los entrenamientos?<\/strong><\/h5>\n<p>S\u00ed, nos ayudamos mucho siempre que podemos, y al final lo hace todo mucho m\u00e1s f\u00e1cil porque compartimos cada entrenamiento. Tambi\u00e9n es un poco m\u00e1s complicado que yo le ayude a \u00e9l por el tema de los ritmos, pero \u00e9l siempre que puede me ayuda much\u00edsimo.<\/p>\n<h5><strong>M\u00e1s all\u00e1 de tu carrera deportiva contin\u00faas con tus estudios. \u00bfC\u00f3mo es compaginar ambas vertientes con el nivel de exigencia que requiere ser una triatleta de tu nivel?<\/strong><\/h5>\n<p>Es muy duro y estresante. Voy con el tiempo justo a todo y con much\u00edsima organizaci\u00f3n, pero he aprendido que si a veces no se llega a algo no pasa nada, porque al final estoy disfrutando de dos cosas que me encantan.<\/p>\n<h5><strong>Complejo organigrama. \u00bfCon qu\u00e9 ayudas cuentas en tu d\u00eda a d\u00eda tipo patrocinadores, becas, etc. y qu\u00e9 suponen para ti?<\/strong><\/h5>\n<p>Mi ayuda principal es 42k y el Proyecto FER (dentro de la fundaci\u00f3n de Juan Roig que ayuda a los deportistas valencianos) y estoy s\u00faper agradecida con ellos. Y, en tema de nutrici\u00f3n, estoy con Enervit que me dan los mejores productos.<\/p>\n<h5><strong>\u00bfHas tenido alguna lesi\u00f3n? \u00bfC\u00f3mo la has afrontado minimizando los da\u00f1os en tu rendimiento?<\/strong><\/h5>\n<p>En cuanto a lesiones grave no, pero s\u00ed que tuve una ca\u00edda en una de las ligas nacionales hace dos a\u00f1os. Me romp\u00ed le mand\u00edbula y fue muy muy duro psicol\u00f3gicamente, pero con ayuda de mi familia, amigos y equipo fue todo un poco m\u00e1s f\u00e1cil.<\/p>\n<h5><strong>Hagamos memoria. \u00bfCu\u00e1les han sido los eventos que m\u00e1s te han marcado en estos \u00faltimos a\u00f1os y por qu\u00e9?<\/strong><\/h5>\n<p>El Mundial sub23 de este a\u00f1o. Es una competici\u00f3n que guardo con mucho cari\u00f1o. Fue mi primera competici\u00f3n viajando a la otra punta del mundo, encima en Australia que ten\u00eda muchas ganas de ir y tambi\u00e9n fue mi primer Mundial sub23.<\/p>\n<p>Por otro lado, recuerdo con mucho cari\u00f1o el Europeo Junior de 2023 donde hice bronce, porque fue mi primer resultado importante a nivel internacional y lo compart\u00ed con H\u00e9ctor tambi\u00e9n y mi familia.<\/p>\n<h5><strong>De nuevo en el hoy&#8230; \u00bfPor d\u00f3nde pasan las metas de esta temporada?<\/strong><\/h5>\n<p>Seguir\u00e9 compitiendo a nivel internacional, intentando conseguir el m\u00e1ximo de puntos para el ranking ya que empieza la clasificaci\u00f3n ol\u00edmpica dentro de poco, y aunque sea un objetivo a largo plazo, me motiva mucho a luchar por ello.<\/p>\n<h5><strong>\u00bfD\u00f3nde te ves en un futuro pr\u00f3ximo con el triatl\u00f3n?<\/strong><\/h5>\n<p>Ojal\u00e1 que pueda estar compitiendo en el circuito de Series Mundiales, pero no es algo con lo que me obsesione.<\/p>\n<h5><strong>\u00bfC\u00f3mo ves el triatl\u00f3n femenino a nivel nacional? \u00bfE internacional?<\/strong><\/h5>\n<p>El nivel nacional ha subido mucho pero s\u00ed es verdad que sigue habiendo una gran diferencia en comparaci\u00f3n con el internacional. Las carreras son completamente distintas porque en Espa\u00f1a, todo se decide un poco en el segmento de carrera a pie por as\u00ed decirlo. Sin embargo, en lo internacional el segmento ciclista es una locura y determina muchas veces las carreras.<\/p>\n<p><iframe title=\"\u00bfNos han vendido HUMO NORUEGO? \ud83c\uddf3\ud83c\uddf4  Desmontamos  EL Vo2 Max de BLUMMENFELT \ud83d\udc02\" width=\"696\" height=\"392\" src=\"https:\/\/www.youtube.com\/embed\/q-FrknSCpjw?feature=oembed\" frameborder=\"0\" allow=\"accelerometer; autoplay; clipboard-write; encrypted-media; gyroscope; picture-in-picture; web-share\" referrerpolicy=\"strict-origin-when-cross-origin\" allowfullscreen><\/iframe><\/p>\n","protected":false},"excerpt":{"rendered":"<p>Entrevistamos a la triatleta internacional del B\u00e9tera con la que hablamos de sus pr\u00f3ximas metas, sus planes a medio y largo plazo o de la situaci\u00f3n del triatl\u00f3n femenino.<\/p>\n","protected":false},"author":361,"featured_media":99829,"comment_status":"closed","ping_status":"open","sticky":false,"template":"","format":"standard","meta":{"_acf_changed":false,"rank_math_lock_modified_date":false,"footnotes":""},"categories":[17,10,10639],"tags":[12043,10696],"class_list":{"0":"post-99828","1":"post","2":"type-post","3":"status-publish","4":"format-standard","5":"has-post-thumbnail","7":"category-actualidad","8":"category-entrevistas-triatlon","9":"category-portada","10":"tag-alejandra-segui","11":"tag-hector-tolsa"},"acf":[],"_links":{"self":[{"href":"https:\/\/miurltemporal.com/main/triatletasenred.sport.es\/wp-json\/wp\/v2\/posts\/99828"}],"collection":[{"href":"https:\/\/miurltemporal.com/main/triatletasenred.sport.es\/wp-json\/wp\/v2\/posts"}],"about":[{"href":"https:\/\/miurltemporal.com/main/triatletasenred.sport.es\/wp-json\/wp\/v2\/types\/post"}],"author":[{"embeddable":true,"href":"https:\/\/miurltemporal.com/main/triatletasenred.sport.es\/wp-json\/wp\/v2\/users\/361"}],"replies":[{"embeddable":true,"href":"https:\/\/miurltemporal.com/main/triatletasenred.sport.es\/wp-json\/wp\/v2\/comments?post=99828"}],"version-history":[{"count":1,"href":"https:\/\/miurltemporal.com/main/triatletasenred.sport.es\/wp-json\/wp\/v2\/posts\/99828\/revisions"}],"predecessor-version":[{"id":99830,"href":"https:\/\/miurltemporal.com/main/triatletasenred.sport.es\/wp-json\/wp\/v2\/posts\/99828\/revisions\/99830"}],"wp:featuredmedia":[{"embeddable":true,"href":"https:\/\/miurltemporal.com/main/triatletasenred.sport.es\/wp-json\/wp\/v2\/media\/99829"}],"wp:attachment":[{"href":"https:\/\/miurltemporal.com/main/triatletasenred.sport.es\/wp-json\/wp\/v2\/media?parent=99828"}],"wp:term":[{"taxonomy":"category","embeddable":true,"href":"https:\/\/miurltemporal.com/main/triatletasenred.sport.es\/wp-json\/wp\/v2\/categories?post=99828"},{"taxonomy":"post_tag","embeddable":true,"href":"https:\/\/miurltemporal.com/main/triatletasenred.sport.es\/wp-json\/wp\/v2\/tags?post=99828"}],"curies":[{"name":"wp","href":"https:\/\/api.w.org\/{rel}","templated":true}]}}