{"id":99470,"date":"2026-01-12T09:22:06","date_gmt":"2026-01-12T08:22:06","guid":{"rendered":"https:\/\/miurltemporal.com/main/triatletasenred.sport.es\/?p=99470"},"modified":"2026-01-12T09:22:55","modified_gmt":"2026-01-12T08:22:55","slug":"un-campeon-del-mundo-frente-al-microfono-jan-frodeno-lanza-su-nuevo-podcast","status":"publish","type":"post","link":"https:\/\/miurltemporal.com/main/triatletasenred.sport.es\/portada\/un-campeon-del-mundo-frente-al-microfono-jan-frodeno-lanza-su-nuevo-podcast\/","title":{"rendered":"Un campe\u00f3n del mundo frente al micr\u00f3fono: Jan Frodeno lanza su nuevo podcast"},"content":{"rendered":"<p>Lejos de las l\u00edneas de salida pero muy cerca del alto rendimiento, <strong>Jan Frodeno<\/strong> abre una nueva etapa en su carrera profesional. El tricampe\u00f3n del mundo de Ironman y campe\u00f3n ol\u00edmpico en Pek\u00edn se estrena como anfitri\u00f3n de podcast con <strong>Frodeno Going Mental<\/strong>, un proyecto que pone el foco en la mentalidad y el rendimiento en contextos de m\u00e1xima exigencia.<\/p>\n<p><a href=\"https:\/\/www.inverseteams.com\/es\/?srsltid=AfmBOopcdN5zEVSQJD3fkV4Je_gbxU0qOyVuAnS_htxK60krBL72wKdR\" rel=\"nofollow noopener\" target=\"_blank\"><img fetchpriority=\"high\" decoding=\"async\" src=\"https:\/\/miurltemporal.com/main/triatletasenred.sport.es\/wp-content\/uploads\/banner-INVERSE-TRIATLON-TRIATLETAS-EN-RED-1.jpg\" alt=\"\" width=\"700\" height=\"150\" class=\"aligncenter size-full wp-image-92965\" srcset=\"https:\/\/miurltemporal.com/main/triatletasenred.sport.es\/wp-content\/uploads\/banner-INVERSE-TRIATLON-TRIATLETAS-EN-RED-1.jpg 700w, https:\/\/miurltemporal.com/main/triatletasenred.sport.es\/wp-content\/uploads\/banner-INVERSE-TRIATLON-TRIATLETAS-EN-RED-1-300x64.jpg 300w, https:\/\/miurltemporal.com/main/triatletasenred.sport.es\/wp-content\/uploads\/banner-INVERSE-TRIATLON-TRIATLETAS-EN-RED-1-696x150.jpg 696w\" sizes=\"(max-width: 700px) 100vw, 700px\" \/><\/a><\/p>\n<p><strong>UN PODCAST QUE VA M\u00c1S ALL\u00c1 DEL DEPORTE<\/strong><\/p>\n<p>Aunque Frodeno es una de las figuras m\u00e1s reconocidas del triatl\u00f3n, el nuevo formato <strong>no est\u00e1 pensado exclusivamente para hablar de deporte<\/strong>. El podcast, grabado en ingl\u00e9s y con versi\u00f3n en audio y video, har\u00e1 <strong>charlas semanales con atletas, artistas y referentes del mundo empresarial<\/strong>, todos ellos unidos por un mismo denominador, rendir al m\u00e1ximo cuando la presi\u00f3n es alta y el margen de error, m\u00ednimo.<\/p>\n<p>El episodio inaugural marca un gui\u00f1o a su pasado competitivo, con la participaci\u00f3n de un viejo rival y referente del triatl\u00f3n mundial, <strong>Alistair Brownlee<\/strong>.<\/p>\n<p><strong>LA MENTE COMO HERRAMIENTA CLAVE DEL RENDIMIENTO<\/strong><\/p>\n<p>El eje central de cada conversaci\u00f3n ser\u00e1 el <strong>trabajo mental<\/strong> detr\u00e1s del rendimiento ser\u00e1n los temas que Frodeno quiere poner sobre la mesa.<br \/>\n\u201c<em>Alcanzar el m\u00e1ximo rendimiento no consiste en eliminar el caos, sino en aprender a gestionarlo<\/em>\u201d, explica el propio Frodeno al definir el esp\u00edritu del proyecto. <\/p>\n<p>Para \u00e9l, esta capacidad no es exclusiva del deporte de alto nivel, sino que tambi\u00e9n se aplica al mundo de los negocios, la creatividad y la vida cotidiana.<\/p>\n<p><strong>EXPERIENCIAS REALES CUANDO TODO EST\u00c1 EN JUEGO<\/strong><\/p>\n<p>Seg\u00fan cuenta Frodeno, el objetivo del podcast es profundizar en las herramientas que utilizan sus invitados para <strong>transformar la presi\u00f3n en claridad para mejorar el rendimiento. <\/strong><\/p>\n<p>Lejos de discursos motivacionales vac\u00edos, Frodeno busca ejemplos concretos y experiencias reales de personas que se desempe\u00f1an en escenarios dif\u00edciles.<\/p>\n<p>\u201c<em>Me interesan las herramientas que realmente funcionan cuando todo est\u00e1 en juego<\/em>\u201d, resume el alem\u00e1n, que tras su retiro competitivo sigue explorando nuevas formas de aportar al alto rendimiento desde otro lugar.<\/p>\n<p><strong>DISPONIBLE EN LAS PRINCIPALES PLATAFORMAS<\/strong><\/p>\n<p>\u201c<strong>Frodeno Going Mental\u201d <\/strong>ya se encuentra disponible en las principales plataformas de podcast y video. Un nuevo espacio donde la experiencia de un campe\u00f3n del mundo se traslada del asfalto y la bicicleta al micr\u00f3fono, con la mente como protagonista.<\/p>\n<p><iframe title=\"&quot;Caminar no es correr&quot;: Una verdad que duele \u26a0\ufe0f con Anthonella Alarc\u00f3n\" width=\"696\" height=\"392\" src=\"https:\/\/www.youtube.com\/embed\/yCp30CnQUeE?feature=oembed\" frameborder=\"0\" allow=\"accelerometer; autoplay; clipboard-write; encrypted-media; gyroscope; picture-in-picture; web-share\" referrerpolicy=\"strict-origin-when-cross-origin\" allowfullscreen><\/iframe><\/p>\n","protected":false},"excerpt":{"rendered":"<p>El episodio inaugural marca un gui\u00f1o a su pasado competitivo, con la participaci\u00f3n de un viejo rival y referente, Alistair Brownlee.<\/p>\n","protected":false},"author":359,"featured_media":99471,"comment_status":"closed","ping_status":"open","sticky":false,"template":"","format":"standard","meta":{"_acf_changed":false,"rank_math_lock_modified_date":false,"footnotes":""},"categories":[17,10639],"tags":[],"class_list":{"0":"post-99470","1":"post","2":"type-post","3":"status-publish","4":"format-standard","5":"has-post-thumbnail","7":"category-actualidad","8":"category-portada"},"acf":[],"_links":{"self":[{"href":"https:\/\/miurltemporal.com/main/triatletasenred.sport.es\/wp-json\/wp\/v2\/posts\/99470"}],"collection":[{"href":"https:\/\/miurltemporal.com/main/triatletasenred.sport.es\/wp-json\/wp\/v2\/posts"}],"about":[{"href":"https:\/\/miurltemporal.com/main/triatletasenred.sport.es\/wp-json\/wp\/v2\/types\/post"}],"author":[{"embeddable":true,"href":"https:\/\/miurltemporal.com/main/triatletasenred.sport.es\/wp-json\/wp\/v2\/users\/359"}],"replies":[{"embeddable":true,"href":"https:\/\/miurltemporal.com/main/triatletasenred.sport.es\/wp-json\/wp\/v2\/comments?post=99470"}],"version-history":[{"count":3,"href":"https:\/\/miurltemporal.com/main/triatletasenred.sport.es\/wp-json\/wp\/v2\/posts\/99470\/revisions"}],"predecessor-version":[{"id":99474,"href":"https:\/\/miurltemporal.com/main/triatletasenred.sport.es\/wp-json\/wp\/v2\/posts\/99470\/revisions\/99474"}],"wp:featuredmedia":[{"embeddable":true,"href":"https:\/\/miurltemporal.com/main/triatletasenred.sport.es\/wp-json\/wp\/v2\/media\/99471"}],"wp:attachment":[{"href":"https:\/\/miurltemporal.com/main/triatletasenred.sport.es\/wp-json\/wp\/v2\/media?parent=99470"}],"wp:term":[{"taxonomy":"category","embeddable":true,"href":"https:\/\/miurltemporal.com/main/triatletasenred.sport.es\/wp-json\/wp\/v2\/categories?post=99470"},{"taxonomy":"post_tag","embeddable":true,"href":"https:\/\/miurltemporal.com/main/triatletasenred.sport.es\/wp-json\/wp\/v2\/tags?post=99470"}],"curies":[{"name":"wp","href":"https:\/\/api.w.org\/{rel}","templated":true}]}}