{"id":99456,"date":"2026-01-09T22:11:11","date_gmt":"2026-01-09T21:11:11","guid":{"rendered":"https:\/\/miurltemporal.com/main/triatletasenred.sport.es\/?p=99456"},"modified":"2026-01-09T22:12:55","modified_gmt":"2026-01-09T21:12:55","slug":"challenge-roth-2027-ya-tiene-fecha-confirmada","status":"publish","type":"post","link":"https:\/\/miurltemporal.com/main/triatletasenred.sport.es\/portada\/challenge-roth-2027-ya-tiene-fecha-confirmada\/","title":{"rendered":"Challenge Roth 2027 ya tiene fecha confirmada"},"content":{"rendered":"<p><strong>Challenge Roth<\/strong> vuelve a confirmar por qu\u00e9 es una de las citas m\u00e1s emblem\u00e1ticas del triatl\u00f3n mundial. La organizaci\u00f3n anunci\u00f3 hoy oficialmente la fecha de la edici\u00f3n 2027, que se disputar\u00e1 nuevamente el <strong>primer fin de semana de julio<\/strong>, un detalle clave para miles de triatletas que les gusta planificar su calendario deportivo con mucha antelaci\u00f3n.<\/p>\n<p><strong>FECHA CONFIRMADA Y UNA TRADICI\u00d3N QUE SE MANTIENE<\/strong><\/p>\n<p>La carrera <strong>se celebrar\u00e1 el 4 de julio de 2027<\/strong>, respetando su hist\u00f3rica ubicaci\u00f3n en el calendario internacional. Roth mantiene as\u00ed una tradici\u00f3n que se ha convertido en marca registrada, verano europeo, clima ideal y un entorno que respira triatl\u00f3n durante varios d\u00edas. Para muchos deportistas, esta constancia es uno de los grandes atractivos del evento.<\/p>\n<p><strong>COORDINACI\u00d3N ENTRE ORGANIZADORES PARA DAR PREVISIBILIDAD<\/strong><\/p>\n<p>La confirmaci\u00f3n temprana de la fecha no es casual. Responde a un <strong>trabajo coordinado entre los principales organizadores<\/strong> de triatl\u00f3n de larga distancia en Alemania. <\/p>\n<p>Los organizadores de <strong>Challenge e Ironman<\/strong> Alemania han consensuado una planificaci\u00f3n com\u00fan para 2027, con el objetivo de ofrecer seguridad y previsibilidad tanto a atletas como a equipos, medios de comunicaci\u00f3n, aficionados y marcas vinculadas al deporte.<\/p>\n<p>El director de carrera, <strong>Felix Walchsh\u00f6fer,<\/strong> subray\u00f3 la relevancia de este acuerdo y destac\u00f3 el valor del di\u00e1logo abierto con los responsables de Ironman, adem\u00e1s del apoyo constante de las autoridades locales que hacen posible la realizaci\u00f3n del evento a\u00f1o tras a\u00f1o.<\/p>\n<p><strong>ROTH, UNA FECHA FIRME EN EL CALENDARIO INTERNACIONAL<\/strong><\/p>\n<p>Mientras otros eventos del calendario a\u00fan ajustan fechas o atraviesan procesos de reorganizaci\u00f3n, Roth reafirma su lugar como una de las <strong>carreras m\u00e1s estables del circuito europeo y mundial<\/strong>. Esto permite a los deportistas planificar con tiempo su preparaci\u00f3n, viajes y picos de forma, algo especialmente importante en pruebas de larga distancia.<\/p>\n<p><strong>INSCRIPCIONES: FECHAS CLAVE A TENER EN CUENTA<\/strong><\/p>\n<p>La organizaci\u00f3n tambi\u00e9n confirm\u00f3 el cronograma de inscripci\u00f3n para la edici\u00f3n 2027. La inscripci\u00f3n presencial se realizar\u00e1 el<strong> 6 de julio de 2026<\/strong>, apenas un d\u00eda despu\u00e9s de la carrera de este a\u00f1o, mientras que la inscripci\u00f3n online se abrir\u00e1 el <strong>13 de julio de 2026<\/strong>. Adem\u00e1s, se repetir\u00e1 el sistema de sorteo de \u00faltimo momento para asignar las plazas que queden disponibles.<\/p>\n<p><strong>DEMANDA M\u00c1XIMA Y EXPECTATIVA EN ALZA<\/strong><\/p>\n<p>El inter\u00e9s por participar en Roth sigue siendo enorme. <strong>La edici\u00f3n 2026, que se correr\u00e1 el 5 de julio<\/strong>, agot\u00f3 todos sus dorsales en cuesti\u00f3n de segundos, un dato que habla por s\u00ed solo del prestigio de la prueba. Todo indica que 2027 no ser\u00e1 la excepci\u00f3n y que, una vez m\u00e1s, Roth volver\u00e1 a ser el gran punto de encuentro del triatl\u00f3n mundial.<\/p>\n<p><iframe title=\"&quot;Caminar no es correr&quot;: Una verdad que duele \u26a0\ufe0f con Anthonella Alarc\u00f3n\" width=\"696\" height=\"392\" src=\"https:\/\/www.youtube.com\/embed\/yCp30CnQUeE?feature=oembed\" frameborder=\"0\" allow=\"accelerometer; autoplay; clipboard-write; encrypted-media; gyroscope; picture-in-picture; web-share\" referrerpolicy=\"strict-origin-when-cross-origin\" allowfullscreen><\/iframe><\/p>\n","protected":false},"excerpt":{"rendered":"<p>La carrera se celebrar\u00e1 el 4 de julio de 2027, respetando su hist\u00f3rica ubicaci\u00f3n en el calendario internacional.<\/p>\n","protected":false},"author":359,"featured_media":99464,"comment_status":"closed","ping_status":"open","sticky":false,"template":"","format":"standard","meta":{"_acf_changed":false,"rank_math_lock_modified_date":false,"footnotes":""},"categories":[17,10639],"tags":[],"class_list":{"0":"post-99456","1":"post","2":"type-post","3":"status-publish","4":"format-standard","5":"has-post-thumbnail","7":"category-actualidad","8":"category-portada"},"acf":[],"_links":{"self":[{"href":"https:\/\/miurltemporal.com/main/triatletasenred.sport.es\/wp-json\/wp\/v2\/posts\/99456"}],"collection":[{"href":"https:\/\/miurltemporal.com/main/triatletasenred.sport.es\/wp-json\/wp\/v2\/posts"}],"about":[{"href":"https:\/\/miurltemporal.com/main/triatletasenred.sport.es\/wp-json\/wp\/v2\/types\/post"}],"author":[{"embeddable":true,"href":"https:\/\/miurltemporal.com/main/triatletasenred.sport.es\/wp-json\/wp\/v2\/users\/359"}],"replies":[{"embeddable":true,"href":"https:\/\/miurltemporal.com/main/triatletasenred.sport.es\/wp-json\/wp\/v2\/comments?post=99456"}],"version-history":[{"count":7,"href":"https:\/\/miurltemporal.com/main/triatletasenred.sport.es\/wp-json\/wp\/v2\/posts\/99456\/revisions"}],"predecessor-version":[{"id":99465,"href":"https:\/\/miurltemporal.com/main/triatletasenred.sport.es\/wp-json\/wp\/v2\/posts\/99456\/revisions\/99465"}],"wp:featuredmedia":[{"embeddable":true,"href":"https:\/\/miurltemporal.com/main/triatletasenred.sport.es\/wp-json\/wp\/v2\/media\/99464"}],"wp:attachment":[{"href":"https:\/\/miurltemporal.com/main/triatletasenred.sport.es\/wp-json\/wp\/v2\/media?parent=99456"}],"wp:term":[{"taxonomy":"category","embeddable":true,"href":"https:\/\/miurltemporal.com/main/triatletasenred.sport.es\/wp-json\/wp\/v2\/categories?post=99456"},{"taxonomy":"post_tag","embeddable":true,"href":"https:\/\/miurltemporal.com/main/triatletasenred.sport.es\/wp-json\/wp\/v2\/tags?post=99456"}],"curies":[{"name":"wp","href":"https:\/\/api.w.org\/{rel}","templated":true}]}}