{"id":99387,"date":"2026-01-03T08:39:52","date_gmt":"2026-01-03T07:39:52","guid":{"rendered":"https:\/\/miurltemporal.com/main/triatletasenred.sport.es\/?p=99387"},"modified":"2026-01-03T08:39:52","modified_gmt":"2026-01-03T07:39:52","slug":"sam-laidlow-se-plantea-empezar-2026-corriendo-el-maraton-de-barcelona","status":"publish","type":"post","link":"https:\/\/miurltemporal.com/main/triatletasenred.sport.es\/portada\/sam-laidlow-se-plantea-empezar-2026-corriendo-el-maraton-de-barcelona\/","title":{"rendered":"Sam Laidlow se plantea empezar 2026 corriendo el Marat\u00f3n de Barcelona"},"content":{"rendered":"<p>El inicio de la temporada 2026 podr\u00eda tener un protagonista inesperado. El franc\u00e9s <strong>Sam Laidlow,<\/strong> campe\u00f3n del mundo IRONMAN en 2023 y \u00faltimo ganador de Challenge Roth, ha dejado caer que podr\u00eda arrancar su temporada con <strong>un reto muy distinto a lo habitual, correr un marat\u00f3n \u201cpuro\u201d<\/strong>, sin bici ni nataci\u00f3n antes.<\/p>\n<p><strong>UN GUI\u00d1O AL MARAT\u00d3N\u2026 Y A BARCELONA<\/strong><\/p>\n<p>La idea no es casual ni improvisada, el propio Laidlow coment\u00f3 en uno de sus \u00faltimos v\u00eddeos en Youtube, que <strong>est\u00e1 valorando seriamente participar en el Marat\u00f3n de Barcelona<\/strong>, que se celebra a mediados de marzo. Ser\u00eda una forma diferente de marcarse un objetivo al inicio del a\u00f1o y, sobre todo, de comprobar hasta d\u00f3nde puede llegar corriendo solo.<\/p>\n<p>El franc\u00e9s reconoce que todav\u00eda no tiene cerrado su calendario de carreras, pero s\u00ed tiene claro que el gran objetivo sigue siendo el Campeonato del Mundo IRONMAN. Aun as\u00ed, ve este marat\u00f3n como <strong>una oportunidad para ganar confianza y ponerse a prueba lejos del formato habitual<\/strong> del triatl\u00f3n.<\/p>\n<p><strong>UN PASO L\u00d3GICO PARA UN TRIATLETA DE LARGA DISTANCIA<\/strong><\/p>\n<p>Aunque la comparaci\u00f3n con <strong>Alex Yee<\/strong> es inevitable, el caso de Laidlow es distinto. El franc\u00e9s corre un marat\u00f3n completo en cada triatl\u00f3n de larga distancia, por lo que <strong>enfrentarse a los 42 kil\u00f3metros no supondr\u00eda un salto tan radical<\/strong>, sino m\u00e1s bien un ajuste del enfoque.<br \/>\nEso s\u00ed, hacerlo en una gran ciudad y con el nivel que suele tener <strong>Barcelona<\/strong> es otro cantar. Ser\u00eda una buena referencia para medir su progreso real a pie y ver si puede dar un paso m\u00e1s en uno de los segmentos donde todav\u00eda tiene margen de mejora frente a sus grandes rivales.<\/p>\n<p><strong>LA CARRERA A PIE, SU ASIGNATURA A REFORZAR<\/strong><\/p>\n<p>En 2025, Laidlow firm\u00f3 grandes actuaciones en pruebas de larga distancia, con maratones muy s\u00f3lidos dentro de carreras exigentes. En <strong>Roth<\/strong> volvi\u00f3 por todo lo alto, en <strong>Leeds<\/strong> gan\u00f3 con autoridad y en <strong>Niza<\/strong> pele\u00f3 hasta el final en un Mundial dur\u00edsimo.<br \/>\nAun as\u00ed, \u00e9l mismo reconoce que seguir creciendo como corredor es clave si quiere volver a luchar por el t\u00edtulo mundial. Un marat\u00f3n en solitario podr\u00eda darle justo eso, <strong>ritmo, confianza y una base extra<\/strong> de cara a la parte decisiva de la temporada.<\/p>\n<p><strong>UN 2025 MARCADO POR LOS ALTIBAJOS<\/strong><\/p>\n<p>El a\u00f1o pasado no fue sencillo para el franc\u00e9s el cual tuvo que lidiar con <strong>problemas de salud que le dejaron fuera de juego<\/strong> durante buena parte de la primera mitad de la temporada, oblig\u00e1ndole a replantearse muchas cosas. <\/p>\n<p>Con el apoyo de su entorno m\u00e1s cercano, logr\u00f3 darle la vuelta a la situaci\u00f3n y acabar el a\u00f1o con victorias importantes y buenas sensaciones.<\/p>\n<p>Ahora, con la vista puesta en 2026, Laidlow parece decidido a no dar nada por hecho y a seguir buscando nuevos est\u00edmulos. El <strong>Marat\u00f3n de Barcelona<\/strong> podr\u00eda ser el primero de ellos aunque, de momento, sigue siendo una idea que deja caer, sin confirmaci\u00f3n oficial.<\/p>\n<p><strong>Habr\u00e1 que esperar<\/strong> para saber si finalmente lo vemos en la l\u00ednea de salida en marzo, pero lo que est\u00e1 claro es que el franc\u00e9s no tiene intenci\u00f3n de empezar la temporada de manera conservadora.<\/p>\n<p><iframe title=\"Premios Triatl\u00f3n en Vena 2025 | Estos han sido vuestros favoritos\" width=\"696\" height=\"392\" src=\"https:\/\/www.youtube.com\/embed\/BH76IDFbZk0?feature=oembed\" frameborder=\"0\" allow=\"accelerometer; autoplay; clipboard-write; encrypted-media; gyroscope; picture-in-picture; web-share\" referrerpolicy=\"strict-origin-when-cross-origin\" allowfullscreen><\/iframe><\/p>\n","protected":false},"excerpt":{"rendered":"<p>El franc\u00e9s ve este marat\u00f3n como una oportunidad para ganar confianza y ponerse a prueba lejos del formato habitual del triatl\u00f3n.<\/p>\n","protected":false},"author":359,"featured_media":94617,"comment_status":"closed","ping_status":"open","sticky":false,"template":"","format":"standard","meta":{"_acf_changed":false,"rank_math_lock_modified_date":false,"footnotes":""},"categories":[17,10639],"tags":[],"class_list":{"0":"post-99387","1":"post","2":"type-post","3":"status-publish","4":"format-standard","5":"has-post-thumbnail","7":"category-actualidad","8":"category-portada"},"acf":[],"_links":{"self":[{"href":"https:\/\/miurltemporal.com/main/triatletasenred.sport.es\/wp-json\/wp\/v2\/posts\/99387"}],"collection":[{"href":"https:\/\/miurltemporal.com/main/triatletasenred.sport.es\/wp-json\/wp\/v2\/posts"}],"about":[{"href":"https:\/\/miurltemporal.com/main/triatletasenred.sport.es\/wp-json\/wp\/v2\/types\/post"}],"author":[{"embeddable":true,"href":"https:\/\/miurltemporal.com/main/triatletasenred.sport.es\/wp-json\/wp\/v2\/users\/359"}],"replies":[{"embeddable":true,"href":"https:\/\/miurltemporal.com/main/triatletasenred.sport.es\/wp-json\/wp\/v2\/comments?post=99387"}],"version-history":[{"count":3,"href":"https:\/\/miurltemporal.com/main/triatletasenred.sport.es\/wp-json\/wp\/v2\/posts\/99387\/revisions"}],"predecessor-version":[{"id":99390,"href":"https:\/\/miurltemporal.com/main/triatletasenred.sport.es\/wp-json\/wp\/v2\/posts\/99387\/revisions\/99390"}],"wp:featuredmedia":[{"embeddable":true,"href":"https:\/\/miurltemporal.com/main/triatletasenred.sport.es\/wp-json\/wp\/v2\/media\/94617"}],"wp:attachment":[{"href":"https:\/\/miurltemporal.com/main/triatletasenred.sport.es\/wp-json\/wp\/v2\/media?parent=99387"}],"wp:term":[{"taxonomy":"category","embeddable":true,"href":"https:\/\/miurltemporal.com/main/triatletasenred.sport.es\/wp-json\/wp\/v2\/categories?post=99387"},{"taxonomy":"post_tag","embeddable":true,"href":"https:\/\/miurltemporal.com/main/triatletasenred.sport.es\/wp-json\/wp\/v2\/tags?post=99387"}],"curies":[{"name":"wp","href":"https:\/\/api.w.org\/{rel}","templated":true}]}}