{"id":99268,"date":"2025-12-23T02:48:28","date_gmt":"2025-12-23T01:48:28","guid":{"rendered":"https:\/\/miurltemporal.com/main/triatletasenred.sport.es\/?p=99268"},"modified":"2025-12-23T20:04:09","modified_gmt":"2025-12-23T19:04:09","slug":"challenge-family-presenta-sus-datos-2025-con-gran-satisfaccion","status":"publish","type":"post","link":"https:\/\/miurltemporal.com/main/triatletasenred.sport.es\/portada\/challenge-family-presenta-sus-datos-2025-con-gran-satisfaccion\/","title":{"rendered":"Challenge Family presenta sus datos 2025 con gran satisfacci\u00f3n"},"content":{"rendered":"<p>La <strong>temporada 2025<\/strong> deja buenas sensaciones dentro de <strong>Challenge Family.<\/strong> El circuito cerr\u00f3 el a\u00f1o con m\u00e1s pruebas, m\u00e1s participaci\u00f3n y una apuesta clara por mantener su identidad en un momento en el que el triatl\u00f3n vive muchos cambios.<br \/>\nEn total, la franquicia organiz\u00f3 <strong>32 eventos en todo el mundo<\/strong>, incorporando nuevas sedes y logrando un <strong>aumento del 18 % en el n\u00famero de inscritos<\/strong> respecto a 2024. <\/p>\n<p><a href=\"https:\/\/www.inverseteams.com\/es\/?srsltid=AfmBOopcdN5zEVSQJD3fkV4Je_gbxU0qOyVuAnS_htxK60krBL72wKdR\" rel=\"nofollow noopener\" target=\"_blank\"><img fetchpriority=\"high\" decoding=\"async\" src=\"https:\/\/miurltemporal.com/main/triatletasenred.sport.es\/wp-content\/uploads\/banner-INVERSE-TRIATLON-TRIATLETAS-EN-RED-1.jpg\" alt=\"\" width=\"700\" height=\"150\" class=\"aligncenter size-full wp-image-92965\" srcset=\"https:\/\/miurltemporal.com/main/triatletasenred.sport.es\/wp-content\/uploads\/banner-INVERSE-TRIATLON-TRIATLETAS-EN-RED-1.jpg 700w, https:\/\/miurltemporal.com/main/triatletasenred.sport.es\/wp-content\/uploads\/banner-INVERSE-TRIATLON-TRIATLETAS-EN-RED-1-300x64.jpg 300w, https:\/\/miurltemporal.com/main/triatletasenred.sport.es\/wp-content\/uploads\/banner-INVERSE-TRIATLON-TRIATLETAS-EN-RED-1-696x150.jpg 696w\" sizes=\"(max-width: 700px) 100vw, 700px\" \/><\/a><strong><br \/>\nUN A\u00d1O CON ESCENARIOS DIFERENTES<\/strong><\/p>\n<p>Si algo dej\u00f3 claro 2025 es la variedad de experiencias dentro del calendario de Challenge.  Hubo pruebas con tradici\u00f3n y foco medi\u00e1tico, como<strong> Challenge Roth<\/strong>, donde volvi\u00f3 a brillar <strong>Sam Laidlow<\/strong>, y otras que destacaron por su entorno o formato.<br \/>\nCarreras como Challenge Sir Bani Yas ofrecieron recorridos muy distintos a lo habitual, mientras que Challenge Almere-Amsterdam dej\u00f3 uno de los desenlaces m\u00e1s ajustados de la temporada.<br \/>\n<strong><br \/>\nM\u00c1S MUJERES Y M\u00c1S J\u00d3VENES EN LA SALIDA<\/strong><\/p>\n<p>Uno de los cambios m\u00e1s visibles del a\u00f1o estuvo en el perfil de los triatletas. La presencia femenina sigui\u00f3 creciendo en todo el circuito y alcanz\u00f3 cifras especialmente altas <strong>en The Championship, donde las mujeres representaron el 37 % del total.<\/strong><br \/>\nTambi\u00e9n se not\u00f3 un relevo generacional cada vez m\u00e1s claro. La llegada de atletas j\u00f3venes se vio impulsada por una iniciativa de Challenge que ofrec\u00eda <strong>precios reducidos a estudiantes de entre 17 y 23 a\u00f1os,<\/strong> facilitando el acceso a quienes dan sus primeros pasos en la media y larga distancia.<\/p>\n<p><strong>MANTENER PRECIOS Y CUIDAR EL AMBIENTE<\/strong><\/p>\n<p>A pesar del aumento general de costes en el deporte, <strong>Challenge Family opt\u00f3 por no disparar el precio de las inscripciones<\/strong>, manteni\u00e9ndolas por debajo de la media del mercado, una decisi\u00f3n que tuvo buena respuesta entre los participantes.<br \/>\nAdem\u00e1s, muchos eventos conservaron elementos que ya son se\u00f1a de identidad de la marca, como las fiestas de bienvenida, pensadas para crear comunidad y no limitar el fin de semana solo a competir.<\/p>\n<p><strong>UN CIRCUITO QUE TAMBI\u00c9N PIENSA POR DENTRO<\/strong><\/p>\n<p>El trabajo de 2025 no se qued\u00f3 solo en lo visible ya que, a nivel interno, la organizaci\u00f3n reforz\u00f3 la coordinaci\u00f3n entre pruebas con una<strong> reuni\u00f3n anual de directores en \u0160amor\u00edn<\/strong>, centrada en mejorar procesos, compartir experiencias y unificar est\u00e1ndares.<br \/>\nTambi\u00e9n se aument\u00f3 la inversi\u00f3n en comunicaci\u00f3n y control de calidad, buscando que el nivel de las carreras sea m\u00e1s homog\u00e9neo en todo el calendario internacional.<br \/>\n<strong><br \/>\nOPORTUNIDADES PARA NUEVOS NOMBRES\u2026 Y PARA LOS DE SIEMPRE<\/strong><\/p>\n<p>El circuito volvi\u00f3 a servir como plataforma tanto para atletas emergentes como para figuras consolidadas. Varios profesionales lograron en 2025 sus primeras victorias, mientras que nombres reconocidos como <strong>Frederic Funk, Vincent Luis o Laura Philipp <\/strong>siguieron sumando protagonismo.<br \/>\nEn Challenge Almere-Amsterdam, <strong>Will Draper y Daisy Davies<\/strong> se llevaron el t\u00edtulo europeo de larga distancia, reforzando el peso competitivo del circuito.<\/p>\n<p>M<strong>IRANDO YA A 2026<\/strong><br \/>\n<strong><br \/>\nCon el cierre de la temporada, Challenge Family<\/strong> ya trabaja en el pr\u00f3ximo a\u00f1o. El calendario incluir\u00e1 ediciones conmemorativas, una <strong>nueva prueba de larga distancia en Qu\u00e9bec<\/strong> y mejoras en la experiencia. La idea es clara, seguir creciendo, pero sin perder el trato cercano, la variedad de escenarios y el ambiente que muchos triatletas asocian al sello Challenge.<\/p>\n<div class=\"youtube-embed\" data-video_id=\"hSTsix0RQDg\"><iframe title=\"La cara B del boom del running | Mirando a Barcelona\" width=\"696\" height=\"392\" src=\"https:\/\/www.youtube.com\/embed\/hSTsix0RQDg?feature=oembed&#038;enablejsapi=1\" frameborder=\"0\" allow=\"accelerometer; autoplay; clipboard-write; encrypted-media; gyroscope; picture-in-picture; web-share\" referrerpolicy=\"strict-origin-when-cross-origin\" allowfullscreen><\/iframe><\/div>\n","protected":false},"excerpt":{"rendered":"<p>El circuito cerr\u00f3 el a\u00f1o con m\u00e1s pruebas, m\u00e1s participaci\u00f3n y una apuesta clara por mantener su identidad.<\/p>\n","protected":false},"author":359,"featured_media":98401,"comment_status":"closed","ping_status":"open","sticky":false,"template":"","format":"standard","meta":{"_acf_changed":false,"rank_math_lock_modified_date":false,"footnotes":""},"categories":[17,10639],"tags":[],"class_list":{"0":"post-99268","1":"post","2":"type-post","3":"status-publish","4":"format-standard","5":"has-post-thumbnail","7":"category-actualidad","8":"category-portada"},"acf":[],"_links":{"self":[{"href":"https:\/\/miurltemporal.com/main/triatletasenred.sport.es\/wp-json\/wp\/v2\/posts\/99268"}],"collection":[{"href":"https:\/\/miurltemporal.com/main/triatletasenred.sport.es\/wp-json\/wp\/v2\/posts"}],"about":[{"href":"https:\/\/miurltemporal.com/main/triatletasenred.sport.es\/wp-json\/wp\/v2\/types\/post"}],"author":[{"embeddable":true,"href":"https:\/\/miurltemporal.com/main/triatletasenred.sport.es\/wp-json\/wp\/v2\/users\/359"}],"replies":[{"embeddable":true,"href":"https:\/\/miurltemporal.com/main/triatletasenred.sport.es\/wp-json\/wp\/v2\/comments?post=99268"}],"version-history":[{"count":10,"href":"https:\/\/miurltemporal.com/main/triatletasenred.sport.es\/wp-json\/wp\/v2\/posts\/99268\/revisions"}],"predecessor-version":[{"id":99285,"href":"https:\/\/miurltemporal.com/main/triatletasenred.sport.es\/wp-json\/wp\/v2\/posts\/99268\/revisions\/99285"}],"wp:featuredmedia":[{"embeddable":true,"href":"https:\/\/miurltemporal.com/main/triatletasenred.sport.es\/wp-json\/wp\/v2\/media\/98401"}],"wp:attachment":[{"href":"https:\/\/miurltemporal.com/main/triatletasenred.sport.es\/wp-json\/wp\/v2\/media?parent=99268"}],"wp:term":[{"taxonomy":"category","embeddable":true,"href":"https:\/\/miurltemporal.com/main/triatletasenred.sport.es\/wp-json\/wp\/v2\/categories?post=99268"},{"taxonomy":"post_tag","embeddable":true,"href":"https:\/\/miurltemporal.com/main/triatletasenred.sport.es\/wp-json\/wp\/v2\/tags?post=99268"}],"curies":[{"name":"wp","href":"https:\/\/api.w.org\/{rel}","templated":true}]}}