{"id":99260,"date":"2025-12-22T12:55:02","date_gmt":"2025-12-22T11:55:02","guid":{"rendered":"https:\/\/miurltemporal.com/main/triatletasenred.sport.es\/?p=99260"},"modified":"2025-12-22T12:24:59","modified_gmt":"2025-12-22T11:24:59","slug":"izan-edo-en-2025-he-conseguido-objetivos-inimaginables-a-principios-de-ano","status":"publish","type":"post","link":"https:\/\/miurltemporal.com/main/triatletasenred.sport.es\/actualidad\/izan-edo-en-2025-he-conseguido-objetivos-inimaginables-a-principios-de-ano\/","title":{"rendered":"Izan Edo: &#8220;En 2025 he conseguido objetivos inimaginables a principios de a\u00f1o&#8221;"},"content":{"rendered":"<p>El joven triatleta repasa su trayectoria y nos habla de sue\u00f1os tachados, de sus nuevos retos o de la importancia de Roberto Cejuela y la UA en su \u00e9xito.<\/p>\n<p><a href=\"https:\/\/tidd.ly\/41mq8KP\" rel=\"nofollow noopener\" target=\"_blank\"><img fetchpriority=\"high\" decoding=\"async\" class=\"alignnone size-full wp-image-96562\" src=\"https:\/\/miurltemporal.com/main/triatletasenred.sport.es\/wp-content\/uploads\/HOKA_700x100px_RocketX3.jpg\" alt=\"\" width=\"700\" height=\"100\" srcset=\"https:\/\/miurltemporal.com/main/triatletasenred.sport.es\/wp-content\/uploads\/HOKA_700x100px_RocketX3.jpg 700w, https:\/\/miurltemporal.com/main/triatletasenred.sport.es\/wp-content\/uploads\/HOKA_700x100px_RocketX3-300x43.jpg 300w, https:\/\/miurltemporal.com/main/triatletasenred.sport.es\/wp-content\/uploads\/HOKA_700x100px_RocketX3-696x100.jpg 696w\" sizes=\"(max-width: 700px) 100vw, 700px\" \/><\/a><\/p>\n<p><strong>Izan Edo<\/strong> (2005) afrontaba este curso el importante reto de saltar a categor\u00eda sub-23 y el turolense respond\u00eda a las expectativas generadas sobre \u00e9l con un rendimiento acorde a ellas tanto en el \u00e1mbito nacional &#8211; donde consegu\u00eda la plata absoluta y oro sub-23 en el \u00a0Campeonato de Espa\u00f1a de Triatl\u00f3n Ol\u00edmpico 2025 &#8211; como en el internacional donde sorprend\u00eda a todos con su <a href=\"https:\/\/miurltemporal.com/main/triatletasenred.sport.es\/actualidad\/izan-edo-plata-en-roma\/\">primer podio en Copa del Mundo<\/a>.<\/p>\n<h4><em><strong>&#8220;CEJUELA ES EL ART\u00cdFICE DE MI \u00c9XITO&#8221;<\/strong><\/em><\/h4>\n<hr \/>\n<h5><strong>Izan \u00bfC\u00f3mo valoras la temporada?<\/strong><\/h5>\n<p>Muy positivamente, creo que he dado un gran paso adelante en muchos aspectos, tanto a nivel f\u00edsico como mental. Creo que me he vuelto un triatleta mucho m\u00e1s completo, mejorando la nataci\u00f3n y reforzando la bici y la carrera a pie. Y, creo que, todo esto se ha visto reflejado en la mayor\u00eda de las carreras, al final he podido conseguir una regularidad muy buena.<\/p>\n<h5><strong>Tu adaptaci\u00f3n a la categor\u00eda ha sido muy buena \u00bfa qu\u00e9 crees que se debe?<\/strong><\/h5>\n<p>Creo que ha sido gracias a Rober (Roberto Cejuela). \u00c9l es el art\u00edfice de todo esto. Lo primero, es el responsable del plan que hace que rindamos tan bien, pero, adem\u00e1s, gracias a \u00e9l, cuando el a\u00f1o pasado cuando no fui seleccionado al Mundial Junior, recuper\u00e9 esa motivaci\u00f3n cuando me propuso debutar en una Copa del Mundo. Creo que esa confianza que deposita en m\u00ed ha hecho que tambi\u00e9n me crea que puedo estar luchando por todo.<\/p>\n<h5><strong>\u00bfCrees que el grupo de entrenamientos hace que os empuj\u00e9is unos a otros para llevaros al siguiente nivel?<\/strong><\/h5>\n<p>Sin duda. Al final nosotros m\u00e1s que compa\u00f1eros somos amigos, y creo que eso se ve reflejado en el d\u00eda a d\u00eda. Si alguno por cualquier cosa tiene un mal d\u00eda, siempre va a tener a alguien al lado para que le motive y le ayude en todo lo que necesite y no solo a nivel de entrenamientos. Creo que eso tambi\u00e9n es la clave de todos los resultados.<\/p>\n<h5><strong>\u00bfC\u00f3mo es vivir en Alicante y entrenar con la UA (Universidad de Alicante Triatl\u00f3)?<\/strong><\/h5>\n<p>Sinceramente, un lujo. Creo que pocos sitios hay parecidos a Alicante para entrenar, el apoyo que nos da la universidad, todas las instalaciones, las carreteras, el mar\u2026 ayudan a que sea el sitio perfecto para poder trabajar.<\/p>\n<h5><strong>\u00bfC\u00f3mo consideras que ha sido tu progresi\u00f3n estos \u00faltimos a\u00f1os?<\/strong><\/h5>\n<p>Ha sido despacito y con buena letra. Desde mi primer campeonato de Espa\u00f1a de Duatl\u00f3n que qued\u00e9 el cuadrag\u00e9simo sexto hasta ahora he ido entrenando cada vez m\u00e1s pero muy progresivamente, y al final cuando llegu\u00e9 aqu\u00ed a Alicante, creo que ten\u00eda mucho margen de mejora porque no hab\u00eda entrenado pr\u00e1cticamente.<\/p>\n<h5><strong>\u00bfHas logrado alg\u00fan tipo de ayuda gracias a tus grandes resultados?<\/strong><\/h5>\n<p>S\u00ed, este a\u00f1o he contado con la ayuda de Coros, Austral, la Villa Universitaria \u2013 que es la residencia de estudiantes en la que estoy viviendo \u2013 y Crown. La verdad que todos ellos han sido de gran ayuda y han hecho que pueda centrarme un poco m\u00e1s en entrenar. Adem\u00e1s, que unas marcas como esas conf\u00eden en ti da un extra de motivaci\u00f3n muy valioso.<\/p>\n<blockquote><p><em><strong>&#8220;EL PODIO EN LA COPA DEL MUNDO DE ROMA ES ALGO QUE A PRINCIPIOS DE CURSO ERA UN SUE\u00d1O&#8221;<\/strong><\/em><\/p><\/blockquote>\n<h5><strong>\u00bfHas tachado los objetivos que te propusiste para el inicio de la temporada?<\/strong><\/h5>\n<p>Creo que he conseguido algunos que no llegaba a imaginar. El segundo puesto en la Copa del Mundo de Roma es algo que a principio de temporada era un sue\u00f1o.<\/p>\n<h5><strong>\u00bfQu\u00e9 sentiste al lograr tu primer podio en Copa del Mundo?<\/strong><\/h5>\n<p>Fue algo incre\u00edble, cuando cruc\u00e9 la l\u00ednea de meta no me lo cre\u00eda. Sinceramente sab\u00eda que estaba para hacerlo muy bien, pero una cosa es pensarlo y otra conseguirlo.<\/p>\n<h5><strong>\u00bfTe vas a focalizar en alguna disciplina \/ aspecto en concreto de cara a la temporada que viene?<\/strong><\/h5>\n<p>Al final creo que tengo margen de mejora en todas las disciplinas, por lo que seguiremos el m\u00e9todo de trabajo de estos \u00faltimos dos a\u00f1os y Rober ir\u00e1 marcando lo que hay que hacer en cada momento. Pero en la que s\u00e9 que tengo que poner m\u00e1s atenci\u00f3n y estar m\u00e1s centrado es en la nataci\u00f3n.<\/p>\n<h4><em><strong>&#8220;EL NIVEL DE LOS ESPA\u00d1OLES EN LAS COPAS DEL MUNDO ES UNA GRAN NOTICIA&#8221;<\/strong><\/em><\/h4>\n<hr \/>\n<h5><strong>\u00bfC\u00f3mo ves el triatl\u00f3n a nivel nacional e internacional?<\/strong><\/h5>\n<p>A nivel internacional creo que hay una igualdad tremenda. En las \u00faltimas Copas del Mundo que he disputado, hemos entrado a meta luchando por el p\u00f3dium varias personas, donde los peque\u00f1os detalles cada vez cuentan m\u00e1s. A nivel nacional tambi\u00e9n creo que hay mucha igualdad, y se ha visto en estas \u00faltimas Copas del Mundo donde muchos espa\u00f1oles hemos estado delante disputando los puestos de honor. Creo que eso es una gran noticia.<\/p>\n<h5><strong>\u00bfCu\u00e1les son los objetivos de cara a la temporada que viene?<\/strong><\/h5>\n<p>En principio, el gran objetivo ser\u00e1 el Mundial Sub23, y tambi\u00e9n me gustar\u00eda comenzar a ser competitivo en Series Mundiales y luchar por m\u00e1s p\u00f3diums en Copas del Mundo.<\/p>\n<h5><strong>\u00bfD\u00f3nde te ves en un futuro pr\u00f3ximo con el triatl\u00f3n?<\/strong><\/h5>\n<p>Entrenando en Alicante, sin duda, e intentando progresar y hacerme un hueco a nivel internacional.<\/p>\n<p><iframe title=\"\u00bfEst\u00e1s preparado para correr una marat\u00f3n? Las claves de Marc Ba\u00f1uls\" width=\"696\" height=\"392\" src=\"https:\/\/www.youtube.com\/embed\/_p6BDCwealI?feature=oembed\" frameborder=\"0\" allow=\"accelerometer; autoplay; clipboard-write; encrypted-media; gyroscope; picture-in-picture; web-share\" referrerpolicy=\"strict-origin-when-cross-origin\" allowfullscreen><\/iframe><\/p>\n","protected":false},"excerpt":{"rendered":"<p>El joven triatleta repasa su trayectoria y nos habla de sue\u00f1os tachados, de sus nuevos retos o de la importancia de Roberto Cejuela y la UA en su \u00e9xito.<\/p>\n","protected":false},"author":361,"featured_media":99262,"comment_status":"closed","ping_status":"open","sticky":false,"template":"","format":"standard","meta":{"_acf_changed":false,"rank_math_lock_modified_date":false,"footnotes":""},"categories":[17,10,10639],"tags":[2533,11929,6464,11999],"class_list":{"0":"post-99260","1":"post","2":"type-post","3":"status-publish","4":"format-standard","5":"has-post-thumbnail","7":"category-actualidad","8":"category-entrevistas-triatlon","9":"category-portada","10":"tag-copa-del-mundo","11":"tag-izan-edo","12":"tag-roberto-cejuela","13":"tag-ua-triatlo"},"acf":[],"_links":{"self":[{"href":"https:\/\/miurltemporal.com/main/triatletasenred.sport.es\/wp-json\/wp\/v2\/posts\/99260"}],"collection":[{"href":"https:\/\/miurltemporal.com/main/triatletasenred.sport.es\/wp-json\/wp\/v2\/posts"}],"about":[{"href":"https:\/\/miurltemporal.com/main/triatletasenred.sport.es\/wp-json\/wp\/v2\/types\/post"}],"author":[{"embeddable":true,"href":"https:\/\/miurltemporal.com/main/triatletasenred.sport.es\/wp-json\/wp\/v2\/users\/361"}],"replies":[{"embeddable":true,"href":"https:\/\/miurltemporal.com/main/triatletasenred.sport.es\/wp-json\/wp\/v2\/comments?post=99260"}],"version-history":[{"count":1,"href":"https:\/\/miurltemporal.com/main/triatletasenred.sport.es\/wp-json\/wp\/v2\/posts\/99260\/revisions"}],"predecessor-version":[{"id":99264,"href":"https:\/\/miurltemporal.com/main/triatletasenred.sport.es\/wp-json\/wp\/v2\/posts\/99260\/revisions\/99264"}],"wp:featuredmedia":[{"embeddable":true,"href":"https:\/\/miurltemporal.com/main/triatletasenred.sport.es\/wp-json\/wp\/v2\/media\/99262"}],"wp:attachment":[{"href":"https:\/\/miurltemporal.com/main/triatletasenred.sport.es\/wp-json\/wp\/v2\/media?parent=99260"}],"wp:term":[{"taxonomy":"category","embeddable":true,"href":"https:\/\/miurltemporal.com/main/triatletasenred.sport.es\/wp-json\/wp\/v2\/categories?post=99260"},{"taxonomy":"post_tag","embeddable":true,"href":"https:\/\/miurltemporal.com/main/triatletasenred.sport.es\/wp-json\/wp\/v2\/tags?post=99260"}],"curies":[{"name":"wp","href":"https:\/\/api.w.org\/{rel}","templated":true}]}}