{"id":99232,"date":"2025-12-19T07:31:49","date_gmt":"2025-12-19T06:31:49","guid":{"rendered":"https:\/\/miurltemporal.com/main/triatletasenred.sport.es\/?p=99232"},"modified":"2025-12-19T07:31:49","modified_gmt":"2025-12-19T06:31:49","slug":"copa-del-mundo-lanzarote-2026","status":"publish","type":"post","link":"https:\/\/miurltemporal.com/main/triatletasenred.sport.es\/actualidad\/copa-del-mundo-lanzarote-2026\/","title":{"rendered":"Lanzarote vuelve al primer plano internacional: Costa Teguise acoger\u00e1 una Copa del Mundo en 2026"},"content":{"rendered":"<p data-start=\"322\" data-end=\"634\">World Triathlon ya ha hecho oficial el calendario internacional de competiciones para la temporada 2026 y hay una noticia que coloca de nuevo a Espa\u00f1a \u2014y especialmente a Lanzarote\u2014 en el centro del mapa del triatl\u00f3n mundial: <strong data-start=\"547\" data-end=\"633\">Costa Teguise acoger\u00e1 una Copa del Mundo de Triatl\u00f3n el s\u00e1bado 14 de marzo de 2026<\/strong>.<\/p>\n<p data-start=\"636\" data-end=\"1001\">La prueba formar\u00e1 parte del circuito oficial de Copas del Mundo de World Triathlon y se disputar\u00e1 en uno de los momentos clave del a\u00f1o, coincidiendo con el arranque de la temporada internacional. Una fecha estrat\u00e9gica tanto para los grandes nombres del circuito como para los triatletas que buscan puntos, ritmo de competici\u00f3n y sensaciones reales tras el invierno.<\/p>\n<h3 data-start=\"1003\" data-end=\"1058\">Lanzarote, un escenario con historia en el triatl\u00f3n<\/h3>\n<p data-start=\"1060\" data-end=\"1547\">Hablar de triatl\u00f3n y Lanzarote es hacerlo de uno de los territorios con mayor tradici\u00f3n de este deporte a nivel mundial. A su climatolog\u00eda estable, sus carreteras exigentes y sus condiciones ideales para entrenar se suma <strong data-start=\"1281\" data-end=\"1349\">una historia profundamente ligada al triatl\u00f3n de larga distancia<\/strong>, con una de las pruebas m\u00e1s ic\u00f3nicas del calendario internacional: el <strong data-start=\"1420\" data-end=\"1455\">Club La Santa IRONMAN Lanzarote<\/strong>, considerado desde hace d\u00e9cadas como uno de los IRONMAN m\u00e1s duros y emblem\u00e1ticos del mundo.<\/p>\n<p data-start=\"1549\" data-end=\"1756\">La llegada ahora de una Copa del Mundo refuerza ese v\u00ednculo hist\u00f3rico de la isla con el triatl\u00f3n, ampliando su peso no solo en la larga distancia, sino tambi\u00e9n en el alto nivel ol\u00edmpico y de corta distancia.<\/p>\n<h3 data-start=\"1758\" data-end=\"1815\">Costa Teguise entra en el circuito de Copas del Mundo<\/h3>\n<p data-start=\"1817\" data-end=\"2289\">Que Lanzarote \u2014y en concreto Costa Teguise\u2014 se incorpore al calendario de Copas del Mundo no es casual. World Triathlon apuesta por sedes contrastadas, capaces de ofrecer competiciones atractivas tanto para los atletas como para el p\u00fablico, y la isla cumple con creces ese perfil. Para muchos triatletas, adem\u00e1s, ser\u00e1 una oportunidad de competir en un entorno que conocen bien por haber sido base habitual de entrenamientos y concentraciones durante los meses de invierno.<\/p>\n<p data-start=\"2291\" data-end=\"2588\">Situada en una fase temprana de la temporada, la Copa del Mundo de Lanzarote Costa Teguise se presenta como una prueba especialmente interesante: primeras referencias reales del estado de forma, primeros duelos internacionales y un escenario ideal para medir fuerzas tras los meses de preparaci\u00f3n.<\/p>\n<h3 data-start=\"2590\" data-end=\"2648\">Espa\u00f1a, protagonista del calendario internacional 2026<\/h3>\n<p data-start=\"2650\" data-end=\"2874\">M\u00e1s all\u00e1 de Lanzarote, <strong data-start=\"2673\" data-end=\"2786\">Espa\u00f1a volver\u00e1 a ser uno de los pa\u00edses con mayor presencia en el calendario internacional de triatl\u00f3n en 2026<\/strong>, acogiendo pruebas de primer nivel tanto de World Triathlon como de European Triathlon.<\/p>\n<h4 data-start=\"2876\" data-end=\"2920\">Competiciones World Triathlon en Espa\u00f1a<\/h4>\n<ul data-start=\"2921\" data-end=\"3186\">\n<li data-start=\"2921\" data-end=\"3002\">\n<p data-start=\"2923\" data-end=\"3002\"><strong data-start=\"2923\" data-end=\"2979\">Copa del Mundo de Triatl\u00f3n \u2013 Lanzarote Costa Teguise<\/strong>: 14 de marzo de 2026<\/p>\n<\/li>\n<li data-start=\"3003\" data-end=\"3095\">\n<p data-start=\"3005\" data-end=\"3095\"><strong data-start=\"3005\" data-end=\"3064\">World Triathlon Championship Series (WTCS) \u2013 Pontevedra<\/strong>: 24\u201327 de septiembre de 2026<\/p>\n<\/li>\n<li data-start=\"3096\" data-end=\"3186\">\n<p data-start=\"3098\" data-end=\"3186\"><strong data-start=\"3098\" data-end=\"3155\">World Triathlon Para World Championships \u2013 Pontevedra<\/strong>: 25\u201327 de septiembre de 2026<\/p>\n<\/li>\n<\/ul>\n<h4 data-start=\"3188\" data-end=\"3235\">Competiciones European Triathlon en Espa\u00f1a<\/h4>\n<ul data-start=\"3236\" data-end=\"3864\">\n<li data-start=\"3236\" data-end=\"3390\">\n<p data-start=\"3238\" data-end=\"3312\"><strong data-start=\"3238\" data-end=\"3286\">Campeonato de Europa de Triatl\u00f3n \u2013 Tarragona<\/strong>: 13\u201314 de junio de 2026<\/p>\n<\/li>\n<li data-start=\"3392\" data-end=\"3595\">\n<p data-start=\"3394\" data-end=\"3476\"><strong data-start=\"3394\" data-end=\"3450\">Europe Triathlon Multisport Championships \u2013 Banyoles<\/strong>: 11\u201319 de julio de 2026<\/p>\n<\/li>\n<li data-start=\"3597\" data-end=\"3677\">\n<p data-start=\"3599\" data-end=\"3677\"><strong data-start=\"3599\" data-end=\"3649\">Europe Triathlon Youth Championships \u2013 Melilla<\/strong>: 17\u201318 de octubre de 2026<\/p>\n<\/li>\n<li data-start=\"3678\" data-end=\"3742\">\n<p data-start=\"3680\" data-end=\"3742\"><strong data-start=\"3680\" data-end=\"3719\">Europe Triathlon Cup \u2013 Torremolinos<\/strong>: 25 de abril de 2026<\/p>\n<\/li>\n<li data-start=\"3743\" data-end=\"3801\">\n<p data-start=\"3745\" data-end=\"3801\"><strong data-start=\"3745\" data-end=\"3777\">Europe Triathlon Cup \u2013 Ceuta<\/strong>: 4 de octubre de 2026<\/p>\n<\/li>\n<li data-start=\"3802\" data-end=\"3864\">\n<p data-start=\"3804\" data-end=\"3864\"><strong data-start=\"3804\" data-end=\"3839\">Europe Triathlon Cup \u2013 Tenerife<\/strong>: 11 de octubre de 2026<\/p>\n<\/li>\n<\/ul>\n<p data-start=\"3866\" data-end=\"4047\">Un calendario que confirma, una vez m\u00e1s, <strong data-start=\"3907\" data-end=\"3993\">el papel de Espa\u00f1a como uno de los grandes referentes internacionales del triatl\u00f3n<\/strong>, con presencia en todas las disciplinas y categor\u00edas<\/p>\n","protected":false},"excerpt":{"rendered":"<p>La prueba formar\u00e1 parte del circuito oficial de Copas del Mundo de World Triathlon y se disputar\u00e1 en uno de los momentos clave del a\u00f1o, coincidiendo con el arranque de la temporada internacional<\/p>\n","protected":false},"author":2,"featured_media":99233,"comment_status":"closed","ping_status":"open","sticky":false,"template":"","format":"standard","meta":{"_acf_changed":false,"rank_math_lock_modified_date":false,"footnotes":""},"categories":[17],"tags":[],"class_list":{"0":"post-99232","1":"post","2":"type-post","3":"status-publish","4":"format-standard","5":"has-post-thumbnail","7":"category-actualidad"},"acf":[],"_links":{"self":[{"href":"https:\/\/miurltemporal.com/main/triatletasenred.sport.es\/wp-json\/wp\/v2\/posts\/99232"}],"collection":[{"href":"https:\/\/miurltemporal.com/main/triatletasenred.sport.es\/wp-json\/wp\/v2\/posts"}],"about":[{"href":"https:\/\/miurltemporal.com/main/triatletasenred.sport.es\/wp-json\/wp\/v2\/types\/post"}],"author":[{"embeddable":true,"href":"https:\/\/miurltemporal.com/main/triatletasenred.sport.es\/wp-json\/wp\/v2\/users\/2"}],"replies":[{"embeddable":true,"href":"https:\/\/miurltemporal.com/main/triatletasenred.sport.es\/wp-json\/wp\/v2\/comments?post=99232"}],"version-history":[{"count":2,"href":"https:\/\/miurltemporal.com/main/triatletasenred.sport.es\/wp-json\/wp\/v2\/posts\/99232\/revisions"}],"predecessor-version":[{"id":99235,"href":"https:\/\/miurltemporal.com/main/triatletasenred.sport.es\/wp-json\/wp\/v2\/posts\/99232\/revisions\/99235"}],"wp:featuredmedia":[{"embeddable":true,"href":"https:\/\/miurltemporal.com/main/triatletasenred.sport.es\/wp-json\/wp\/v2\/media\/99233"}],"wp:attachment":[{"href":"https:\/\/miurltemporal.com/main/triatletasenred.sport.es\/wp-json\/wp\/v2\/media?parent=99232"}],"wp:term":[{"taxonomy":"category","embeddable":true,"href":"https:\/\/miurltemporal.com/main/triatletasenred.sport.es\/wp-json\/wp\/v2\/categories?post=99232"},{"taxonomy":"post_tag","embeddable":true,"href":"https:\/\/miurltemporal.com/main/triatletasenred.sport.es\/wp-json\/wp\/v2\/tags?post=99232"}],"curies":[{"name":"wp","href":"https:\/\/api.w.org\/{rel}","templated":true}]}}