{"id":98994,"date":"2025-12-03T17:30:21","date_gmt":"2025-12-03T16:30:21","guid":{"rendered":"https:\/\/miurltemporal.com/main/triatletasenred.sport.es\/?p=98994"},"modified":"2025-12-03T17:30:21","modified_gmt":"2025-12-03T16:30:21","slug":"van-der-poel-vs-van-aert-estos-seran-sus-5-cara-a-cara-en-ciclocross-2025-2026","status":"publish","type":"post","link":"https:\/\/miurltemporal.com/main/triatletasenred.sport.es\/actualidad\/van-der-poel-vs-van-aert-estos-seran-sus-5-cara-a-cara-en-ciclocross-2025-2026\/","title":{"rendered":"Van der Poel vs Van Aert: Estos ser\u00e1n sus 5 cara a cara en ciclocross 2025-2026"},"content":{"rendered":"<p>Los dos mejores ciclistas ponen sus cartas boca arriba tras revelar sus calendarios y comprobar cu\u00e1ndo y d\u00f3nde se citar\u00e1n para seguir con su rivalidad.<\/p>\n<p><a href=\"https:\/\/www.inverseteams.com\/es\/?srsltid=AfmBOopcdN5zEVSQJD3fkV4Je_gbxU0qOyVuAnS_htxK60krBL72wKdR\" rel=\"nofollow noopener\" target=\"_blank\"><img fetchpriority=\"high\" decoding=\"async\" class=\"alignnone size-full wp-image-92965\" src=\"https:\/\/miurltemporal.com/main/triatletasenred.sport.es\/wp-content\/uploads\/banner-INVERSE-TRIATLON-TRIATLETAS-EN-RED-1.jpg\" alt=\"\" width=\"700\" height=\"150\" srcset=\"https:\/\/miurltemporal.com/main/triatletasenred.sport.es\/wp-content\/uploads\/banner-INVERSE-TRIATLON-TRIATLETAS-EN-RED-1.jpg 700w, https:\/\/miurltemporal.com/main/triatletasenred.sport.es\/wp-content\/uploads\/banner-INVERSE-TRIATLON-TRIATLETAS-EN-RED-1-300x64.jpg 300w, https:\/\/miurltemporal.com/main/triatletasenred.sport.es\/wp-content\/uploads\/banner-INVERSE-TRIATLON-TRIATLETAS-EN-RED-1-696x150.jpg 696w\" sizes=\"(max-width: 700px) 100vw, 700px\" \/><\/a><\/p>\n<p>Hasta <strong>cinco oportunidades<\/strong> tendr\u00e1 el mundo del <strong>ciclocross<\/strong> en la presente campa\u00f1a para disfrutar de la rivalidad generacional entre <strong>Mathieu van der Poel y Wout van Aert<\/strong>.<\/p>\n<p>La \u2018fiesta\u2019 entre las dos estrellas del barro arrancar\u00e1 el <strong>20 de diciembre en la Copa del Mundo de Amberes<\/strong>. Un primer duelo en territorio Van Aert que <strong>ejercer\u00e1 tambi\u00e9n como primera toma de contacto con la especialidad para el h\u00e9roe local<\/strong>. La primera de las revanchas llegar\u00e1 48h despu\u00e9s en el <strong>X2O Trofee Hofstade<\/strong> del <strong>22 de diciembre<\/strong> donde la afici\u00f3n flamenca ser\u00e1 un hervidero apasionado. El duelo entre ambos llegar\u00e1 a su ecuador el <strong>29 de diciembre<\/strong> cuando Van Aert y Van der Poel se enfrenten en el <strong>X20 Trofee Loenhout<\/strong>.<\/p>\n<p>Los dos \u00faltimos rounds entre los hombres que han dominado con mano de hierro la disciplina en la \u00faltima d\u00e9cada se producir\u00e1n <strong>tras estrenar el a\u00f1o nuevo<\/strong>. El <strong>Exact Cross \u00a0Mol<\/strong> brindar\u00e1 con ellos el <strong>2 de enero<\/strong> y el broche definitivo tendr\u00e1 lugar el <strong>4 de enero<\/strong> en la <strong>Copa del Mundo de Zonhoven<\/strong>.<\/p>\n<h5><strong>VAN DE POEL SOMETI\u00d3 A VAN AERT EN LA 2024-2025<\/strong><\/h5>\n<p>Ser\u00e1n dos ocasiones m\u00e1s de las que se dio el duelo de los duelos el curso pasado cuando \u00fanicamente coincidieron en tres fechas. En aquel entonces, <strong>el marcador fue un 3-0 para Van der Poel<\/strong> quien se llev\u00f3 la <strong>victoria en el Exact Cross Loenhout \u2013 Azencross, la Copa del Mundo de Maasmechelen y el Mundial de Li\u00e9vin<\/strong>; mientras que un \u2018mermado\u2019 <strong>Van Aert \u00fanicamente pudo ser cuarto y doblemente segundo<\/strong> respectivamente.<\/p>\n<p>La <strong>\u00faltima vez que Wout derrot\u00f3 a Mathieu fue en Benidorm en 2024<\/strong>, ver si es capaz de repetir la \u2018haza\u00f1a\u2019 y romper la racha de su particular bestia negra ser\u00e1 uno de los grandes atractivos de este 2025-2026 y sus cinco combates.<\/p>\n<h4><strong>LAS &#8217;13&#8217; DE VAN DER POEL CON LA COPA DEL MUNDO DE BENIDORM EN LA LISTA<\/strong><\/h4>\n<hr \/>\n<p>Calendario compartido y tambi\u00e9n por separado. <strong>Van der Poel<\/strong> es el que apuesta por una agenda m\u00e1s amplia en el ciclocross y el neerland\u00e9s se ha comprometido hasta con <strong>13 eventos<\/strong>, los cinco ya mencionados y ocho m\u00e1s, entre ellos, el que ser\u00e1 su cierre de curso en el <strong>Campeonato del Mundo de ciclocross<\/strong> que albergar\u00e1 <strong>Hulst<\/strong> (Pa\u00edses Bajos) donde <strong>Mathieu buscar\u00e1 hacerse con su octava corona, la cuarta de forma consecutiva y el segundo delante de su afici\u00f3n<\/strong>, algo que ya logr\u00f3 en Hoogerheide en 2022.<\/p>\n<p>Un mundial en el que no estar\u00e1 su \u2018enemigo\u2019 n\u00famero uno, como tampoco lo estar\u00e1 <strong>el 14 de diciembre en la Copa del Mundo de Namur, el 21 de diciembre en la Copa del Mundo de Koksijde, el 26 de diciembre en la Copa del Mundo de Gavere, el 1 de enero en la X20 Trofee Baal y el 24 y 25 de enero en las Copas del Mundo de Maasmechelen y Hoogerheide<\/strong>.<\/p>\n<p>Adem\u00e1s, si las condiciones son las indicadas, <strong>el heptacampe\u00f3n pisar\u00e1 Espa\u00f1a el 18 de enero para disputar la Copa del Mundo de Benidorm<\/strong>.<\/p>\n<h4><strong>VAN AERT, MUY SELECTIVO<\/strong><\/h4>\n<hr \/>\n<p>En cambio, <strong>Van Aert<\/strong> apuesta por un calendario m\u00e1s conservador y con miras a la temporada en carretera y al rep\u00f3ker de eventos junto a su eterno rival, sumar\u00e1 su presencia <strong>en Superprestige Heusden-Zolder el 23 de diciembre, la Copa del Mundo de Dendermonde el 28 de diciembre<\/strong> y, por \u00faltimo, de forma individual, luchar\u00e1 por el <strong>t\u00edtulo nacional en Beringen el 11 de enero<\/strong>.<\/p>\n<p><iframe title=\"A fondo con el  OFF SEASON : \u00bfC\u00f3mo descansar BIEN para rendir MEJOR despu\u00e9s?\" width=\"696\" height=\"392\" src=\"https:\/\/www.youtube.com\/embed\/Su8I6fJ_Ub0?feature=oembed\" frameborder=\"0\" allow=\"accelerometer; autoplay; clipboard-write; encrypted-media; gyroscope; picture-in-picture; web-share\" referrerpolicy=\"strict-origin-when-cross-origin\" allowfullscreen><\/iframe><\/p>\n","protected":false},"excerpt":{"rendered":"<p>Descubre cu\u00e1ndo y d\u00f3nde se citar\u00e1n Mathieu Van der Poel y Wout Van Aert para seguir con una rivalidad hist\u00f3rica entre los dos mejores del mundo que crea afici\u00f3n.<\/p>\n","protected":false},"author":351,"featured_media":98995,"comment_status":"closed","ping_status":"open","sticky":false,"template":"","format":"standard","meta":{"_acf_changed":false,"rank_math_lock_modified_date":false,"footnotes":""},"categories":[17,2833,10639],"tags":[11983,2533,8040,7763],"class_list":{"0":"post-98994","1":"post","2":"type-post","3":"status-publish","4":"format-standard","5":"has-post-thumbnail","7":"category-actualidad","8":"category-cicloturismo","9":"category-portada","10":"tag-ciclocross","11":"tag-copa-del-mundo","12":"tag-van-aert","13":"tag-van-der-poel"},"acf":[],"_links":{"self":[{"href":"https:\/\/miurltemporal.com/main/triatletasenred.sport.es\/wp-json\/wp\/v2\/posts\/98994"}],"collection":[{"href":"https:\/\/miurltemporal.com/main/triatletasenred.sport.es\/wp-json\/wp\/v2\/posts"}],"about":[{"href":"https:\/\/miurltemporal.com/main/triatletasenred.sport.es\/wp-json\/wp\/v2\/types\/post"}],"author":[{"embeddable":true,"href":"https:\/\/miurltemporal.com/main/triatletasenred.sport.es\/wp-json\/wp\/v2\/users\/351"}],"replies":[{"embeddable":true,"href":"https:\/\/miurltemporal.com/main/triatletasenred.sport.es\/wp-json\/wp\/v2\/comments?post=98994"}],"version-history":[{"count":1,"href":"https:\/\/miurltemporal.com/main/triatletasenred.sport.es\/wp-json\/wp\/v2\/posts\/98994\/revisions"}],"predecessor-version":[{"id":98997,"href":"https:\/\/miurltemporal.com/main/triatletasenred.sport.es\/wp-json\/wp\/v2\/posts\/98994\/revisions\/98997"}],"wp:featuredmedia":[{"embeddable":true,"href":"https:\/\/miurltemporal.com/main/triatletasenred.sport.es\/wp-json\/wp\/v2\/media\/98995"}],"wp:attachment":[{"href":"https:\/\/miurltemporal.com/main/triatletasenred.sport.es\/wp-json\/wp\/v2\/media?parent=98994"}],"wp:term":[{"taxonomy":"category","embeddable":true,"href":"https:\/\/miurltemporal.com/main/triatletasenred.sport.es\/wp-json\/wp\/v2\/categories?post=98994"},{"taxonomy":"post_tag","embeddable":true,"href":"https:\/\/miurltemporal.com/main/triatletasenred.sport.es\/wp-json\/wp\/v2\/tags?post=98994"}],"curies":[{"name":"wp","href":"https:\/\/api.w.org\/{rel}","templated":true}]}}