{"id":98666,"date":"2025-11-14T13:44:04","date_gmt":"2025-11-14T12:44:04","guid":{"rendered":"https:\/\/miurltemporal.com/main/triatletasenred.sport.es\/?p=98666"},"modified":"2025-11-14T13:44:04","modified_gmt":"2025-11-14T12:44:04","slug":"el-calendario-de-los-angeles-2028-ya-es-oficial-el-triatlon-abrira-el-medallero","status":"publish","type":"post","link":"https:\/\/miurltemporal.com/main/triatletasenred.sport.es\/actualidad\/el-calendario-de-los-angeles-2028-ya-es-oficial-el-triatlon-abrira-el-medallero\/","title":{"rendered":"El calendario de Los \u00c1ngeles 2028 ya es oficial: el triatl\u00f3n abrir\u00e1 el medallero."},"content":{"rendered":"<p>El comit\u00e9 organizador de LA28 hizo p\u00fablico este jueves el <strong>programa completo de competiciones para los Juegos Ol\u00edmpicos de Los \u00c1ngeles.<\/strong> El documento confirma fechas, horarios y sedes de todas las disciplinas, adem\u00e1s de especificar qu\u00e9 pruebas repartir\u00e1n medallas cada d\u00eda. Con esto, <strong>empieza la cuenta atr\u00e1s<\/strong> para una de las ediciones m\u00e1s grandes jam\u00e1s celebradas.<\/p>\n<p><a href=\"https:\/\/www.inverseteams.com\/es\/?srsltid=AfmBOopcdN5zEVSQJD3fkV4Je_gbxU0qOyVuAnS_htxK60krBL72wKdR\" rel=\"nofollow noopener\" target=\"_blank\"><img fetchpriority=\"high\" decoding=\"async\" src=\"https:\/\/miurltemporal.com/main/triatletasenred.sport.es\/wp-content\/uploads\/banner-INVERSE-TRIATLON-TRIATLETAS-EN-RED-1.jpg\" alt=\"\" width=\"700\" height=\"150\" class=\"aligncenter size-full wp-image-92965\" srcset=\"https:\/\/miurltemporal.com/main/triatletasenred.sport.es\/wp-content\/uploads\/banner-INVERSE-TRIATLON-TRIATLETAS-EN-RED-1.jpg 700w, https:\/\/miurltemporal.com/main/triatletasenred.sport.es\/wp-content\/uploads\/banner-INVERSE-TRIATLON-TRIATLETAS-EN-RED-1-300x64.jpg 300w, https:\/\/miurltemporal.com/main/triatletasenred.sport.es\/wp-content\/uploads\/banner-INVERSE-TRIATLON-TRIATLETAS-EN-RED-1-696x150.jpg 696w\" sizes=\"(max-width: 700px) 100vw, 700px\" \/><\/a><\/p>\n<p><strong>EL TRIATL\u00d3N, PRIMER PROTAGONISTA DEL EVENTO<\/strong><\/p>\n<p>La primera ceremonia de medallas de Los \u00c1ngeles 2028 ser\u00e1 la del triatl\u00f3n femenino, programada para el <strong>s\u00e1bado 15 de julio a las 7:30 (hora local)<\/strong>. Un d\u00eda despu\u00e9s, el <strong>domingo 16<\/strong>, a la misma hora, llegar\u00e1 la final masculina.<br \/>\nEl triatl\u00f3n cerrar\u00e1 su participaci\u00f3n el <strong>20 de julio, cuando se dispute el siempre espectacular Relevo Mixto<\/strong>, con salida prevista a las 8:00.<br \/>\nLos recorridos conservar\u00e1n el formato ol\u00edmpico: 1,5 km de nataci\u00f3n, 40 km de ciclismo y 10 km de carrera a pie, con Venice Beach como escenario principal.<\/p>\n<p><strong>UNA EDICI\u00d3N SIN PRECEDENTES<\/strong><\/p>\n<p>Los \u00c1ngeles organizar\u00e1 unos Juegos de dimensiones nunca vistas: <strong>51 deportes, 49 sedes y 18 zonas metropolitanas<\/strong> repartidas entre LA y Oklahoma City.<br \/>\nLa cita comenzar\u00e1 oficialmente el <strong>14 de julio de 2028 con la ceremonia inaugural (20:00) y se despedir\u00e1 el 30 de julio<\/strong> (21:00) en la clausura.<\/p>\n<p><strong>LAS PRIMERAS MEDALLAS DEL SIGLO EN TRIATL\u00d3N<\/strong><\/p>\n<p>M\u00e1s de dos d\u00e9cadas despu\u00e9s de S\u00eddney 2000, el triatl\u00f3n volver\u00e1 a abrir el medallero ol\u00edmpico. Las primeras campeonas de LA28 ser\u00e1n las triatletas que conquisten el oro el d\u00eda 15, con el paseo mar\u00edtimo de Venice Beach como tel\u00f3n de fondo.<br \/>\nLa fiesta continuar\u00e1 con una sucesi\u00f3n de finales de velocidad en nataci\u00f3n, que entregar\u00e1n medallas el d\u00eda 16, antes del cierre de la jornada.<br \/>\nLa organizaci\u00f3n mantiene la tradici\u00f3n ol\u00edmpica: <strong>el marat\u00f3n de atletismo cerrar\u00e1 el programa competitivo<\/strong> durante el \u00faltimo fin de semana.<\/p>\n<p><strong>UNOS JUEGOS CON HIST\u00d3RICO PROTAGONISMO FEMENINO<\/strong><\/p>\n<p>La edici\u00f3n de LA28 alcanzar\u00e1 cifras r\u00e9cord de participaci\u00f3n femenina. Por primera vez, todos los deportes de equipo contar\u00e1n con igual o mayor n\u00famero de equipos femeninos respecto a los masculinos.<br \/>\nEn total, el <strong>50,5% de las plazas de atletas ser\u00e1 para mujeres<\/strong>.<br \/>\nEl estreno del calendario ser\u00e1 tambi\u00e9n hist\u00f3rico: el primer d\u00eda reunir\u00e1 el mayor n\u00famero de finales femeninas en una sola jornada, con pruebas de atletismo, judo, esgrima, pirag\u00fcismo, rugby sevens, tiro y, por supuesto, el triatl\u00f3n femenino como apertura.<\/p>\n<p><strong>UN \u201cS\u00daPER S\u00c1BADO\u201d LLENO DE ORO<\/strong><\/p>\n<p><strong>El 15 de julio est\u00e1 se\u00f1alado<\/strong> como uno de los d\u00edas m\u00e1s cargados en la historia ol\u00edmpica. Se celebrar\u00e1n <strong>26 sesiones finales<\/strong> distribuidas en 23 deportes, desde baloncesto y voleibol de playa hasta ciclismo en pista, golf o escalada deportiva.<br \/>\nHabr\u00e1 15 finales de deportes de equipo y 15 finales individuales, en las que se repartir\u00e1n decenas de medallas y se coronar\u00e1n m\u00faltiples campeones ol\u00edmpicos.<\/p>\n<p><iframe title=\"COROS Pace 4 |\u00a0\ud83e\udd2f \u00bf PATADA a la competencia?\" width=\"696\" height=\"392\" src=\"https:\/\/www.youtube.com\/embed\/IyKiCHudWvw?feature=oembed\" frameborder=\"0\" allow=\"accelerometer; autoplay; clipboard-write; encrypted-media; gyroscope; picture-in-picture; web-share\" referrerpolicy=\"strict-origin-when-cross-origin\" allowfullscreen><\/iframe><\/p>\n","protected":false},"excerpt":{"rendered":"<p>El comit\u00e9 organizador de LA28 hizo p\u00fablico este jueves el programa completo de competiciones .<\/p>\n","protected":false},"author":359,"featured_media":98667,"comment_status":"closed","ping_status":"open","sticky":false,"template":"","format":"standard","meta":{"_acf_changed":false,"rank_math_lock_modified_date":false,"footnotes":""},"categories":[17],"tags":[],"class_list":{"0":"post-98666","1":"post","2":"type-post","3":"status-publish","4":"format-standard","5":"has-post-thumbnail","7":"category-actualidad"},"acf":[],"_links":{"self":[{"href":"https:\/\/miurltemporal.com/main/triatletasenred.sport.es\/wp-json\/wp\/v2\/posts\/98666"}],"collection":[{"href":"https:\/\/miurltemporal.com/main/triatletasenred.sport.es\/wp-json\/wp\/v2\/posts"}],"about":[{"href":"https:\/\/miurltemporal.com/main/triatletasenred.sport.es\/wp-json\/wp\/v2\/types\/post"}],"author":[{"embeddable":true,"href":"https:\/\/miurltemporal.com/main/triatletasenred.sport.es\/wp-json\/wp\/v2\/users\/359"}],"replies":[{"embeddable":true,"href":"https:\/\/miurltemporal.com/main/triatletasenred.sport.es\/wp-json\/wp\/v2\/comments?post=98666"}],"version-history":[{"count":3,"href":"https:\/\/miurltemporal.com/main/triatletasenred.sport.es\/wp-json\/wp\/v2\/posts\/98666\/revisions"}],"predecessor-version":[{"id":98670,"href":"https:\/\/miurltemporal.com/main/triatletasenred.sport.es\/wp-json\/wp\/v2\/posts\/98666\/revisions\/98670"}],"wp:featuredmedia":[{"embeddable":true,"href":"https:\/\/miurltemporal.com/main/triatletasenred.sport.es\/wp-json\/wp\/v2\/media\/98667"}],"wp:attachment":[{"href":"https:\/\/miurltemporal.com/main/triatletasenred.sport.es\/wp-json\/wp\/v2\/media?parent=98666"}],"wp:term":[{"taxonomy":"category","embeddable":true,"href":"https:\/\/miurltemporal.com/main/triatletasenred.sport.es\/wp-json\/wp\/v2\/categories?post=98666"},{"taxonomy":"post_tag","embeddable":true,"href":"https:\/\/miurltemporal.com/main/triatletasenred.sport.es\/wp-json\/wp\/v2\/tags?post=98666"}],"curies":[{"name":"wp","href":"https:\/\/api.w.org\/{rel}","templated":true}]}}