{"id":98616,"date":"2025-11-11T12:05:09","date_gmt":"2025-11-11T11:05:09","guid":{"rendered":"https:\/\/miurltemporal.com/main/triatletasenred.sport.es\/?p=98616"},"modified":"2025-11-11T12:05:09","modified_gmt":"2025-11-11T11:05:09","slug":"jelle-geens-debutare-en-los-ironman-el-ano-que-viene","status":"publish","type":"post","link":"https:\/\/miurltemporal.com/main/triatletasenred.sport.es\/actualidad\/jelle-geens-debutare-en-los-ironman-el-ano-que-viene\/","title":{"rendered":"Jelle Geens: \u201cDebutar\u00e9 en los Ironman el a\u00f1o que viene\u201d"},"content":{"rendered":"<p>Bombazo del belga horas despu\u00e9s de convertirse en bicampe\u00f3n mundial de Ironman 70.3 en una carrera que pens\u00f3 ten\u00eda perdida, pero en la que siempre crey\u00f3 en su oro.<\/p>\n<p><a href=\"https:\/\/tidd.ly\/41mq8KP\" rel=\"nofollow noopener\" target=\"_blank\"><img fetchpriority=\"high\" decoding=\"async\" class=\"alignnone size-full wp-image-96562\" src=\"https:\/\/miurltemporal.com/main/triatletasenred.sport.es\/wp-content\/uploads\/HOKA_700x100px_RocketX3.jpg\" alt=\"\" width=\"700\" height=\"100\" srcset=\"https:\/\/miurltemporal.com/main/triatletasenred.sport.es\/wp-content\/uploads\/HOKA_700x100px_RocketX3.jpg 700w, https:\/\/miurltemporal.com/main/triatletasenred.sport.es\/wp-content\/uploads\/HOKA_700x100px_RocketX3-300x43.jpg 300w, https:\/\/miurltemporal.com/main/triatletasenred.sport.es\/wp-content\/uploads\/HOKA_700x100px_RocketX3-696x100.jpg 696w\" sizes=\"(max-width: 700px) 100vw, 700px\" \/><\/a><\/p>\n<p>Se acabaron las especulaciones tras m\u00e1s de un a\u00f1o en el que se ven\u00eda barruntando el cu\u00e1ndo suceder\u00eda, <strong>Jelle Geens<\/strong> ha confirmado que uno de sus objetivos el curso que viene ser\u00e1 probarse por primera vez en un full distance: \u201c<em><strong>Sin duda har\u00e9 un Ironman<\/strong>\u201d. <\/em>Es m\u00e1s, el rey de la Media Distancia va un paso m\u00e1s all\u00e1 y ha desvelado su mayor ambici\u00f3n: \u201c<em><strong>Tengo muchas ganas de ir a Kona<\/strong>\u201d<\/em> por lo que no solo quiere estrenarse en los LD, sino que quiere estar en el Mundial de 2026. Lo que todav\u00eda no ha decidido es c\u00f3mo estructurar\u00e1 su temporada y si por primera vez las Ironman Pro Series copar\u00e1n su atenci\u00f3n o volver\u00e1 a centrarse en el circuito T100: \u201c<em><strong>Todav\u00eda no estoy seguro sobre las Ironman Pro Series<\/strong>\u201d.<\/em><\/p>\n<h4><em><strong>&#8220;MI PRIMERA IMPRESI\u00d3N ES QUE EL MUNDIAL HAB\u00cdA ACABADO PARA MI&#8221;<\/strong><\/em><\/h4>\n<hr \/>\n<p>Ya tendr\u00e1 tiempo para ello, mientras disfrutar\u00e1 de su <a href=\"https:\/\/miurltemporal.com/main/triatletasenred.sport.es\/actualidad\/jelle-gens-vence-el-mundial-ironman-70-3-en-un-final-de-infarto\/\"><strong>segundo Campeonato Mundial Ironman 70.3<\/strong><\/a>. Uno que le ha puesto a la altura de <strong>Michael Raelert, Sebastian Kienle y Gustav Iden<\/strong> (este con el interludio de la pandemia) con un bicampeonato consecutivo que, sin embargo, <strong>crey\u00f3 perdido hasta en dos ocasiones<\/strong> despu\u00e9s de considerar que \u201c<strong><em>Todo fue mal: la nataci\u00f3n, la bicicleta y la carrera a pie<\/em><\/strong>\u201d. \u201c<strong><em>Mi primera impresi\u00f3n al caerme de la bici es que todo se hab\u00eda acabado. La segunda, al bajarme en la T2 y sentir un fuerte dolor en la cadera a ra\u00edz de la ca\u00edda. Afortunadamente, el dolor casi desapareci\u00f3 por completo<\/em><\/strong>\u201d.<\/p>\n<h4><strong>AUTOCULPABLE DE SU &#8216;DESGRACIA&#8217; Y EL CABLE DE ORO DE STORNES<\/strong><\/h4>\n<hr \/>\n<p>Una ca\u00edda de la que se siente responsable: \u201c<strong>No nad\u00e9 como quer\u00eda y sent\u00ed <em>que me sub\u00ed a la bicicleta con una sola idea en la cabeza: ir al frente. Estaba tan concentrado en eso que no vi la primera rotonda, me pas\u00e9 de frenada y me ca\u00ed<\/em><\/strong><em>\u201d. <\/em>Un accidente que le dej\u00f3 grandes consecuencias materiales que pudieron costarle la carrera, las m\u00e1s destacables: se le rompi\u00f3 el reloj y las extensiones de la bici que le impidieron usar todas las marchas. Algo que pudo solucionar gracias a <strong>Casper Stornes: \u201c<em>M<\/em><\/strong><em><strong><em>e dijo que al llegar a la cima parara r\u00e1pidamente para enderezarlo. Y eso es lo que hice justo y pude volver a usar todas las marchas<\/em>\u201d<\/strong>.<\/em><\/p>\n<h4><strong>EL GEENS VS BLUMMENFELT M\u00c1S T\u00c1CTICO Y A\u00d1EJO: <em>&#8220;FUE UNA CARRERA LOCA&#8221;<\/em><\/strong><\/h4>\n<hr \/>\n<p>Nunca se sabr\u00e1 que hubiera pasado de no seguir ese consejo, pero s\u00ed que gracias a \u00e9l <strong>Geens y Kristian Blummenfelt brindaron una batalla \u00e9pica<\/strong>. Una en la que seg\u00fan confiesa siempre crey\u00f3 tener el sart\u00e9n por el mango: \u201c<strong><em>Pens\u00e9 que lo ten\u00eda controlado porque respiraba como un loco. Pero luego tuvo una aceleraci\u00f3n incre\u00edble.<\/em><\/strong><em> As\u00ed que supe que deb\u00eda contenerme un poco y esper\u00e9 su ataque. Pens\u00e9 que llegar\u00eda pronto e intent\u00e9 mantener un ritmo honesto, pero fue un ritmo bastante c\u00f3modo para m\u00ed durante toda la carrera. <strong>Intent\u00e9 apretar mucho en las subidas porque pens\u00e9 que, con mi peso, quiz\u00e1 podr\u00eda hacerle da\u00f1o all\u00ed. Sin embargo, no pude dejarlo atr\u00e1s<\/strong>\u201d.<\/em><\/p>\n<p>Un mano a mano que lleg\u00f3 hasta la l\u00ednea de meta y se decidi\u00f3 tal como se vio y como los propios Jelle y <a href=\"https:\/\/miurltemporal.com/main/triatletasenred.sport.es\/actualidad\/blummenfelt-arrepentido-de-su-tactica-fui-arrogante-subestime-el-sprint-de-geens-y-me-movi-tarde\/\">Kristian<\/a> comentan por la colocaci\u00f3n en los \u00faltimos giros: \u201c<strong><em>Fue una carrera loca. Creo que en un momento dado est\u00e1bamos codo con codo porque era bastante estrecho y creo que los dos quer\u00edamos ser los primeros en el giro<\/em><\/strong><em>. Pero bueno, como soy un tipo grande, pude empujarle un poco m\u00e1s. <strong>La carrera me record\u00f3 a las carreras de World Triathlon de anta\u00f1o<\/strong>\u201d.<\/em><\/p>\n<h5><strong><em>&#8220;NO ERA MI ESCENARIO IDEAL, PERO LO HABR\u00cdA FIRMADO ANTES DE LA CARRERA&#8221;<\/em><\/strong><\/h5>\n<p>Preguntado s\u00ed ten\u00eda fe en ganar a Blummenfelt en ese contexto, el campe\u00f3n no titube\u00f3: \u201c<strong><em>S\u00ed, estaba seguro de que pod\u00eda ganar a todos los que estaban en la lista de salida<\/em><\/strong><em>\u201d. <\/em>No obstante, s\u00ed matiza que no era su carta de juego preferida: \u201c<strong><em>Mi escenario ideal no era ganar en un sprint final.. Pero s\u00ed, sin duda lo habr\u00eda firmado antes de la carrera<\/em><\/strong><em>\u201d. <\/em><\/p>\n<p><iframe title=\"COROS Pace 4 |\u00a0\ud83e\udd2f \u00bf PATADA a la competencia?\" width=\"696\" height=\"392\" src=\"https:\/\/www.youtube.com\/embed\/IyKiCHudWvw?feature=oembed\" frameborder=\"0\" allow=\"accelerometer; autoplay; clipboard-write; encrypted-media; gyroscope; picture-in-picture; web-share\" referrerpolicy=\"strict-origin-when-cross-origin\" allowfullscreen><\/iframe><\/p>\n","protected":false},"excerpt":{"rendered":"<p>Bombazo del belga horas despu\u00e9s de convertirse en bicampe\u00f3n mundial de Ironman 70.3 en una carrera que pens\u00f3 ten\u00eda perdida, pero en la que siempre crey\u00f3 en su oro.<\/p>\n","protected":false},"author":351,"featured_media":98617,"comment_status":"closed","ping_status":"open","sticky":false,"template":"","format":"standard","meta":{"_acf_changed":false,"rank_math_lock_modified_date":false,"footnotes":""},"categories":[17,10639],"tags":[6387,404,8132,6385,5821],"class_list":{"0":"post-98616","1":"post","2":"type-post","3":"status-publish","4":"format-standard","5":"has-post-thumbnail","7":"category-actualidad","8":"category-portada","9":"tag-casper-stornes","10":"tag-ironman","11":"tag-jelle-geens","12":"tag-kristian-blummenfelt","13":"tag-mundial-ironman-70-3"},"acf":[],"_links":{"self":[{"href":"https:\/\/miurltemporal.com/main/triatletasenred.sport.es\/wp-json\/wp\/v2\/posts\/98616"}],"collection":[{"href":"https:\/\/miurltemporal.com/main/triatletasenred.sport.es\/wp-json\/wp\/v2\/posts"}],"about":[{"href":"https:\/\/miurltemporal.com/main/triatletasenred.sport.es\/wp-json\/wp\/v2\/types\/post"}],"author":[{"embeddable":true,"href":"https:\/\/miurltemporal.com/main/triatletasenred.sport.es\/wp-json\/wp\/v2\/users\/351"}],"replies":[{"embeddable":true,"href":"https:\/\/miurltemporal.com/main/triatletasenred.sport.es\/wp-json\/wp\/v2\/comments?post=98616"}],"version-history":[{"count":2,"href":"https:\/\/miurltemporal.com/main/triatletasenred.sport.es\/wp-json\/wp\/v2\/posts\/98616\/revisions"}],"predecessor-version":[{"id":98619,"href":"https:\/\/miurltemporal.com/main/triatletasenred.sport.es\/wp-json\/wp\/v2\/posts\/98616\/revisions\/98619"}],"wp:featuredmedia":[{"embeddable":true,"href":"https:\/\/miurltemporal.com/main/triatletasenred.sport.es\/wp-json\/wp\/v2\/media\/98617"}],"wp:attachment":[{"href":"https:\/\/miurltemporal.com/main/triatletasenred.sport.es\/wp-json\/wp\/v2\/media?parent=98616"}],"wp:term":[{"taxonomy":"category","embeddable":true,"href":"https:\/\/miurltemporal.com/main/triatletasenred.sport.es\/wp-json\/wp\/v2\/categories?post=98616"},{"taxonomy":"post_tag","embeddable":true,"href":"https:\/\/miurltemporal.com/main/triatletasenred.sport.es\/wp-json\/wp\/v2\/tags?post=98616"}],"curies":[{"name":"wp","href":"https:\/\/api.w.org\/{rel}","templated":true}]}}