{"id":98519,"date":"2025-11-05T12:21:44","date_gmt":"2025-11-05T11:21:44","guid":{"rendered":"https:\/\/miurltemporal.com/main/triatletasenred.sport.es\/?p=98519"},"modified":"2025-11-05T12:21:44","modified_gmt":"2025-11-05T11:21:44","slug":"stornes-y-lovseth-la-pareja-noruega-con-la-posibilidad-de-firmar-un-hito-casi-inedito-en-ironman","status":"publish","type":"post","link":"https:\/\/miurltemporal.com/main/triatletasenred.sport.es\/actualidad\/stornes-y-lovseth-la-pareja-noruega-con-la-posibilidad-de-firmar-un-hito-casi-inedito-en-ironman\/","title":{"rendered":"Stornes y L\u00f8vseth: la pareja noruega con la posibilidad de firmar un hito casi in\u00e9dito en Ironman"},"content":{"rendered":"<p>Los flamantes campeones mundiales Ironman pueden sellar este fin de semana un doblete que se cuenta con los dedos de una mano y Stornes puede ir todav\u00eda m\u00e1s all\u00e1 y reescribirlo todo.<\/p>\n<p><img fetchpriority=\"high\" decoding=\"async\" class=\"alignnone size-full wp-image-97828\" src=\"https:\/\/miurltemporal.com/main/triatletasenred.sport.es\/wp-content\/uploads\/Banner-INFINITRI-POST.gif\" alt=\"\" width=\"700\" height=\"150\" \/><\/p>\n<p><strong>Casper Stornes<\/strong> y <strong>Solveig L\u00f8vseth<\/strong> se convirtieron en las sorpresas inesperadas en <a href=\"https:\/\/miurltemporal.com/main/triatletasenred.sport.es\/actualidad\/casper-stornes-campeon-del-mundo-ironman-el-cuento-de-hadas-noruego-se-hace-realidad-con-el-triplete-mas-inesperado\/\">Niza<\/a> y <a href=\"https:\/\/miurltemporal.com/main/triatletasenred.sport.es\/actualidad\/solveig-lovseth-radiografia-de-un-titulo-moderno-pero-ochentero-en-sus-records\/\">Kona<\/a> y con sus coronas en larga distancia se convirtieron en los triatletas de moda casi de la noche a la ma\u00f1ana despu\u00e9s de pasar discretamente por la distancia ol\u00edmpica. Ahora, a falta de apenas unos para el <strong>Mundial Ironman 70.3<\/strong> y con su presencia confirmada ambos est\u00e1n en disposici\u00f3n de hacer historia por duplicado: <strong>lograr el doblete el mismo a\u00f1o<\/strong>.<\/p>\n<p>Sin embargo, esa puerta abierta al <strong>doble oro en el Campeonato del Mundo Ironman y el Campeonato del Mundo Ironman 70.3 es una situaci\u00f3n casi in\u00e9dita<\/strong> en la que, en casi tres d\u00e9cadas de existencia de ambos formatos, solo se ha dado en <strong>seis ocasiones y con cuatro triatletas diferentes, dos hombres y dos mujeres<\/strong>.<\/p>\n<h4><strong>DEL PIONERO AL GOAT MASCULINO<\/strong><\/h4>\n<hr \/>\n<p>Fue en la <strong>\u00e9lite masculina<\/strong> y de la mano de <strong>Craig Alexander<\/strong> donde se produjo esa extraordinaria anomal\u00eda deportiva por <strong>primera vez<\/strong>. El australiano lo logr\u00f3 en <strong>2011<\/strong> cuando primero en Henderson (Estados Unidos) en septiembre y un mes despu\u00e9s en Kona se hizo con los t\u00edtulos de Ironman 70.3 e Ironman respectivamente. En su caso, como el de todos, consigui\u00f3 ese hecho hist\u00f3rico en su <strong>quinta participaci\u00f3n en Ironman<\/strong> \u2013 donde ya contaba con dos oros y un subcampeonato \u2013 y en la <strong>tercera en Ironman 70.3<\/strong> en el que se hab\u00eda estrenado con un t\u00edtulo en 2006.<\/p>\n<p>Hasta el momento, el \u00fanico hombre en emular esa actuaci\u00f3n ha sido <strong>Jan Frodeno en 2015<\/strong>. Para el reconocido como GOAT de este deporte, <strong>ese doble \u00e9xito lleg\u00f3 en su tercer mundial Ironman 70.3<\/strong> despu\u00e9s de un camino en el que hubo debutado con un DNF y hubo seguido con una medalla de plata e<strong>l a\u00f1o anterior. El de 2015 era su primer t\u00edtulo de los dos que firm\u00f3 en la distancia<\/strong>. Lo mismo sucedi\u00f3 en el <em>full<\/em> Ironman. <strong>En ese dichoso 2015 sell\u00f3 su primera corona de las tres con las que se retir\u00f3 en su segundo round en Kona<\/strong> despu\u00e9s de conocer la isla con un tercer puesto.<\/p>\n<h4><strong>DE CAVE A SU MAJESTAD DANIELA RYF<\/strong><\/h4>\n<hr \/>\n<p>La <strong>\u00e9lite femenina<\/strong> no le fue a la zaga y una temporada despu\u00e9s de lo de Alexander, <strong>Leanda Cave<\/strong> dio la r\u00e9plica en <strong>2012<\/strong>. Como en el caso del aussie, la brit\u00e1nica ya era toda una veterana y el hito se refrend\u00f3 en su <strong>s\u00e9ptima participaci\u00f3n en los campeonatos mundialistas de Ironman 70.3 y en la sexta en Ironman<\/strong> donde ya hab\u00eda acumulado dos podios (un bronce en 2007 y una plata en 2010) y otro tercer lugar en 2011 respectivamente.<\/p>\n<p>Similitudes que tambi\u00e9n se reflejan entre Frodeno y <strong>Daniela Ryf, la por ahora \u00faltima mujer en bordar un a\u00f1o perfecto en ambas distancias<\/strong>. En su caso, el <strong>primer doblete lleg\u00f3 en 2015 de forma muy precoz en apenas su segunda oportunidad en ambas distancias<\/strong> y con la circunstancia a\u00f1adida de ya haber sido campeona del 70.3 en su primer intento y subcampeona en el <em>full <\/em>(ambas en 2014). Sin embargo, <strong>Ryf tiene en su palmar\u00e9s un triple doblete que nadie tiene<\/strong>. M\u00e1s concretamente, <strong>es la \u00fanica triatleta \u2013 independientemente de su sexo &#8211; posee m\u00e1s de un doblete<\/strong>. Una gesta que construy\u00f3 en <strong>segunda instancia en 2017 y por tercera vez en 2018<\/strong> como parte de ese doble y \u00fanico <strong>pentacampeonato en full y 70.3<\/strong>.<\/p>\n<h4><strong>EL DOBLE Y TRIPLE RETO DE L\u00d8VSETH Y STORNES<\/strong><\/h4>\n<hr \/>\n<p>En ese sentido,<strong> L\u00f8vseth y Stornes no ser\u00e1n los primeros<\/strong>, de darse un doblete conjunto tampoco ser\u00e1n los pioneros en eso puesto que Frodeno y Ryf lo hicieron en 2015, pero s<strong>\u00ed pueden escribir dos p\u00e1ginas nuevas dentro de este cap\u00edtulo: ser la primera pareja de compatriotas en conseguirlo \u2013 ning\u00fan pa\u00eds lo ha conseguido en ambas \u00e9lites \u2013 y hacerlo el mismo a\u00f1o<\/strong>. adem\u00e1s, y como gesta m\u00e1s relevante, <strong>Casper Stornes puede convertirse en el primer triatleta en sellar el doblete en el a\u00f1o de debut mundialista en ambos eventos<\/strong>.<\/p>\n<p>El s\u00e1bado y domingo se desvelar\u00e1 si en Marbella y de la mano del Mundial Ironman 70.3 se redacta otro tomo del triatl\u00f3n mundial.<\/p>\n<p><iframe title=\"Factores REALES que determinan a un deportista de \u00c9LITE? | Con Roberto Cejuela\" width=\"696\" height=\"392\" src=\"https:\/\/www.youtube.com\/embed\/pZgGHuwJxqA?feature=oembed\" frameborder=\"0\" allow=\"accelerometer; autoplay; clipboard-write; encrypted-media; gyroscope; picture-in-picture; web-share\" referrerpolicy=\"strict-origin-when-cross-origin\" allowfullscreen><\/iframe><\/p>\n","protected":false},"excerpt":{"rendered":"<p>Los flamantes campeones mundiales Ironman pueden sellar este fin de semana un doblete que se cuenta con los dedos de una mano y Stornes puede ir todav\u00eda m\u00e1s all\u00e1 y reescribirlo todo.<\/p>\n","protected":false},"author":351,"featured_media":98520,"comment_status":"closed","ping_status":"open","sticky":false,"template":"","format":"standard","meta":{"_acf_changed":false,"rank_math_lock_modified_date":false,"footnotes":""},"categories":[17,10639],"tags":[6387,3216,3301,1936,5504,5821,10652],"class_list":{"0":"post-98519","1":"post","2":"type-post","3":"status-publish","4":"format-standard","5":"has-post-thumbnail","7":"category-actualidad","8":"category-portada","9":"tag-casper-stornes","10":"tag-craig-alexander","11":"tag-daniela-ryf","12":"tag-jan-frodeno","13":"tag-leanda-cave","14":"tag-mundial-ironman-70-3","15":"tag-solveig-lovseth"},"acf":[],"_links":{"self":[{"href":"https:\/\/miurltemporal.com/main/triatletasenred.sport.es\/wp-json\/wp\/v2\/posts\/98519"}],"collection":[{"href":"https:\/\/miurltemporal.com/main/triatletasenred.sport.es\/wp-json\/wp\/v2\/posts"}],"about":[{"href":"https:\/\/miurltemporal.com/main/triatletasenred.sport.es\/wp-json\/wp\/v2\/types\/post"}],"author":[{"embeddable":true,"href":"https:\/\/miurltemporal.com/main/triatletasenred.sport.es\/wp-json\/wp\/v2\/users\/351"}],"replies":[{"embeddable":true,"href":"https:\/\/miurltemporal.com/main/triatletasenred.sport.es\/wp-json\/wp\/v2\/comments?post=98519"}],"version-history":[{"count":1,"href":"https:\/\/miurltemporal.com/main/triatletasenred.sport.es\/wp-json\/wp\/v2\/posts\/98519\/revisions"}],"predecessor-version":[{"id":98521,"href":"https:\/\/miurltemporal.com/main/triatletasenred.sport.es\/wp-json\/wp\/v2\/posts\/98519\/revisions\/98521"}],"wp:featuredmedia":[{"embeddable":true,"href":"https:\/\/miurltemporal.com/main/triatletasenred.sport.es\/wp-json\/wp\/v2\/media\/98520"}],"wp:attachment":[{"href":"https:\/\/miurltemporal.com/main/triatletasenred.sport.es\/wp-json\/wp\/v2\/media?parent=98519"}],"wp:term":[{"taxonomy":"category","embeddable":true,"href":"https:\/\/miurltemporal.com/main/triatletasenred.sport.es\/wp-json\/wp\/v2\/categories?post=98519"},{"taxonomy":"post_tag","embeddable":true,"href":"https:\/\/miurltemporal.com/main/triatletasenred.sport.es\/wp-json\/wp\/v2\/tags?post=98519"}],"curies":[{"name":"wp","href":"https:\/\/api.w.org\/{rel}","templated":true}]}}