{"id":98516,"date":"2025-11-05T10:00:41","date_gmt":"2025-11-05T09:00:41","guid":{"rendered":"https:\/\/miurltemporal.com/main/triatletasenred.sport.es\/?p=98516"},"modified":"2025-11-05T10:00:41","modified_gmt":"2025-11-05T09:00:41","slug":"trixilxes-2026-abre-inscripciones-hoy-miercoles","status":"publish","type":"post","link":"https:\/\/miurltemporal.com/main/triatletasenred.sport.es\/competiciones\/triatlon\/trixilxes-2026-abre-inscripciones-hoy-miercoles\/","title":{"rendered":"TriXilxes 2026 abre inscripciones hoy mi\u00e9rcoles"},"content":{"rendered":"<p data-start=\"239\" data-end=\"589\">El triatl\u00f3n <strong data-start=\"251\" data-end=\"277\">TriXilxes #sindrafting<\/strong> vuelve un a\u00f1o m\u00e1s a la costa de Castell\u00f3n con su inconfundible mezcla de <strong data-start=\"351\" data-end=\"395\">deporte, emoci\u00f3n y ambiente mediterr\u00e1neo<\/strong>. La organizaci\u00f3n ha confirmado que las <strong data-start=\"435\" data-end=\"513\">inscripciones se abren hoy mi\u00e9rcoles, 5 de noviembre, a las 20:00 horas<\/strong>, a trav\u00e9s de la web oficial <a class=\"decorated-link\" href=\"https:\/\/www.trixilxes.com\/\" target=\"_new\" rel=\"noopener nofollow\" data-start=\"542\" data-end=\"588\">www.trixilxes.com<\/a>.<\/p>\n<h3 data-start=\"591\" data-end=\"631\">670 plazas y una demanda imparable<\/h3>\n<p data-start=\"632\" data-end=\"922\">La edici\u00f3n 2026 ofrecer\u00e1 <strong data-start=\"657\" data-end=\"673\">670 dorsales<\/strong>, y todo apunta a que volver\u00e1n a agotarse en tiempo r\u00e9cord. En 2025, las inscripciones duraron <strong data-start=\"768\" data-end=\"789\">apenas tres horas<\/strong>, un reflejo del enorme inter\u00e9s que despierta esta cita entre triatletas de toda Espa\u00f1a y de hasta <strong data-start=\"888\" data-end=\"919\">17 nacionalidades distintas<\/strong>.<\/p>\n<p data-start=\"924\" data-end=\"1128\">El <strong data-start=\"927\" data-end=\"956\">s\u00e1bado 10 de mayo de 2026<\/strong>, Xilxes volver\u00e1 a transformarse en el epicentro del triatl\u00f3n nacional, acogiendo a deportistas de todos los niveles en un entorno privilegiado junto al mar Mediterr\u00e1neo.<\/p>\n<blockquote data-start=\"1130\" data-end=\"1432\">\n<blockquote class=\"td_pull_quote td_pull_center\">\n<p data-start=\"1132\" data-end=\"1432\">\u201cTriXilxes es mucho m\u00e1s que un triatl\u00f3n. Es una experiencia deportiva y humana, donde cada participante se siente parte de algo especial\u201d, destacan desde la organizaci\u00f3n. \u201cCada a\u00f1o las plazas vuelan en minutos, as\u00ed que animamos a todos los interesados a estar atentos a la apertura de inscripciones\u201d.<\/p>\n<\/blockquote>\n<\/blockquote>\n<h3 data-start=\"1434\" data-end=\"1478\"><img fetchpriority=\"high\" decoding=\"async\" class=\"aligncenter size-full wp-image-95326\" src=\"https:\/\/miurltemporal.com/main/triatletasenred.sport.es\/wp-content\/uploads\/Laura-Gomez-trixilxes.jpg\" alt=\"\" width=\"768\" height=\"576\" srcset=\"https:\/\/miurltemporal.com/main/triatletasenred.sport.es\/wp-content\/uploads\/Laura-Gomez-trixilxes.jpg 768w, https:\/\/miurltemporal.com/main/triatletasenred.sport.es\/wp-content\/uploads\/Laura-Gomez-trixilxes-300x225.jpg 300w, https:\/\/miurltemporal.com/main/triatletasenred.sport.es\/wp-content\/uploads\/Laura-Gomez-trixilxes-696x522.jpg 696w, https:\/\/miurltemporal.com/main/triatletasenred.sport.es\/wp-content\/uploads\/Laura-Gomez-trixilxes-560x420.jpg 560w, https:\/\/miurltemporal.com/main/triatletasenred.sport.es\/wp-content\/uploads\/Laura-Gomez-trixilxes-80x60.jpg 80w, https:\/\/miurltemporal.com/main/triatletasenred.sport.es\/wp-content\/uploads\/Laura-Gomez-trixilxes-265x198.jpg 265w\" sizes=\"(max-width: 768px) 100vw, 768px\" \/><\/h3>\n<h3 data-start=\"1434\" data-end=\"1478\">Un referente en el calendario nacional<\/h3>\n<p data-start=\"1479\" data-end=\"1684\">Consolidado como uno de los eventos m\u00e1s esperados de la temporada, <strong data-start=\"1546\" data-end=\"1592\">TriXilxes mantiene su formato #sindrafting<\/strong>, que garantiza una <strong data-start=\"1612\" data-end=\"1681\">competici\u00f3n limpia, justa y fiel al esp\u00edritu del triatl\u00f3n cl\u00e1sico<\/strong>.<\/p>\n<p data-start=\"1686\" data-end=\"1901\">El evento volver\u00e1 a contar con el <strong data-start=\"1720\" data-end=\"1756\">apoyo del Ayuntamiento de Xilxes<\/strong>, la colaboraci\u00f3n de m\u00e1s de <strong data-start=\"1784\" data-end=\"1803\">300 voluntarios<\/strong> y el compromiso de patrocinadores locales que hacen posible una experiencia cuidada al detalle.<\/p>\n<p data-start=\"1903\" data-end=\"2142\">En sus \u00faltimas ediciones, <strong data-start=\"1929\" data-end=\"1975\">TriXilxes ha reunido a casi 700 triatletas<\/strong> y se ha ganado un lugar especial en el calendario por su <strong data-start=\"2033\" data-end=\"2139\">recorrido r\u00e1pido, su atm\u00f3sfera \u00fanica y su equilibrio perfecto entre competitividad y ambiente familiar<\/strong>.<\/p>\n<p data-start=\"2144\" data-end=\"2315\">TriXilxes 2026 promete repetir la f\u00f3rmula del \u00e9xito: <strong data-start=\"2197\" data-end=\"2315\">una organizaci\u00f3n impecable, un entorno inmejorable y una comunidad que convierte cada edici\u00f3n en algo inolvidable.<\/strong><\/p>\n<p data-start=\"2144\" data-end=\"2315\">\n<p><iframe title=\"Factores REALES que determinan a un deportista de \u00c9LITE? | Con Roberto Cejuela\" width=\"696\" height=\"392\" src=\"https:\/\/www.youtube.com\/embed\/pZgGHuwJxqA?feature=oembed\" frameborder=\"0\" allow=\"accelerometer; autoplay; clipboard-write; encrypted-media; gyroscope; picture-in-picture; web-share\" referrerpolicy=\"strict-origin-when-cross-origin\" allowfullscreen><\/iframe><\/p>\n","protected":false},"excerpt":{"rendered":"<p>El s\u00e1bado 10 de mayo de 2026, Xilxes volver\u00e1 a transformarse en el epicentro del triatl\u00f3n nacional, acogiendo a deportistas de todos los niveles en un entorno privilegiado junto al mar Mediterr\u00e1neo.<\/p>\n","protected":false},"author":2,"featured_media":95327,"comment_status":"closed","ping_status":"open","sticky":false,"template":"","format":"standard","meta":{"_acf_changed":false,"rank_math_lock_modified_date":false,"footnotes":""},"categories":[1191],"tags":[],"class_list":{"0":"post-98516","1":"post","2":"type-post","3":"status-publish","4":"format-standard","5":"has-post-thumbnail","7":"category-triatlon"},"acf":[],"_links":{"self":[{"href":"https:\/\/miurltemporal.com/main/triatletasenred.sport.es\/wp-json\/wp\/v2\/posts\/98516"}],"collection":[{"href":"https:\/\/miurltemporal.com/main/triatletasenred.sport.es\/wp-json\/wp\/v2\/posts"}],"about":[{"href":"https:\/\/miurltemporal.com/main/triatletasenred.sport.es\/wp-json\/wp\/v2\/types\/post"}],"author":[{"embeddable":true,"href":"https:\/\/miurltemporal.com/main/triatletasenred.sport.es\/wp-json\/wp\/v2\/users\/2"}],"replies":[{"embeddable":true,"href":"https:\/\/miurltemporal.com/main/triatletasenred.sport.es\/wp-json\/wp\/v2\/comments?post=98516"}],"version-history":[{"count":2,"href":"https:\/\/miurltemporal.com/main/triatletasenred.sport.es\/wp-json\/wp\/v2\/posts\/98516\/revisions"}],"predecessor-version":[{"id":98518,"href":"https:\/\/miurltemporal.com/main/triatletasenred.sport.es\/wp-json\/wp\/v2\/posts\/98516\/revisions\/98518"}],"wp:featuredmedia":[{"embeddable":true,"href":"https:\/\/miurltemporal.com/main/triatletasenred.sport.es\/wp-json\/wp\/v2\/media\/95327"}],"wp:attachment":[{"href":"https:\/\/miurltemporal.com/main/triatletasenred.sport.es\/wp-json\/wp\/v2\/media?parent=98516"}],"wp:term":[{"taxonomy":"category","embeddable":true,"href":"https:\/\/miurltemporal.com/main/triatletasenred.sport.es\/wp-json\/wp\/v2\/categories?post=98516"},{"taxonomy":"post_tag","embeddable":true,"href":"https:\/\/miurltemporal.com/main/triatletasenred.sport.es\/wp-json\/wp\/v2\/tags?post=98516"}],"curies":[{"name":"wp","href":"https:\/\/api.w.org\/{rel}","templated":true}]}}