{"id":97955,"date":"2025-10-05T16:19:57","date_gmt":"2025-10-05T14:19:57","guid":{"rendered":"https:\/\/miurltemporal.com/main/triatletasenred.sport.es\/?p=97955"},"modified":"2025-10-05T16:36:23","modified_gmt":"2025-10-05T14:36:23","slug":"julie-derron-renuncia-a-kona-2025-tras-una-decision-dificil","status":"publish","type":"post","link":"https:\/\/miurltemporal.com/main/triatletasenred.sport.es\/portada\/julie-derron-renuncia-a-kona-2025-tras-una-decision-dificil\/","title":{"rendered":"Julie Derron renuncia a Kona 2025 tras una \u201cdecisi\u00f3n dif\u00edcil\u201d"},"content":{"rendered":"<p>Golpe inesperado en el triatl\u00f3n internacional. La suiza <strong>Julie Derron<\/strong>, actual n\u00famero dos del ranking mundial y una de las grandes revelaciones del \u00faltimo a\u00f1o, ha anunciado que <strong>no participar\u00e1<\/strong> en el <strong>Campeonato Mundial IRONMAN de Kona.<\/strong><\/p>\n<p><a href=\"https:\/\/www.inverseteams.com\/es\/?srsltid=AfmBOopcdN5zEVSQJD3fkV4Je_gbxU0qOyVuAnS_htxK60krBL72wKdR\" rel=\"nofollow noopener\" target=\"_blank\"><img fetchpriority=\"high\" decoding=\"async\" src=\"https:\/\/miurltemporal.com/main/triatletasenred.sport.es\/wp-content\/uploads\/banner-INVERSE-TRIATLON-TRIATLETAS-EN-RED-1.jpg\" alt=\"\" width=\"700\" height=\"150\" class=\"aligncenter size-full wp-image-92965\" srcset=\"https:\/\/miurltemporal.com/main/triatletasenred.sport.es\/wp-content\/uploads\/banner-INVERSE-TRIATLON-TRIATLETAS-EN-RED-1.jpg 700w, https:\/\/miurltemporal.com/main/triatletasenred.sport.es\/wp-content\/uploads\/banner-INVERSE-TRIATLON-TRIATLETAS-EN-RED-1-300x64.jpg 300w, https:\/\/miurltemporal.com/main/triatletasenred.sport.es\/wp-content\/uploads\/banner-INVERSE-TRIATLON-TRIATLETAS-EN-RED-1-696x150.jpg 696w\" sizes=\"(max-width: 700px) 100vw, 700px\" \/><\/a><\/p>\n<p>La noticia llega apenas una semana antes de la cita del 11 de octubre y ha conmocionado al circuito profesional. Derron, quien ven\u00eda consolid\u00e1ndose como una de las favoritas, explic\u00f3 que su decisi\u00f3n responde a <strong>problemas de salud derivados de un accidente<\/strong> sufrido en agosto.<\/p>\n<p><strong>UN A\u00d1O DE CONSAGRACI\u00d3N Y DESAF\u00cdOS<\/strong><\/p>\n<p>La trayectoria reciente de Derron ha sido mete\u00f3rica. Tras conquistar la medalla de <strong>plata individual en los Juegos Ol\u00edmpicos de Par\u00eds 2024<\/strong>, la suiza realiz\u00f3 una transici\u00f3n impecable hacia las medias y largas distancias.<\/p>\n<p>Su capacidad competitiva qued\u00f3 demostrada en entre 2024 y 2025 al escoltar a Taylor Knibb en tres eventos T100  consecutivos (Ibiza, Las Vegas y Dubai 2024) y posteriormente vencerla por primera vez en la T100 San Francisco 2025, marcando un hito en la serie.<\/p>\n<p>El punto culminante lleg\u00f3 con su <strong>victoria en el IRONMAN Vitoria-Gasteiz<\/strong>, donde domin\u00f3 de principio a fin y cruz\u00f3 la meta con casi 40 minutos de ventaja. <strong>Esa actuaci\u00f3n le vali\u00f3 su clasificaci\u00f3n directa para Kona, en apenas su segunda participaci\u00f3n en distancia completa<\/strong>, consolid\u00e1ndola como una seria aspirante al t\u00edtulo mundial.<\/p>\n<p><strong>\u201cCOMPETIR AHORA SER\u00cdA UN RIESGO DEMASIADO GRANDE\u201d<\/strong><\/p>\n<p>A trav\u00e9s de un comunicado publicado en Instagram, Derron comparti\u00f3 la noticia con sus seguidores:<\/p>\n<p><em>\u201cHe tenido que tomar la dif\u00edcil decisi\u00f3n de no competir en el Campeonato Mundial IRONMAN en Kona. Cre\u00eda que pod\u00eda estar lista, pero he estado luchando con problemas de salud desde mi accidente en agosto, y correr un Ironman ahora ser\u00eda un riesgo demasiado grande a largo plazo\u201d.<\/em><\/p>\n<p>La atleta reconoci\u00f3 su decepci\u00f3n por no poder vivir la experiencia hawaiana, pero subray\u00f3 que su prioridad es la recuperaci\u00f3n completa:<br \/>\n<em><br \/>\n\u201cEstoy muy decepcionada, ya que ten\u00eda muchas ganas de competir contra las mejores del mundo. Por ahora me centrar\u00e9 en recuperarme y en animar con todas mis fuerzas a mi hermana, Nina Derron, que representar\u00e1 a la familia en la gran isla\u201d<\/em>.<\/p>\n<p>Derron finaliz\u00f3 su mensaje con un tono optimista:<\/p>\n<p><em>\u201cEstoy muy motivada para volver a la carrera el a\u00f1o que viene\u201d.<\/em><\/p>\n<p><strong>UN ACCIDENTE QUE CAMBI\u00d3 LOS PLANES<\/strong><\/p>\n<p>El incidente al que alude Derron ocurri\u00f3 antes del French Riviera T100, cuando sufri\u00f3 una <strong>ca\u00edda en moto que la dej\u00f3 con molestias f\u00edsicas.<\/strong> En aquel momento rest\u00f3 importancia al golpe, aunque admiti\u00f3 no encontrarse en condiciones \u00f3ptimas para competir.<\/p>\n<p>Desde entonces, su recuperaci\u00f3n ha sido progresiva, pero el calendario competitivo y las exigencias del Ironman de Kona hicieron inviable su participaci\u00f3n sin riesgos.<\/p>\n<p><strong>KONA 2025: UNA CARRERA DE ESTRELLAS<\/strong><\/p>\n<p>A pesar de su ausencia, el Campeonato Mundial IRONMAN de este a\u00f1o se perfila como una de las ediciones m\u00e1s emocionantes de los \u00faltimos tiempos. Figuras como <strong>Lucy Charles-Barclay, Laura Philipp, Chelsea Sodaro, Kat Matthews<\/strong> y <strong>Taylor Knibb<\/strong> encabezan una parrilla de lujo que promete un espect\u00e1culo de alt\u00edsimo nivel.<\/p>\n<p>Entre las competidoras tambi\u00e9n estar\u00e1 Nina Derron, hermana de Julie, quien buscar\u00e1 dejar en alto el apellido familiar en la m\u00edtica isla de Haw\u00e1i.<\/p>\n<p><strong>MIRANDO HACIA EL FUTURO<\/strong><\/p>\n<p>La decisi\u00f3n de <strong>Julie Derron<\/strong>, aunque dolorosa, refleja madurez y visi\u00f3n a largo plazo. Con solo 28 a\u00f1os, la suiza ya ha demostrado que posee el talento y la fortaleza mental para volver a\u00fan m\u00e1s fuerte.<\/p>\n<p>Si su recuperaci\u00f3n avanza sin contratiempos, <strong>su regreso al circuito promete ser uno de los m\u00e1s esperados de 2026<\/strong>, con Kona nuevamente en el horizonte y un objetivo claro: volver para ganar.<\/p>\n","protected":false},"excerpt":{"rendered":"<p>Diversas secuelas que arrastra tras un accidente que sufri\u00f3 en agosto le obligan a tener que renunciar al Mundial. <\/p>\n","protected":false},"author":359,"featured_media":97959,"comment_status":"closed","ping_status":"open","sticky":false,"template":"","format":"standard","meta":{"_acf_changed":false,"rank_math_lock_modified_date":false,"footnotes":""},"categories":[17,10639],"tags":[],"class_list":{"0":"post-97955","1":"post","2":"type-post","3":"status-publish","4":"format-standard","5":"has-post-thumbnail","7":"category-actualidad","8":"category-portada"},"acf":[],"_links":{"self":[{"href":"https:\/\/miurltemporal.com/main/triatletasenred.sport.es\/wp-json\/wp\/v2\/posts\/97955"}],"collection":[{"href":"https:\/\/miurltemporal.com/main/triatletasenred.sport.es\/wp-json\/wp\/v2\/posts"}],"about":[{"href":"https:\/\/miurltemporal.com/main/triatletasenred.sport.es\/wp-json\/wp\/v2\/types\/post"}],"author":[{"embeddable":true,"href":"https:\/\/miurltemporal.com/main/triatletasenred.sport.es\/wp-json\/wp\/v2\/users\/359"}],"replies":[{"embeddable":true,"href":"https:\/\/miurltemporal.com/main/triatletasenred.sport.es\/wp-json\/wp\/v2\/comments?post=97955"}],"version-history":[{"count":7,"href":"https:\/\/miurltemporal.com/main/triatletasenred.sport.es\/wp-json\/wp\/v2\/posts\/97955\/revisions"}],"predecessor-version":[{"id":97965,"href":"https:\/\/miurltemporal.com/main/triatletasenred.sport.es\/wp-json\/wp\/v2\/posts\/97955\/revisions\/97965"}],"wp:featuredmedia":[{"embeddable":true,"href":"https:\/\/miurltemporal.com/main/triatletasenred.sport.es\/wp-json\/wp\/v2\/media\/97959"}],"wp:attachment":[{"href":"https:\/\/miurltemporal.com/main/triatletasenred.sport.es\/wp-json\/wp\/v2\/media?parent=97955"}],"wp:term":[{"taxonomy":"category","embeddable":true,"href":"https:\/\/miurltemporal.com/main/triatletasenred.sport.es\/wp-json\/wp\/v2\/categories?post=97955"},{"taxonomy":"post_tag","embeddable":true,"href":"https:\/\/miurltemporal.com/main/triatletasenred.sport.es\/wp-json\/wp\/v2\/tags?post=97955"}],"curies":[{"name":"wp","href":"https:\/\/api.w.org\/{rel}","templated":true}]}}