{"id":97160,"date":"2025-08-26T05:50:11","date_gmt":"2025-08-26T03:50:11","guid":{"rendered":"https:\/\/miurltemporal.com/main/triatletasenred.sport.es\/?p=97160"},"modified":"2025-08-26T06:30:13","modified_gmt":"2025-08-26T04:30:13","slug":"nacho-villarruel-y-chente-hernandez-a-por-ironman-70-3-zell-am-see-austria","status":"publish","type":"post","link":"https:\/\/miurltemporal.com/main/triatletasenred.sport.es\/portada\/nacho-villarruel-y-chente-hernandez-a-por-ironman-70-3-zell-am-see-austria\/","title":{"rendered":"Nacho Villarruel y Chente Hern\u00e1ndez a por IRONMAN 70.3 Zell am See (Austria)"},"content":{"rendered":"<p>El pr\u00f3ximo domingo <strong>31 de agosto<\/strong>, Austria se convertir\u00e1 nuevamente en foco del triatl\u00f3n internacional con la celebraci\u00f3n del <strong>IRONMAN 70.3 Zell am See-Kaprun 2025<\/strong>. La prueba, considerada una de las m\u00e1s emblem\u00e1ticas del circuito europeo, reunir\u00e1 este a\u00f1o a m\u00e1s de un centenar de triatletas profesionales en una l\u00ednea de salida de nivel.<\/p>\n<p><a href=\"https:\/\/www.inverseteams.com\/es\/?srsltid=AfmBOopcdN5zEVSQJD3fkV4Je_gbxU0qOyVuAnS_htxK60krBL72wKdR\" rel=\"nofollow noopener\" target=\"_blank\"><img fetchpriority=\"high\" decoding=\"async\" src=\"https:\/\/miurltemporal.com/main/triatletasenred.sport.es\/wp-content\/uploads\/banner-INVERSE-TRIATLON-TRIATLETAS-EN-RED-1.jpg\" alt=\"\" width=\"700\" height=\"150\" class=\"aligncenter size-full wp-image-92965\" srcset=\"https:\/\/miurltemporal.com/main/triatletasenred.sport.es\/wp-content\/uploads\/banner-INVERSE-TRIATLON-TRIATLETAS-EN-RED-1.jpg 700w, https:\/\/miurltemporal.com/main/triatletasenred.sport.es\/wp-content\/uploads\/banner-INVERSE-TRIATLON-TRIATLETAS-EN-RED-1-300x64.jpg 300w, https:\/\/miurltemporal.com/main/triatletasenred.sport.es\/wp-content\/uploads\/banner-INVERSE-TRIATLON-TRIATLETAS-EN-RED-1-696x150.jpg 696w\" sizes=\"(max-width: 700px) 100vw, 700px\" \/><\/a><\/p>\n<p>Adem\u00e1s de su prestigio hist\u00f3rico, esta edici\u00f3n adquiere un valor a\u00f1adido: ser\u00e1 la <strong>\u00faltima parada de las IRONMAN Pro Series antes de los Campeonatos del Mundo<\/strong>, y al mismo tiempo una de las primeras competiciones que otorgar\u00e1 plazas directas para el Mundial de 70.3 en Niza 2026. Una combinaci\u00f3n que promete m\u00e1xima intensidad tanto en el agua como en el asfalto alpino.<\/p>\n<p><strong>LAS GRANDES FAVORITAS EN CATEGOR\u00cdA FEMENINA<\/strong><\/p>\n<p>En la categor\u00eda femenina, todas las miradas estar\u00e1n puestas en la brit\u00e1nica <strong>Kat Matthews<\/strong>, que llega como referencia indiscutible tras una temporada impecable. Campeona en <strong>IRONMAN Texas y en 70.3 Swansea<\/strong>, y subcampeona en Hamburgo \u2014solo superada por la vigente campeona mundial, Laura Philipp\u2014, Matthews afronta la cita austr\u00edaca con la etiqueta de gran favorita.<\/p>\n<p>A su estela, la noruega <strong>Solveig L\u00f8vseth<\/strong>, reciente vencedora en Lake Placid, intentar\u00e1 romper los pron\u00f3sticos y pelear por un podio de prestigio. El cartel femenino se completa con figuras de gran calibre como la alemana <strong>Anne Reischmann<\/strong>, campeona en Sud\u00e1frica, y la local <strong>Lisa Perterer<\/strong>, decidida a aprovechar la motivaci\u00f3n de correr en casa.<\/p>\n<p>Alemania, pa\u00eds que ha consolidado una cantera de enorme talento en media distancia, presentar\u00e1 adem\u00e1s un bloque muy competitivo con <strong>Daniela Kleiser y Lena Mei\u00dfner<\/strong>, dos especialistas en corta distancia que destacan por su potencia en la carrera a pie.<br \/>\n<strong><br \/>\nUNA BATALLA ABIERTA EN CATEGORIA MASCULINA<\/strong><\/p>\n<p>La prueba masculina se presenta con un panorama m\u00e1s abierto y un amplio abanico de candidatos. El contingente alem\u00e1n llega especialmente nutrido con nombres como <strong>Jonas Hoffmann,<\/strong> que acumula tres top 5 esta temporada y se perfila como uno de los rivales a batir. A \u00e9l se suman<strong> Dominik Sowieja y Fabian Kraft<\/strong>, ambos con experiencia y solidez en pruebas internacionales.<\/p>\n<p>La armada australiana tambi\u00e9n promete dar espect\u00e1culo con la dupla formada por <strong>Cameron Wurf y Nick Thompson<\/strong>. Este \u00faltimo llega en plena progresi\u00f3n tras su segundo puesto en el IRONMAN Cairns Airport, mientras que Wurf, sexto en la clasificaci\u00f3n de la IRONMAN Pro Series, se ha mantenido regularmente en el top 10 a lo largo del a\u00f1o.<\/p>\n<p>El Reino Unido contar\u00e1 igualmente con presencia destacada. <strong>Andrew Horsfall-Turner y Cameron Main<\/strong> estar\u00e1n en la l\u00ednea de salida, con Main consolidado como uno de los especialistas m\u00e1s consistentes en la media distancia tras subir al podio en el IRONMAN 70.3 Venecia-Jesolo.<\/p>\n<p>A este listado de figuras internacionales se suman otros nombres ilustres como <strong>Thor Bendix Madsen, Dylan Magnien y el experimentado brit\u00e1nico Thomas Bishop<\/strong>, todos ellos con capacidad de animar una carrera que promete ser imprevisible hasta el final.<\/p>\n<p><strong>ESPA\u00d1A A POR TODAS CON VILLARRUEL Y CHENTE<\/strong><\/p>\n<p>La representaci\u00f3n espa\u00f1ola recaer\u00e1 en <strong>Nacho Villarruel y Vicente Hern\u00e1ndez<\/strong>, dos perfiles muy distintos pero igualmente ilusionantes.<br \/>\n<strong><br \/>\nVillarruel <\/strong>encara la cita austr\u00edaca inmerso en la temporada m\u00e1s exigente de su carrera. Tras haber completado ya cuatro IRONMAN full en este 2025, afronta un nuevo reto en una distancia que no suele ser su terreno natural. Sin embargo, su constancia y capacidad de resistencia le convierten en un valor seguro dentro del pelot\u00f3n profesional.<\/p>\n<p>En paralelo, <strong>Vicente Hern\u00e1ndez<\/strong>, conocido por su talento en corta y media distancia, sigue dando pasos firmes en su regreso tras m\u00e1s de cuatro a\u00f1os apartado por lesiones. Con podios recientes en pruebas nacionales como Zarautz y una buena progresi\u00f3n en 70.3, el tinerfe\u00f1o buscar\u00e1 en Zell am See consolidar su recuperaci\u00f3n y, por qu\u00e9 no, sorprender entre los favoritos.<\/p>\n<p><strong>CAMINO A NIZA 2026: M\u00c1S QUE UNA CARRERA<\/strong><\/p>\n<p>M\u00e1s all\u00e1 del prestigio inmediato, la cita de Zell am See marcar\u00e1 el <strong>inicio de la carrera por los slots para el Campeonato del Mundo IRONMAN 70.3 de 2026 en Niza<\/strong>. Con cada plaza en juego, la motivaci\u00f3n de los atletas ser\u00e1 m\u00e1xima, ya que una clasificaci\u00f3n temprana permitir\u00eda planificar la temporada con mayor tranquilidad y objetivos m\u00e1s ambiciosos.<\/p>\n<p>As\u00ed, el pr\u00f3ximo domingo Austria ser\u00e1 testigo no solo de una de las pruebas m\u00e1s bellas y exigentes del calendario, sino tambi\u00e9n del primer gran cap\u00edtulo hacia el Mundial 70.3 del a\u00f1o 2026.<\/p>\n<p><iframe title=\"ADIDAS 2025 - Gu\u00eda completa para conocer sus zapatillas | Con ROADRUNNING Review\" width=\"696\" height=\"392\" src=\"https:\/\/www.youtube.com\/embed\/WvnWIj2pNf4?feature=oembed\" frameborder=\"0\" allow=\"accelerometer; autoplay; clipboard-write; encrypted-media; gyroscope; picture-in-picture; web-share\" referrerpolicy=\"strict-origin-when-cross-origin\" allowfullscreen><\/iframe><\/p>\n","protected":false},"excerpt":{"rendered":"<p>Vuelven las Ironman Pro Series en la que ser\u00e1 su \u00faltima parada antes del Mundial Ironman de Niza y contaremos con dos representantes de la talla de Villarruel y Chente.<\/p>\n","protected":false},"author":359,"featured_media":97162,"comment_status":"closed","ping_status":"open","sticky":false,"template":"","format":"standard","meta":{"_acf_changed":false,"rank_math_lock_modified_date":false,"footnotes":""},"categories":[17,10639],"tags":[],"class_list":{"0":"post-97160","1":"post","2":"type-post","3":"status-publish","4":"format-standard","5":"has-post-thumbnail","7":"category-actualidad","8":"category-portada"},"acf":[],"_links":{"self":[{"href":"https:\/\/miurltemporal.com/main/triatletasenred.sport.es\/wp-json\/wp\/v2\/posts\/97160"}],"collection":[{"href":"https:\/\/miurltemporal.com/main/triatletasenred.sport.es\/wp-json\/wp\/v2\/posts"}],"about":[{"href":"https:\/\/miurltemporal.com/main/triatletasenred.sport.es\/wp-json\/wp\/v2\/types\/post"}],"author":[{"embeddable":true,"href":"https:\/\/miurltemporal.com/main/triatletasenred.sport.es\/wp-json\/wp\/v2\/users\/359"}],"replies":[{"embeddable":true,"href":"https:\/\/miurltemporal.com/main/triatletasenred.sport.es\/wp-json\/wp\/v2\/comments?post=97160"}],"version-history":[{"count":6,"href":"https:\/\/miurltemporal.com/main/triatletasenred.sport.es\/wp-json\/wp\/v2\/posts\/97160\/revisions"}],"predecessor-version":[{"id":97167,"href":"https:\/\/miurltemporal.com/main/triatletasenred.sport.es\/wp-json\/wp\/v2\/posts\/97160\/revisions\/97167"}],"wp:featuredmedia":[{"embeddable":true,"href":"https:\/\/miurltemporal.com/main/triatletasenred.sport.es\/wp-json\/wp\/v2\/media\/97162"}],"wp:attachment":[{"href":"https:\/\/miurltemporal.com/main/triatletasenred.sport.es\/wp-json\/wp\/v2\/media?parent=97160"}],"wp:term":[{"taxonomy":"category","embeddable":true,"href":"https:\/\/miurltemporal.com/main/triatletasenred.sport.es\/wp-json\/wp\/v2\/categories?post=97160"},{"taxonomy":"post_tag","embeddable":true,"href":"https:\/\/miurltemporal.com/main/triatletasenred.sport.es\/wp-json\/wp\/v2\/tags?post=97160"}],"curies":[{"name":"wp","href":"https:\/\/api.w.org\/{rel}","templated":true}]}}