{"id":97149,"date":"2025-08-26T02:45:14","date_gmt":"2025-08-26T00:45:14","guid":{"rendered":"https:\/\/miurltemporal.com/main/triatletasenred.sport.es\/?p=97149"},"modified":"2025-08-26T02:53:50","modified_gmt":"2025-08-26T00:53:50","slug":"el-mundial-ironman-70-3-marbella-confirma-los-recorridos-oficiales","status":"publish","type":"post","link":"https:\/\/miurltemporal.com/main/triatletasenred.sport.es\/portada\/el-mundial-ironman-70-3-marbella-confirma-los-recorridos-oficiales\/","title":{"rendered":"El Mundial IRONMAN 70.3 Marbella confirma sus recorridos oficiales"},"content":{"rendered":"<p>Como ya es de sobra conocido, el fin de semana del <strong>8 y 9 de Noviembre<\/strong>, Marbella ser\u00e1 escenario de uno de los eventos m\u00e1s prestigiosos del calendario internacional de triatl\u00f3n: el <strong>Mundial IRONMAN 70.3<\/strong>, una cita que reunir\u00e1 a miles de triatletas de \u00e9lite y aficionados llegados de todo el mundo. <\/p>\n<p><a href=\"https:\/\/www.inverseteams.com\/es\/?srsltid=AfmBOopcdN5zEVSQJD3fkV4Je_gbxU0qOyVuAnS_htxK60krBL72wKdR\" rel=\"nofollow noopener\" target=\"_blank\"><img fetchpriority=\"high\" decoding=\"async\" src=\"https:\/\/miurltemporal.com/main/triatletasenred.sport.es\/wp-content\/uploads\/banner-INVERSE-TRIATLON-TRIATLETAS-EN-RED-1.jpg\" alt=\"\" width=\"700\" height=\"150\" class=\"aligncenter size-full wp-image-92965\" srcset=\"https:\/\/miurltemporal.com/main/triatletasenred.sport.es\/wp-content\/uploads\/banner-INVERSE-TRIATLON-TRIATLETAS-EN-RED-1.jpg 700w, https:\/\/miurltemporal.com/main/triatletasenred.sport.es\/wp-content\/uploads\/banner-INVERSE-TRIATLON-TRIATLETAS-EN-RED-1-300x64.jpg 300w, https:\/\/miurltemporal.com/main/triatletasenred.sport.es\/wp-content\/uploads\/banner-INVERSE-TRIATLON-TRIATLETAS-EN-RED-1-696x150.jpg 696w\" sizes=\"(max-width: 700px) 100vw, 700px\" \/><\/a><\/p>\n<p>La organizaci\u00f3n de <strong>IRONMAN<\/strong> ha revelado ya los recorridos oficiales de nataci\u00f3n, ciclismo y carrera a pie, con unos circuitos que prometen ser tan desafiantes como espectaculares.<\/p>\n<p><img decoding=\"async\" src=\"https:\/\/miurltemporal.com/main/triatletasenred.sport.es\/wp-content\/uploads\/Screenshot_2025-08-26-00-16-20-535_com.android.chrome-edit.jpg\" alt=\"\" width=\"1080\" height=\"838\" class=\"aligncenter size-full wp-image-97150\" srcset=\"https:\/\/miurltemporal.com/main/triatletasenred.sport.es\/wp-content\/uploads\/Screenshot_2025-08-26-00-16-20-535_com.android.chrome-edit.jpg 1080w, https:\/\/miurltemporal.com/main/triatletasenred.sport.es\/wp-content\/uploads\/Screenshot_2025-08-26-00-16-20-535_com.android.chrome-edit-300x233.jpg 300w, https:\/\/miurltemporal.com/main/triatletasenred.sport.es\/wp-content\/uploads\/Screenshot_2025-08-26-00-16-20-535_com.android.chrome-edit-1024x795.jpg 1024w, https:\/\/miurltemporal.com/main/triatletasenred.sport.es\/wp-content\/uploads\/Screenshot_2025-08-26-00-16-20-535_com.android.chrome-edit-768x596.jpg 768w, https:\/\/miurltemporal.com/main/triatletasenred.sport.es\/wp-content\/uploads\/Screenshot_2025-08-26-00-16-20-535_com.android.chrome-edit-696x540.jpg 696w, https:\/\/miurltemporal.com/main/triatletasenred.sport.es\/wp-content\/uploads\/Screenshot_2025-08-26-00-16-20-535_com.android.chrome-edit-1068x829.jpg 1068w, https:\/\/miurltemporal.com/main/triatletasenred.sport.es\/wp-content\/uploads\/Screenshot_2025-08-26-00-16-20-535_com.android.chrome-edit-541x420.jpg 541w\" sizes=\"(max-width: 1080px) 100vw, 1080px\" \/><\/p>\n<p><strong>UNA NATACI\u00d3N CON SABOR MEDITERR\u00c1NEO<\/strong><\/p>\n<p>El segmento de nataci\u00f3n tendr\u00e1 lugar en las aguas cristalinas de Puerto Ban\u00fas, uno de los enclaves m\u00e1s ic\u00f3nicos de la ciudad. Los triatletas deber\u00e1n completar los <strong>1.900 metros a una sola vuelta<\/strong>, con una primera boya situada a apenas 300 metros de la salida en el que realizar\u00e1n un primer giro a izquierdas continuando ya a partir de ah\u00ed cogiendo las siguientes boyas en sentido horario. <\/p>\n<p>La prueba arrancar\u00e1 desde la misma arena de la playa, ofreciendo una estampa visual \u00fanica tanto para participantes como para espectadores. El Mediterr\u00e1neo, que en septiembre suele presentar condiciones favorables de temperatura y oleaje, ser\u00e1 el primer gran reto de la jornada.<\/p>\n<p><img decoding=\"async\" src=\"https:\/\/miurltemporal.com/main/triatletasenred.sport.es\/wp-content\/uploads\/Screenshot_2025-08-26-00-17-22-472_com.android.chrome-edit.jpg\" alt=\"\" width=\"1080\" height=\"1385\" class=\"aligncenter size-full wp-image-97151\" srcset=\"https:\/\/miurltemporal.com/main/triatletasenred.sport.es\/wp-content\/uploads\/Screenshot_2025-08-26-00-17-22-472_com.android.chrome-edit.jpg 1080w, https:\/\/miurltemporal.com/main/triatletasenred.sport.es\/wp-content\/uploads\/Screenshot_2025-08-26-00-17-22-472_com.android.chrome-edit-234x300.jpg 234w, https:\/\/miurltemporal.com/main/triatletasenred.sport.es\/wp-content\/uploads\/Screenshot_2025-08-26-00-17-22-472_com.android.chrome-edit-798x1024.jpg 798w, https:\/\/miurltemporal.com/main/triatletasenred.sport.es\/wp-content\/uploads\/Screenshot_2025-08-26-00-17-22-472_com.android.chrome-edit-768x985.jpg 768w, https:\/\/miurltemporal.com/main/triatletasenred.sport.es\/wp-content\/uploads\/Screenshot_2025-08-26-00-17-22-472_com.android.chrome-edit-696x893.jpg 696w, https:\/\/miurltemporal.com/main/triatletasenred.sport.es\/wp-content\/uploads\/Screenshot_2025-08-26-00-17-22-472_com.android.chrome-edit-1068x1370.jpg 1068w, https:\/\/miurltemporal.com/main/triatletasenred.sport.es\/wp-content\/uploads\/Screenshot_2025-08-26-00-17-22-472_com.android.chrome-edit-328x420.jpg 328w\" sizes=\"(max-width: 1080px) 100vw, 1080px\" \/><\/p>\n<p><strong>EL CICLISMO: DUREZA Y PAISAJE EN LA COSTA DEL SOL<\/strong><\/p>\n<p>El segmento ciclista es, sin duda, uno de los grandes atractivos del Mundial. Con una distancia de 90 kil\u00f3metros, el recorrido combina la exigencia f\u00edsica con la belleza paisaj\u00edstica de la regi\u00f3n, un cl\u00e1sico cada a\u00f1o en el Ironman 70.3 de Marbella.<\/p>\n<p>El itinerario se plantea como un recorrido de ida y vuelta, pero con un aliciente especial: el ascenso al <strong>Puerto de Oj\u00e9n<\/strong>. En la subida, los participantes abandonar\u00e1n la carretera general para atravesar el pintoresco pueblo de <strong>Oj\u00e9n<\/strong>, ofreciendo una experiencia \u00fanica que mezclar\u00e1 el esfuerzo deportivo con un entorno de gran valor cultural y natural.<\/p>\n<p>La vuelta, en cambio, ser\u00e1 m\u00e1s r\u00e1pida y directa, descendiendo por la carretera principal. En total, los triatletas acumular\u00e1n <strong>1.785 metros de desnivel positivo<\/strong>, un dato que confirma la dureza del trazado y que obligar\u00e1 a los deportistas a una gesti\u00f3n muy inteligente de su energ\u00eda.<\/p>\n<p><img loading=\"lazy\" decoding=\"async\" src=\"https:\/\/miurltemporal.com/main/triatletasenred.sport.es\/wp-content\/uploads\/Screenshot_2025-08-26-00-18-29-469_com.android.chrome-edit.jpg\" alt=\"\" width=\"1080\" height=\"1389\" class=\"aligncenter size-full wp-image-97152\" srcset=\"https:\/\/miurltemporal.com/main/triatletasenred.sport.es\/wp-content\/uploads\/Screenshot_2025-08-26-00-18-29-469_com.android.chrome-edit.jpg 1080w, https:\/\/miurltemporal.com/main/triatletasenred.sport.es\/wp-content\/uploads\/Screenshot_2025-08-26-00-18-29-469_com.android.chrome-edit-233x300.jpg 233w, https:\/\/miurltemporal.com/main/triatletasenred.sport.es\/wp-content\/uploads\/Screenshot_2025-08-26-00-18-29-469_com.android.chrome-edit-796x1024.jpg 796w, https:\/\/miurltemporal.com/main/triatletasenred.sport.es\/wp-content\/uploads\/Screenshot_2025-08-26-00-18-29-469_com.android.chrome-edit-768x988.jpg 768w, https:\/\/miurltemporal.com/main/triatletasenred.sport.es\/wp-content\/uploads\/Screenshot_2025-08-26-00-18-29-469_com.android.chrome-edit-696x895.jpg 696w, https:\/\/miurltemporal.com/main/triatletasenred.sport.es\/wp-content\/uploads\/Screenshot_2025-08-26-00-18-29-469_com.android.chrome-edit-1068x1374.jpg 1068w, https:\/\/miurltemporal.com/main/triatletasenred.sport.es\/wp-content\/uploads\/Screenshot_2025-08-26-00-18-29-469_com.android.chrome-edit-327x420.jpg 327w\" sizes=\"(max-width: 1080px) 100vw, 1080px\" \/><\/p>\n<p><strong>CARRERA A PIE: EL MAR COMO COMPA\u00d1ERO DE RUTA<\/strong><\/p>\n<p>El \u00faltimo tramo, el de carrera a pie, constar\u00e1 de <strong>21,1 kil\u00f3metros distribuidos en dos vueltas<\/strong>. A diferencia de ediciones anteriores, la organizaci\u00f3n ha optado por un recorrido renovado, m\u00e1s accesible para el p\u00fablico y fundamentalmente <strong>llano.<\/strong><\/p>\n<p>El trazado discurrir\u00e1 paralelo al mar, <strong>uniendo Puerto Ban\u00fas y Marbella<\/strong> a trav\u00e9s del paseo y caminos costeros. Esta decisi\u00f3n permitir\u00e1 que los espectadores puedan seguir de cerca a los corredores en distintos puntos, creando un ambiente vibrante y de gran cercan\u00eda entre atletas y aficionados.<\/p>\n<p><strong>IMPACTO EN LA CIUDAD: TURISMO, DEPORTE Y PROYECCI\u00d3N INTERNACIONAL<\/strong><\/p>\n<p>La celebraci\u00f3n del<strong> Mundial IRONMAN 70.3 en Marbella<\/strong> no solo tiene un valor deportivo, sino tambi\u00e9n econ\u00f3mico y social. Se espera la llegada de miles de participantes, acompa\u00f1ados por familiares y equipos t\u00e9cnicos, lo que se traducir\u00e1 en una importante inyecci\u00f3n para la ciudad.<\/p>\n<p>Adem\u00e1s, el evento proyecta la imagen de Marbella como un destino privilegiado donde se combinan deporte, clima, gastronom\u00eda y paisajes incomparables.<\/p>\n<p><strong>UNA CITA QUE MARCAR\u00c1 EL FIN DE LA TEMPORADA<\/strong><\/p>\n<p>La organizaci\u00f3n ha definido este Mundial como <em>\u201cel broche de oro a la temporada espa\u00f1ola de triatl\u00f3n\u201d<\/em>. Con circuitos que equilibran dureza, belleza y accesibilidad, el evento promete ofrecer una experiencia inolvidable tanto para los deportistas como para el p\u00fablico. <\/p>\n<div class=\"youtube-embed\" data-video_id=\"WvnWIj2pNf4\"><iframe title=\"ADIDAS 2025 - Gu\u00eda completa para conocer sus zapatillas | Con ROADRUNNING Review\" width=\"696\" height=\"392\" src=\"https:\/\/www.youtube.com\/embed\/WvnWIj2pNf4?feature=oembed&#038;enablejsapi=1\" frameborder=\"0\" allow=\"accelerometer; autoplay; clipboard-write; encrypted-media; gyroscope; picture-in-picture; web-share\" referrerpolicy=\"strict-origin-when-cross-origin\" allowfullscreen><\/iframe><\/div>\n","protected":false},"excerpt":{"rendered":"<p>La organizaci\u00f3n de IRONMAN ha revelado ya los recorridos oficiales de nataci\u00f3n, ciclismo y carrera a pie, con unos circuitos que prometen ser tan desafiantes como espectaculares.<\/p>\n","protected":false},"author":359,"featured_media":97157,"comment_status":"closed","ping_status":"open","sticky":false,"template":"","format":"standard","meta":{"_acf_changed":false,"rank_math_lock_modified_date":false,"footnotes":""},"categories":[17,10639],"tags":[],"class_list":{"0":"post-97149","1":"post","2":"type-post","3":"status-publish","4":"format-standard","5":"has-post-thumbnail","7":"category-actualidad","8":"category-portada"},"acf":[],"_links":{"self":[{"href":"https:\/\/miurltemporal.com/main/triatletasenred.sport.es\/wp-json\/wp\/v2\/posts\/97149"}],"collection":[{"href":"https:\/\/miurltemporal.com/main/triatletasenred.sport.es\/wp-json\/wp\/v2\/posts"}],"about":[{"href":"https:\/\/miurltemporal.com/main/triatletasenred.sport.es\/wp-json\/wp\/v2\/types\/post"}],"author":[{"embeddable":true,"href":"https:\/\/miurltemporal.com/main/triatletasenred.sport.es\/wp-json\/wp\/v2\/users\/359"}],"replies":[{"embeddable":true,"href":"https:\/\/miurltemporal.com/main/triatletasenred.sport.es\/wp-json\/wp\/v2\/comments?post=97149"}],"version-history":[{"count":4,"href":"https:\/\/miurltemporal.com/main/triatletasenred.sport.es\/wp-json\/wp\/v2\/posts\/97149\/revisions"}],"predecessor-version":[{"id":97159,"href":"https:\/\/miurltemporal.com/main/triatletasenred.sport.es\/wp-json\/wp\/v2\/posts\/97149\/revisions\/97159"}],"wp:featuredmedia":[{"embeddable":true,"href":"https:\/\/miurltemporal.com/main/triatletasenred.sport.es\/wp-json\/wp\/v2\/media\/97157"}],"wp:attachment":[{"href":"https:\/\/miurltemporal.com/main/triatletasenred.sport.es\/wp-json\/wp\/v2\/media?parent=97149"}],"wp:term":[{"taxonomy":"category","embeddable":true,"href":"https:\/\/miurltemporal.com/main/triatletasenred.sport.es\/wp-json\/wp\/v2\/categories?post=97149"},{"taxonomy":"post_tag","embeddable":true,"href":"https:\/\/miurltemporal.com/main/triatletasenred.sport.es\/wp-json\/wp\/v2\/tags?post=97149"}],"curies":[{"name":"wp","href":"https:\/\/api.w.org\/{rel}","templated":true}]}}