{"id":97142,"date":"2025-08-25T17:49:46","date_gmt":"2025-08-25T15:49:46","guid":{"rendered":"https:\/\/miurltemporal.com/main/triatletasenred.sport.es\/?p=97142"},"modified":"2025-08-25T17:51:40","modified_gmt":"2025-08-25T15:51:40","slug":"robo-masivo-de-bicicletas-al-equipo-visma-en-plena-vuelta-a-espana","status":"publish","type":"post","link":"https:\/\/miurltemporal.com/main/triatletasenred.sport.es\/portada\/robo-masivo-de-bicicletas-al-equipo-visma-en-plena-vuelta-a-espana\/","title":{"rendered":"Robo masivo de bicicletas al equipo Visma en plena Vuelta a Espa\u00f1a"},"content":{"rendered":"<p>El equipo ciclista <strong>Visma<\/strong> denunci\u00f3 este lunes el <strong>robo de 18 bicicletas<\/strong> de alta gama de su cami\u00f3n de asistencia mientras participaban en la Vuelta a Espa\u00f1a. El incidente se produjo durante la noche en las inmediaciones del hotel donde se alojaba la escuadra, en las afueras de Tur\u00edn.<\/p>\n<p><a href=\"https:\/\/www.inverseteams.com\/es\/?srsltid=AfmBOopcdN5zEVSQJD3fkV4Je_gbxU0qOyVuAnS_htxK60krBL72wKdR\" rel=\"nofollow noopener\" target=\"_blank\"><img fetchpriority=\"high\" decoding=\"async\" src=\"https:\/\/miurltemporal.com/main/triatletasenred.sport.es\/wp-content\/uploads\/banner-INVERSE-TRIATLON-TRIATLETAS-EN-RED-1.jpg\" alt=\"\" width=\"700\" height=\"150\" class=\"aligncenter size-full wp-image-92965\" srcset=\"https:\/\/miurltemporal.com/main/triatletasenred.sport.es\/wp-content\/uploads\/banner-INVERSE-TRIATLON-TRIATLETAS-EN-RED-1.jpg 700w, https:\/\/miurltemporal.com/main/triatletasenred.sport.es\/wp-content\/uploads\/banner-INVERSE-TRIATLON-TRIATLETAS-EN-RED-1-300x64.jpg 300w, https:\/\/miurltemporal.com/main/triatletasenred.sport.es\/wp-content\/uploads\/banner-INVERSE-TRIATLON-TRIATLETAS-EN-RED-1-696x150.jpg 696w\" sizes=\"(max-width: 700px) 100vw, 700px\" \/><\/a><\/p>\n<p>En un comunicado difundido en redes sociales, la formaci\u00f3n neerlandesa explic\u00f3: <em>\u201cAnoche asaltaron nuestro cami\u00f3n y robaron varias bicicletas\u201d<\/em>. Pese al rev\u00e9s, los mec\u00e1nicos trabajaron de inmediato para garantizar que los corredores dispusieran del material necesario antes de afrontar la tercera etapa de la ronda espa\u00f1ola.<\/p>\n<p><strong>UN CONTRATIEMPO TRAS UN D\u00cdA HIST\u00d3RICO<\/strong><\/p>\n<p>El robo se produjo en un contexto de gran relevancia deportiva para el equipo. Apenas unas horas antes, el dan\u00e9s <strong>Jonas Vingegaard<\/strong> hab\u00eda logrado la victoria en la segunda etapa, enfund\u00e1ndose el maillot de l\u00edder de la clasificaci\u00f3n general. A este triunfo se sum\u00f3, no obstante, la noticia del abandono del franc\u00e9s <strong>Alex Zingle<\/strong>, lo que ya hab\u00eda supuesto un golpe para la plantilla.<\/p>\n<p><strong>VALOR ECON\u00d3MICO Y RECUPERACI\u00d3N PARCIAL<\/strong><\/p>\n<p>De acuerdo con estimaciones de medios especializados, las bicicletas sustra\u00eddas tendr\u00edan un <strong>valor cercano a los 250.000 euros, con un coste aproximado de 15.000 euros por unidad<\/strong>. Se trata de modelos dise\u00f1ados espec\u00edficamente para la competici\u00f3n profesional, con componentes de \u00faltima tecnolog\u00eda.<\/p>\n<p>Fuentes italianas se\u00f1alaron que parte del material robado habr\u00eda sido localizado por las autoridades, aunque la investigaci\u00f3n contin\u00faa abierta para esclarecer lo ocurrido y dar con los responsables.<br \/>\n<strong><br \/>\nOTROS EQUIPOS, SIN INCIDENTES<\/strong><\/p>\n<p>En el mismo hotel tambi\u00e9n se encontraban concentrados los equipos <strong>Movistar y Lidl-Trek<\/strong>, quienes no reportaron incidentes similares. La localizaci\u00f3n del robo ha despertado preocupaci\u00f3n en el pelot\u00f3n, ya que la seguridad de los equipos se ha convertido en un tema recurrente en las \u00faltimas temporadas de grandes vueltas ciclistas.<\/p>\n<p><strong>CONTINUIDAD GARANTIZADA EN LA CARRERA<\/strong><\/p>\n<p>A pesar de la magnitud del robo, desde <strong>Visma<\/strong> aseguraron que <strong>la participaci\u00f3n del equipo en la carrera no corre peligro<\/strong>. Gracias al material de repuesto, los ciclistas podr\u00e1n continuar compitiendo sin contratiempos t\u00e9cnicos. <em>\u201cNuestros mec\u00e1nicos est\u00e1n trabajando para que el equipo est\u00e9 completamente preparado para seguir compitiendo sin problema alguno\u201d<\/em>, insisti\u00f3 la escuadra neerlandesa.<\/p>\n<div class=\"youtube-embed\" data-video_id=\"hnavuZinpJ8\"><iframe title=\"Visitamos el PARA\u00cdSO de CANYON en Barcelona \ud83d\udccd  JORDAN WORKSHOP \ud83d\udeb4\ud83c\udffb\" width=\"696\" height=\"392\" src=\"https:\/\/www.youtube.com\/embed\/hnavuZinpJ8?start=906&#038;feature=oembed\" frameborder=\"0\" allow=\"accelerometer; autoplay; clipboard-write; encrypted-media; gyroscope; picture-in-picture; web-share\" referrerpolicy=\"strict-origin-when-cross-origin\" allowfullscreen><\/iframe><\/div>\n","protected":false},"excerpt":{"rendered":"<p>El equipo ciclista Visma denunci\u00f3 este lunes el robo de 18 bicicletas de alta gama de su cami\u00f3n de asistencia <\/p>\n","protected":false},"author":359,"featured_media":74615,"comment_status":"closed","ping_status":"open","sticky":false,"template":"","format":"standard","meta":{"_acf_changed":false,"rank_math_lock_modified_date":false,"footnotes":""},"categories":[17,10639],"tags":[],"class_list":{"0":"post-97142","1":"post","2":"type-post","3":"status-publish","4":"format-standard","5":"has-post-thumbnail","7":"category-actualidad","8":"category-portada"},"acf":[],"_links":{"self":[{"href":"https:\/\/miurltemporal.com/main/triatletasenred.sport.es\/wp-json\/wp\/v2\/posts\/97142"}],"collection":[{"href":"https:\/\/miurltemporal.com/main/triatletasenred.sport.es\/wp-json\/wp\/v2\/posts"}],"about":[{"href":"https:\/\/miurltemporal.com/main/triatletasenred.sport.es\/wp-json\/wp\/v2\/types\/post"}],"author":[{"embeddable":true,"href":"https:\/\/miurltemporal.com/main/triatletasenred.sport.es\/wp-json\/wp\/v2\/users\/359"}],"replies":[{"embeddable":true,"href":"https:\/\/miurltemporal.com/main/triatletasenred.sport.es\/wp-json\/wp\/v2\/comments?post=97142"}],"version-history":[{"count":4,"href":"https:\/\/miurltemporal.com/main/triatletasenred.sport.es\/wp-json\/wp\/v2\/posts\/97142\/revisions"}],"predecessor-version":[{"id":97146,"href":"https:\/\/miurltemporal.com/main/triatletasenred.sport.es\/wp-json\/wp\/v2\/posts\/97142\/revisions\/97146"}],"wp:featuredmedia":[{"embeddable":true,"href":"https:\/\/miurltemporal.com/main/triatletasenred.sport.es\/wp-json\/wp\/v2\/media\/74615"}],"wp:attachment":[{"href":"https:\/\/miurltemporal.com/main/triatletasenred.sport.es\/wp-json\/wp\/v2\/media?parent=97142"}],"wp:term":[{"taxonomy":"category","embeddable":true,"href":"https:\/\/miurltemporal.com/main/triatletasenred.sport.es\/wp-json\/wp\/v2\/categories?post=97142"},{"taxonomy":"post_tag","embeddable":true,"href":"https:\/\/miurltemporal.com/main/triatletasenred.sport.es\/wp-json\/wp\/v2\/tags?post=97142"}],"curies":[{"name":"wp","href":"https:\/\/api.w.org\/{rel}","templated":true}]}}