{"id":97139,"date":"2025-08-25T16:37:24","date_gmt":"2025-08-25T14:37:24","guid":{"rendered":"https:\/\/miurltemporal.com/main/triatletasenred.sport.es\/?p=97139"},"modified":"2025-08-25T16:37:24","modified_gmt":"2025-08-25T14:37:24","slug":"sanders-renuncia-al-mundial-ironman-de-niza-si-compitiese-el-riesgo-seria-enorme","status":"publish","type":"post","link":"https:\/\/miurltemporal.com/main/triatletasenred.sport.es\/actualidad\/sanders-renuncia-al-mundial-ironman-de-niza-si-compitiese-el-riesgo-seria-enorme\/","title":{"rendered":"Sanders renuncia al Mundial Ironman de Niza: &#8220;Si compitiese, el riesgo ser\u00eda enorme&#8221;"},"content":{"rendered":"<p>El canadiense prioriza no poner en riesgo su carrera y recuperarse correctamente de su fractura por estr\u00e9s y a dos semanas de la cita descarta participar en el Mundial.<\/p>\n<p><a href=\"https:\/\/tritour.cat\/tossademar\" rel=\"nofollow noopener\" target=\"_blank\"><img fetchpriority=\"high\" decoding=\"async\" class=\"alignnone size-full wp-image-96138\" src=\"https:\/\/miurltemporal.com/main/triatletasenred.sport.es\/wp-content\/uploads\/banner-tossa-.jpg\" alt=\"\" width=\"694\" height=\"144\" srcset=\"https:\/\/miurltemporal.com/main/triatletasenred.sport.es\/wp-content\/uploads\/banner-tossa-.jpg 694w, https:\/\/miurltemporal.com/main/triatletasenred.sport.es\/wp-content\/uploads\/banner-tossa--300x62.jpg 300w\" sizes=\"(max-width: 694px) 100vw, 694px\" \/><\/a><\/p>\n<p>Primer bombazo del <strong>Mundial Ironman de Niza<\/strong> masculino a poco m\u00e1s de dos semanas de su celebraci\u00f3n. <strong>Lionel Sanders no estar\u00e1 en la l\u00ednea de salida<\/strong>. El canadiense despeja la \u2018x\u2019 que su cuerpo puso sobre \u00e9l hace casi cuatro meses y al que remat\u00f3 en el mes de junio el <strong><a href=\"https:\/\/miurltemporal.com/main/triatletasenred.sport.es\/actualidad\/sanders-se-rompe-en-su-mejor-momento-le-detectan-una-lesion-cruenta-y-un-sindrome-todavia-mas-danino\/\">doble diagn\u00f3stico de una fractura por estr\u00e9s en el sacro y el s\u00edndrome de Deficiencia Energ\u00e9tica Relativa, tambi\u00e9n llamada \u201cRED-S\u201d<\/a><\/strong>.<\/p>\n<p>As\u00ed lo ha confirmado en su \u00faltimo v\u00eddeo en su <a href=\"https:\/\/youtu.be\/LMHlSCnutC4?si=gxIZLyxnDDD7GWtt\" rel=\"nofollow noopener\" target=\"_blank\">canal de Youtube<\/a>: \u201c<strong><em>Ahora mismo es imposible que participe en Niza<\/em><\/strong>\u201d son las categ\u00f3ricas palabras del vigente ganador en Ironman 70.3 St George y Oceanside.<\/p>\n<h4><strong>CUESTI\u00d3N DE LA CARRERA A PIE<\/strong><\/h4>\n<hr \/>\n<p>La suya ha sido una decisi\u00f3n que ha apurado hasta el \u00faltimo momento, <strong>esperando una recuperaci\u00f3n que no ha llegado o avanzado tan r\u00e1pido como esperaba<\/strong>. Tal y como comenta, Sanders contaba con poder regresar a la competici\u00f3n en Eagleman, despu\u00e9s lo retras\u00f3 a Lake Placid, posteriormente lo pospuso a Louisville y finalmente lo fio todo a acudir directamente al Mundial Ironman sin tests previos. Sin embargo, su realidad es que <strong>no existe un progreso suficiente en la carrera a pie para poder afrontar el marat\u00f3n final, donde cree que \u00fanicamente podr\u00eda correr durante una hora y lejos de su nivel.<\/strong><\/p>\n<h5><em><strong>&#8220;ES MUY CRUEL&#8221;<\/strong><\/em><\/h5>\n<p>A diferencia de lo que ha sucedido con los entrenamientos de fuerza, la nataci\u00f3n y el ciclismo donde Sanders ya se encuentra \u201ca toda m\u00e1quina\u201d y bajo sus par\u00e1metros \u201cmejorando, sin duda\u201d; el triatleta <strong>ha afirmado que todav\u00eda necesitar\u00e1 como m\u00ednimo de dos a tres semanas para recuperar su ritmo de carrera en el running<\/strong> y poder entrenar con normalidad en las tres disciplinas. Un pron\u00f3stico que le deja indefenso en cuanto al calendario del Mundial Ironman. De hecho, tilda su situaci\u00f3n como \u201c<strong><em>Cruel. Muy cruel<\/em><\/strong>\u201d.<\/p>\n<p>Pese a sus circunstancias, Sanders reconoce que su entorno le ha presentado la posibilidad de acudir a la Costa Azul y tomar parte para completar \u00fanicamente el segmento acu\u00e1tico y la bicicleta. Un planteamiento que no se le pasa por la cabeza: \u201c<strong><em>No me gusta participar en carreras con la intenci\u00f3n de no terminarlas (sabiendo de antemano que no va a poder hacerlo)<\/em><\/strong>\u201d.<\/p>\n<h4><em><strong>&#8220;ES DEMASIADO PRONTO. EL RIESGO ES ENORME&#8221;<\/strong><\/em><\/h4>\n<p>Filosof\u00eda aparte, el <strong>riesgo de volver a lesionarse<\/strong> es el motivo principal para ni meditar esa propuesta. Una reca\u00edda que puede comprometer definitivamente su carrera, hasta el punto de finiquitarla y que quiere evitar a toda costa: \u201c<em>Solo han pasado 16 semanas desde los primeros s\u00edntomas. As\u00ed que tambi\u00e9n conlleva el riesgo de volver a lesionarse. <strong>Puede que el hueso no est\u00e9 completamente remodelado, aunque deber\u00eda estarlo, pero no necesariamente estar\u00e1 completamente endurecido. Por lo tanto, ser\u00eda un riesgo enorme<\/strong>. Incluso montar en bicicleta a toda velocidad. Es un recorrido con muchas subidas. <strong>Es demasiado pronto, por desgracia<\/strong><\/em>\u201d.<\/p>\n<h4><strong>\u00a0S\u00cd A MARBELLA: LLENO DE DUDAS: &#8220;OJAL\u00c1 FUERAN DIFERENTES LAS COSAS&#8221;<\/strong><\/h4>\n<hr \/>\n<p>Con Niza fuera de su alcance, <strong>Lionel Sanders<\/strong> quiere olvidar este mal trago lo antes posible (siempre que la salud lo respete) y ya ha fijado al <strong>Mundial Ironman 70.3<\/strong> <strong>de Marbella<\/strong> a principios de noviembre como su \u00faltimo objetivo. Una cita a la que habr\u00e1 que ver c\u00f3mo llega puesto que seg\u00fan asevera <strong>en octubre \u201c<em>probablemente tampoco estar\u00e9 en forma<\/em>\u201d<\/strong>. \u201c<strong><em>Ojal\u00e1 fuera diferente, pero as\u00ed son las cosas a veces<\/em><\/strong>\u201d es la reflexi\u00f3n del que carism\u00e1tico triatleta.<\/p>\n<p><iframe title=\"ADIDAS 2025 - Gu\u00eda completa para conocer sus zapatillas | Con ROADRUNNING Review\" width=\"696\" height=\"392\" src=\"https:\/\/www.youtube.com\/embed\/WvnWIj2pNf4?feature=oembed\" frameborder=\"0\" allow=\"accelerometer; autoplay; clipboard-write; encrypted-media; gyroscope; picture-in-picture; web-share\" referrerpolicy=\"strict-origin-when-cross-origin\" allowfullscreen><\/iframe><\/p>\n","protected":false},"excerpt":{"rendered":"<p>El canadiense prioriza no poner en riesgo su carrera y recuperarse correctamente de su fractura por estr\u00e9s y a dos semanas de la cita descarta participar en el Mundial.<\/p>\n","protected":false},"author":351,"featured_media":95309,"comment_status":"closed","ping_status":"open","sticky":false,"template":"","format":"standard","meta":{"_acf_changed":false,"rank_math_lock_modified_date":false,"footnotes":""},"categories":[17,10639],"tags":[5178,5822],"class_list":{"0":"post-97139","1":"post","2":"type-post","3":"status-publish","4":"format-standard","5":"has-post-thumbnail","7":"category-actualidad","8":"category-portada","9":"tag-lionel-sanders","10":"tag-mundial-ironman"},"acf":[],"_links":{"self":[{"href":"https:\/\/miurltemporal.com/main/triatletasenred.sport.es\/wp-json\/wp\/v2\/posts\/97139"}],"collection":[{"href":"https:\/\/miurltemporal.com/main/triatletasenred.sport.es\/wp-json\/wp\/v2\/posts"}],"about":[{"href":"https:\/\/miurltemporal.com/main/triatletasenred.sport.es\/wp-json\/wp\/v2\/types\/post"}],"author":[{"embeddable":true,"href":"https:\/\/miurltemporal.com/main/triatletasenred.sport.es\/wp-json\/wp\/v2\/users\/351"}],"replies":[{"embeddable":true,"href":"https:\/\/miurltemporal.com/main/triatletasenred.sport.es\/wp-json\/wp\/v2\/comments?post=97139"}],"version-history":[{"count":2,"href":"https:\/\/miurltemporal.com/main/triatletasenred.sport.es\/wp-json\/wp\/v2\/posts\/97139\/revisions"}],"predecessor-version":[{"id":97141,"href":"https:\/\/miurltemporal.com/main/triatletasenred.sport.es\/wp-json\/wp\/v2\/posts\/97139\/revisions\/97141"}],"wp:featuredmedia":[{"embeddable":true,"href":"https:\/\/miurltemporal.com/main/triatletasenred.sport.es\/wp-json\/wp\/v2\/media\/95309"}],"wp:attachment":[{"href":"https:\/\/miurltemporal.com/main/triatletasenred.sport.es\/wp-json\/wp\/v2\/media?parent=97139"}],"wp:term":[{"taxonomy":"category","embeddable":true,"href":"https:\/\/miurltemporal.com/main/triatletasenred.sport.es\/wp-json\/wp\/v2\/categories?post=97139"},{"taxonomy":"post_tag","embeddable":true,"href":"https:\/\/miurltemporal.com/main/triatletasenred.sport.es\/wp-json\/wp\/v2\/tags?post=97139"}],"curies":[{"name":"wp","href":"https:\/\/api.w.org\/{rel}","templated":true}]}}