{"id":96951,"date":"2025-08-22T12:30:28","date_gmt":"2025-08-22T10:30:28","guid":{"rendered":"https:\/\/miurltemporal.com/main/triatletasenred.sport.es\/?p=96951"},"modified":"2025-08-22T11:41:31","modified_gmt":"2025-08-22T09:41:31","slug":"tres-espanoles-y-118-triatletas-conoce-quienes-se-han-clasificado-para-el-mundial-ironman-de-niza-y-kona","status":"publish","type":"post","link":"https:\/\/miurltemporal.com/main/triatletasenred.sport.es\/actualidad\/tres-espanoles-y-118-triatletas-conoce-quienes-se-han-clasificado-para-el-mundial-ironman-de-niza-y-kona\/","title":{"rendered":"Tres espa\u00f1oles y 118 triatletas. Conoce qui\u00e9nes se han clasificado para el Mundial Ironman de Niza y Kona."},"content":{"rendered":"<p>Consulta la gu\u00eda m\u00e1s completa sobre la demograf\u00eda del Mundial Ironman 2025: los espa\u00f1oles, los campeones, el espectro de edad o la distribuci\u00f3n geogr\u00e1fica de los participantes.<\/p>\n<p><a href=\"https:\/\/tidd.ly\/41mq8KP\" rel=\"nofollow noopener\" target=\"_blank\"><img fetchpriority=\"high\" decoding=\"async\" class=\"alignnone size-full wp-image-96562\" src=\"https:\/\/miurltemporal.com/main/triatletasenred.sport.es\/wp-content\/uploads\/HOKA_700x100px_RocketX3.jpg\" alt=\"\" width=\"700\" height=\"100\" srcset=\"https:\/\/miurltemporal.com/main/triatletasenred.sport.es\/wp-content\/uploads\/HOKA_700x100px_RocketX3.jpg 700w, https:\/\/miurltemporal.com/main/triatletasenred.sport.es\/wp-content\/uploads\/HOKA_700x100px_RocketX3-300x43.jpg 300w, https:\/\/miurltemporal.com/main/triatletasenred.sport.es\/wp-content\/uploads\/HOKA_700x100px_RocketX3-696x100.jpg 696w\" sizes=\"(max-width: 700px) 100vw, 700px\" \/><\/a><\/p>\n<p>M\u00e1s de una veintena de ventanas clasificaci\u00f3n en otros tanto eventos femeninos y masculinos y doce meses de competici\u00f3n han pasado desde que <strong>Jodie Robertson y Sarah True<\/strong> lograsen el primer y segundo billete para el mundial de 2025 en Ironman Canad\u00e1 2024 y el \u00faltimo pasaporte conseguido sobre la bocina por parte de <strong>Zack Cooper<\/strong> el pasado domingo 17 de agosto en Ironman Copenhague. <strong>Se acab\u00f3 lo que se daba<\/strong>.<\/p>\n<p>Un lapso de tiempo en el que <strong>118 deportistas profesionales han confirmado su presencia en la cita por excelencia de la temporada, un Mundial Ironman<\/strong> que ya tiene cerrados a sus protagonistas y que por \u00faltima vez se dividir\u00e1 entre Niza y Kona, entre septiembre y octubre, entre hombres y mujeres.<\/p>\n<h4><strong>3 ESPA\u00d1OLES Y UNA AUSENCIA<\/strong><\/h4>\n<hr \/>\n<p>M\u00e1s de un centenar de participantes en el que se entremezclan veteranos consumados \u2013 repleto de campeones, personas que conocen lo que es subir al podio, firmar el TOP10 o finishers \u2013 con debutantes, pero en los que destacan sobremanera <strong>tres nombres y una sonada ausencia entre los espa\u00f1oles<\/strong>. Una delegaci\u00f3n espa\u00f1ola que repetir\u00e1 n\u00famero de participantes, pero invertir\u00e1 el 2 vs 1 del curso pasado. Si en 2024 la doble baza era la femenina, en esta ocasi\u00f3n lo ser\u00e1 la masculina con <strong>Antonio Benito<\/strong> como repetidor y <strong>Jordi Montraveta<\/strong> como novato. En la \u00e9lite femenina, <strong>Marta S\u00e1nchez<\/strong> vivir\u00e1 su segundo Mundial, pero debutar\u00e1 en la \u2018Meca\u2019 donde por el contrario no estar\u00e1 <strong>Gurutze Frades<\/strong>.<\/p>\n<figure id=\"attachment_96913\" aria-describedby=\"caption-attachment-96913\" style=\"width: 696px\" class=\"wp-caption alignnone\"><img decoding=\"async\" class=\"size-large wp-image-96913\" src=\"https:\/\/miurltemporal.com/main/triatletasenred.sport.es\/wp-content\/uploads\/Con-la-mirada-puesta-en-@alpetriathlon-\u26f0\ufe0fMotivacion-a-tope-despues-de-unos-dias-subiendo-puertos-1024x683.jpg\" alt=\"\" width=\"696\" height=\"464\" srcset=\"https:\/\/miurltemporal.com/main/triatletasenred.sport.es\/wp-content\/uploads\/Con-la-mirada-puesta-en-@alpetriathlon-\u26f0\ufe0fMotivacion-a-tope-despues-de-unos-dias-subiendo-puertos-1024x683.jpg 1024w, https:\/\/miurltemporal.com/main/triatletasenred.sport.es\/wp-content\/uploads\/Con-la-mirada-puesta-en-@alpetriathlon-\u26f0\ufe0fMotivacion-a-tope-despues-de-unos-dias-subiendo-puertos-300x200.jpg 300w, https:\/\/miurltemporal.com/main/triatletasenred.sport.es\/wp-content\/uploads\/Con-la-mirada-puesta-en-@alpetriathlon-\u26f0\ufe0fMotivacion-a-tope-despues-de-unos-dias-subiendo-puertos-768x512.jpg 768w, https:\/\/miurltemporal.com/main/triatletasenred.sport.es\/wp-content\/uploads\/Con-la-mirada-puesta-en-@alpetriathlon-\u26f0\ufe0fMotivacion-a-tope-despues-de-unos-dias-subiendo-puertos-696x464.jpg 696w, https:\/\/miurltemporal.com/main/triatletasenred.sport.es\/wp-content\/uploads\/Con-la-mirada-puesta-en-@alpetriathlon-\u26f0\ufe0fMotivacion-a-tope-despues-de-unos-dias-subiendo-puertos-1068x712.jpg 1068w, https:\/\/miurltemporal.com/main/triatletasenred.sport.es\/wp-content\/uploads\/Con-la-mirada-puesta-en-@alpetriathlon-\u26f0\ufe0fMotivacion-a-tope-despues-de-unos-dias-subiendo-puertos-630x420.jpg 630w, https:\/\/miurltemporal.com/main/triatletasenred.sport.es\/wp-content\/uploads\/Con-la-mirada-puesta-en-@alpetriathlon-\u26f0\ufe0fMotivacion-a-tope-despues-de-unos-dias-subiendo-puertos.jpg 1080w\" sizes=\"(max-width: 696px) 100vw, 696px\" \/><figcaption id=\"caption-attachment-96913\" class=\"wp-caption-text\">Jordi Montraveta ser\u00e1 el debutante espa\u00f1ol de 2025 en el Mundial. Fotograf\u00eda: @jamesmitchell5 en @ironmanlanzarote<\/figcaption><\/figure>\n<p>La catalana fue la primera en asegurar su presencia en Kona despu\u00e9s de imponerse en el evento de casa, <a href=\"https:\/\/miurltemporal.com/main/triatletasenred.sport.es\/actualidad\/marta-sanchez-de-niza-a-kona-y-tira-porque-me-toca-tras-ganar-im-calella-barcelona\/\"><strong>Ironman Barcelona<\/strong><\/a> en octubre. En cambio, con la primavera florecieron los slots masculinos con una plata en <a href=\"https:\/\/miurltemporal.com/main/triatletasenred.sport.es\/competiciones\/solo-blummenfelt-pudo-con-un-pletorico-antonio-benito-en-ironman-texas\/\"><strong>Ironman Texas<\/strong><\/a> que puso a <strong>Benito<\/strong> destino a Niza y un <a href=\"https:\/\/miurltemporal.com/main/triatletasenred.sport.es\/actualidad\/un-jordi-montraveta-de-plata-exhibe-sus-credenciales-en-ironman-lanzarote-magnien-y-charles-barclay-lo-conquistan\/\"><strong>Ironman Lanzarote<\/strong><\/a> c\u00f3mplice con los suyos que factur\u00f3 el debut mundialista de <strong>Montraveta<\/strong>.<\/p>\n<h4><strong>SIETE CAMPEONES DEL MUNDO Y OTROS CINCO TOP3<\/strong><\/h4>\n<hr \/>\n<p>Los tres buscar\u00e1n una corona al alcance de unos pocos elegidos entre los que se encuentran <strong>siete<\/strong> de los \u00faltimos vencedores, <strong>cuatro hombres y tres mujeres<\/strong>. Los vigentes campeones <strong>Patrick Lange<\/strong> y <strong>Laura Philipp<\/strong> ser\u00e1n de la partida en una edici\u00f3n <strong>donde el alem\u00e1n ser\u00e1 el triatleta con m\u00e1s t\u00edtulos en su haber (3)<\/strong>. De hecho, es el \u00fanico que sabe lo que es subir a lo m\u00e1s alto en m\u00e1s de una ocasi\u00f3n.<\/p>\n<p>El resto, <strong>Kristian Blummenfelt, Gustav Iden, Sam Laidlow, Chelsea Sodaro, Lucy Charles-Barclay<\/strong> y su propia compatriota buscar\u00e1n la segunda corona en su casillero particular. La gran <strong>ausencia<\/strong>, <strong>Anne Haug<\/strong> quien hace apenas unas semanas y de forma inesperada para el p\u00fablico pon\u00eda punto y final a su carrera.<\/p>\n<figure id=\"attachment_92425\" aria-describedby=\"caption-attachment-92425\" style=\"width: 696px\" class=\"wp-caption alignnone\"><img decoding=\"async\" class=\"size-large wp-image-92425\" src=\"https:\/\/miurltemporal.com/main/triatletasenred.sport.es\/wp-content\/uploads\/LAURA-PHILIPP-NIZA-1024x576.jpg\" alt=\"\" width=\"696\" height=\"392\" srcset=\"https:\/\/miurltemporal.com/main/triatletasenred.sport.es\/wp-content\/uploads\/LAURA-PHILIPP-NIZA-1024x576.jpg 1024w, https:\/\/miurltemporal.com/main/triatletasenred.sport.es\/wp-content\/uploads\/LAURA-PHILIPP-NIZA-300x169.jpg 300w, https:\/\/miurltemporal.com/main/triatletasenred.sport.es\/wp-content\/uploads\/LAURA-PHILIPP-NIZA-768x432.jpg 768w, https:\/\/miurltemporal.com/main/triatletasenred.sport.es\/wp-content\/uploads\/LAURA-PHILIPP-NIZA-696x392.jpg 696w, https:\/\/miurltemporal.com/main/triatletasenred.sport.es\/wp-content\/uploads\/LAURA-PHILIPP-NIZA-1068x601.jpg 1068w, https:\/\/miurltemporal.com/main/triatletasenred.sport.es\/wp-content\/uploads\/LAURA-PHILIPP-NIZA-747x420.jpg 747w, https:\/\/miurltemporal.com/main/triatletasenred.sport.es\/wp-content\/uploads\/LAURA-PHILIPP-NIZA.jpg 1536w\" sizes=\"(max-width: 696px) 100vw, 696px\" \/><figcaption id=\"caption-attachment-92425\" class=\"wp-caption-text\">Laura Philipp defender\u00e1 su t\u00edtulo en Kona. Fotograf\u00eda: Ironman.<\/figcaption><\/figure>\n<p>Tampoco faltar\u00e1n aquellos que ya conocen el podio del Mundial. En la \u00e9lite masculina, <strong>Lionel Sanders, Bart Aernouts, Magnus Ditlev y Rudy Von Berg<\/strong>. En la \u00e9lite femenina, <strong>Kat Matthews<\/strong>. En la balanza de ausentes, <strong>Braden Currie<\/strong> (tercero en 2021) quien tras una compleja temporada no ha conseguido el slot. En t\u00e9rminos num\u00e9ricos, el <strong>10.16% de los participantes<\/strong> ha subido en alguna ocasi\u00f3n al <strong>TOP3<\/strong>, significando el <strong>13.56% dentro del cuadro masculino<\/strong> y solo el <strong>6.77%<\/strong> en el <strong>cuadro femenino<\/strong>.<\/p>\n<h5><strong>HABR\u00c1 NUEVO TOP10 EN 2025: TR\u00cdO DE KO&#8217;S<\/strong><\/h5>\n<p><strong>Tres ser\u00e1n las bajas entre los triatletas del TOP10 del curso pasado<\/strong>. Las m\u00e1s significativas se producir\u00e1n en Niza, ciudad a la que no acudir\u00e1n ni <strong>Menno Koolhaas<\/strong> ni <strong>Gregory Barnaby<\/strong>, quinto y sexto respectivamente en 2024 en Kona y quienes por diferentes circunstancias este a\u00f1o han estado in\u00e9ditos en larga distancia. A ellos se le sumar\u00e1 la brit\u00e1nica <strong>Nikki Bartlett<\/strong> quien, tras superar distintos problemas, trat\u00f3 de buscar su plaza en Ironman Kalmar en la \u00faltima oportunidad para ello, pero la que fuera <strong>TOP5<\/strong> en Niza cerr\u00f3 su paso con un DNF que le ape\u00f3 de Haw\u00e1i.<\/p>\n<h4><strong>\u00a1SE DISPARA EL % DE DEBUTANTES!<\/strong><\/h4>\n<hr \/>\n<p>Desde una perspectiva global, tanto Niza primero como Kona despu\u00e9s reunir\u00e1n unas <strong>start-lists donde el equilibrio entre veteranos y novatos rondar\u00e1 la simetr\u00eda con una peque\u00f1a basculaci\u00f3n a favor de los experimentados<\/strong>. No obstante, en ambos casos los estrenos rozar\u00e1n o superar\u00e1n el 40%. Concretamente, el <strong>37.29% de los hombres ser\u00e1n debutantes<\/strong> y la cifra se elevar\u00e1 hasta el <strong>42.37% entre las f\u00e9minas<\/strong> para un <strong>39.83% total<\/strong>.<\/p>\n<h4><strong>IRONMAN SE &#8216;METE&#8217; EN EL SIGLO XXI \u00a1EL PRIMER 2001 YA OPTA AL T\u00cdTULO!<\/strong><\/h4>\n<hr \/>\n<p>La juventud reinar\u00e1 en la Costa Azul donde hasta <strong>21 participantes masculinos arrancar\u00e1n la pelea por el Mundial Ironman con menos de 30 a\u00f1os<\/strong>, lo que representa al <strong>35.59%<\/strong> de lo mismos. Eso s\u00ed, dos de ellos, dos figuras del calibre de Sam Laidlow quien lograse en ese mismo lugar su oro y Sam Long lo har\u00e1n a semanas de cambiar de n\u00famero.<\/p>\n<p><img loading=\"lazy\" decoding=\"async\" class=\"alignnone size-large wp-image-97006\" src=\"https:\/\/miurltemporal.com/main/triatletasenred.sport.es\/wp-content\/uploads\/Finn-Grose-Freese-sera-el-participante-mas-joven-de-la-edicion-del-Mundial-Ironman-2025.-Fotografia-Ironman-1024x678.jpg\" alt=\"\" width=\"696\" height=\"461\" srcset=\"https:\/\/miurltemporal.com/main/triatletasenred.sport.es\/wp-content\/uploads\/Finn-Grose-Freese-sera-el-participante-mas-joven-de-la-edicion-del-Mundial-Ironman-2025.-Fotografia-Ironman-1024x678.jpg 1024w, https:\/\/miurltemporal.com/main/triatletasenred.sport.es\/wp-content\/uploads\/Finn-Grose-Freese-sera-el-participante-mas-joven-de-la-edicion-del-Mundial-Ironman-2025.-Fotografia-Ironman-300x199.jpg 300w, https:\/\/miurltemporal.com/main/triatletasenred.sport.es\/wp-content\/uploads\/Finn-Grose-Freese-sera-el-participante-mas-joven-de-la-edicion-del-Mundial-Ironman-2025.-Fotografia-Ironman-768x508.jpg 768w, https:\/\/miurltemporal.com/main/triatletasenred.sport.es\/wp-content\/uploads\/Finn-Grose-Freese-sera-el-participante-mas-joven-de-la-edicion-del-Mundial-Ironman-2025.-Fotografia-Ironman-696x461.jpg 696w, https:\/\/miurltemporal.com/main/triatletasenred.sport.es\/wp-content\/uploads\/Finn-Grose-Freese-sera-el-participante-mas-joven-de-la-edicion-del-Mundial-Ironman-2025.-Fotografia-Ironman-1068x707.jpg 1068w, https:\/\/miurltemporal.com/main/triatletasenred.sport.es\/wp-content\/uploads\/Finn-Grose-Freese-sera-el-participante-mas-joven-de-la-edicion-del-Mundial-Ironman-2025.-Fotografia-Ironman-635x420.jpg 635w, https:\/\/miurltemporal.com/main/triatletasenred.sport.es\/wp-content\/uploads\/Finn-Grose-Freese-sera-el-participante-mas-joven-de-la-edicion-del-Mundial-Ironman-2025.-Fotografia-Ironman.jpg 1206w\" sizes=\"(max-width: 696px) 100vw, 696px\" \/><\/p>\n<p>Sin embargo, el protagonismo por excelencia en este aspecto se lo lleva el alem\u00e1n <strong>Finn Gro\u00dfe-Freese<\/strong>, el m\u00e1s joven de todos los clasificados \u2013 tanto en hombres como en mujeres \u2013 que debutar\u00e1 en estas lides con <strong>24 a\u00f1os<\/strong>. \u00c9l junto a <strong>Jamie Riddle <\/strong>(25) y<strong> Nick Thompson<\/strong> (25) har\u00e1n entrar al Mundial Ironman en los 2000 y es que, por primera vez, habr\u00e1 tres triatletas nacidos a partir de esa fecha. El teut\u00f3n en <strong>2001<\/strong> y, por tanto, <strong>el primero ya nacido en el Siglo XXI<\/strong>, y el sudafricano y australiano en <strong>2000<\/strong>.<\/p>\n<h5><strong>20 A\u00d1OS NO SON NADA&#8230;<\/strong><\/h5>\n<blockquote class=\"td_quote td_quote_right\"><p><strong>44 VS 24 Y 20 A\u00d1OS DE DIFERENCIA ENTRE EL M\u00c1S JOVEN Y M\u00c1S VETERANO DEL MUNDIAL<\/strong><\/p><\/blockquote>\n<p>En el otro lado del espectro, se ubicar\u00e1n <strong>Michael Weiss (44), Cameron Wurf (42) y Matt Hanson (40)<\/strong>, los tres hombres que superan la barrera de los 40 a\u00f1os, lo que supone apenas un<strong> 5.01%<\/strong> del total para una <strong>start list pro masculina<\/strong> con una <strong>media de edad de 31 a\u00f1os<\/strong> y una diferencia de <strong>20\u00a0a\u00f1os entre el m\u00e1s joven y el m\u00e1s veterano<\/strong>.<\/p>\n<h4><strong>LA VETERAN\u00cdA LLEVA EL PESO EN LA \u00c9LITE FEMENINA<\/strong><\/h4>\n<hr \/>\n<p>En clave femenina, los 2000 no har\u00e1n acto de presencia, pero s\u00ed habr\u00e1 <strong>dos mujeres del a\u00f1o 1999<\/strong>: <strong>Julie Iemmolo<\/strong> y <strong>Marjolaine Pierr\u00e9<\/strong>. Ambas galas todav\u00eda con 25 a\u00f1os en el momento que se dispute el Mundial. No obstante, ser\u00e1 en <strong>Iemmolo<\/strong> sobre la que recaiga el honor de ser <strong>la m\u00e1s joven de las clasificadas<\/strong> ya que cumplir\u00e1 los 26 a\u00f1os a <strong>finales de diciembre<\/strong>, mientras que su compatriota lo har\u00e1 <strong>dos semanas despu\u00e9s de la cita de Kona<\/strong>.<\/p>\n<h5><strong>JUVENTUD Y MADUREZ EN MISMAS PROPORCIONES<\/strong><\/h5>\n<p>A diferencia de lo que sucede con sus hom\u00f3logos, el <strong>grupo de 25-29 a\u00f1os<\/strong> solo representar\u00e1 a <strong>siete de las mujeres<\/strong> en la isla, apenas un <strong>11.86%<\/strong>. Fracci\u00f3n manceba de id\u00e9nticas proporciones a la madura, la que <strong>iguala o supera los 40 a\u00f1os de edad<\/strong> que en este caso se han hecho con otros <strong>siete slots (11.86%)<\/strong>, un porcentaje superior al de los hombres. <strong>Sarah True (1981)<\/strong> que participar\u00e1 en Kona <strong>a puertas de cumplir 44 a\u00f1os ser\u00e1 la m\u00e1s veterana<\/strong>, seguida por <strong>Amber Ferreira (1982)<\/strong> quien le va a la zaga con 43 a\u00f1os. En este caso, <strong>19 a\u00f1os ser\u00e1 lo que separe a Iemmolo y True<\/strong>.<\/p>\n<h4><strong>IRONMAN, BASTI\u00d3N TREINTA\u00d1ERO<\/strong><\/h4>\n<p>Unas estad\u00edsticas que volver\u00e1n a situar a la masa <strong>treinta\u00f1era<\/strong> como la m\u00e1s lustroso aportando el <strong>76.28%<\/strong> de las protagonistas, una cifra mucho m\u00e1s elevada que la que personifica esa misma franja de edad dentro del grupo masculino (<strong>63.40%)<\/strong>. La <strong>media de edad femenina ser\u00e1 de 34 a\u00f1os y de 33 a\u00f1os uniendo a la \u00e9lite femenina y la masculina<\/strong>.<\/p>\n<figure id=\"attachment_97061\" aria-describedby=\"caption-attachment-97061\" style=\"width: 696px\" class=\"wp-caption alignnone\"><img loading=\"lazy\" decoding=\"async\" class=\"wp-image-97061 size-large\" src=\"https:\/\/miurltemporal.com/main/triatletasenred.sport.es\/wp-content\/uploads\/PATRICK-LANGE-1024x576.png\" alt=\"\" width=\"696\" height=\"392\" srcset=\"https:\/\/miurltemporal.com/main/triatletasenred.sport.es\/wp-content\/uploads\/PATRICK-LANGE-1024x576.png 1024w, https:\/\/miurltemporal.com/main/triatletasenred.sport.es\/wp-content\/uploads\/PATRICK-LANGE-300x169.png 300w, https:\/\/miurltemporal.com/main/triatletasenred.sport.es\/wp-content\/uploads\/PATRICK-LANGE-768x432.png 768w, https:\/\/miurltemporal.com/main/triatletasenred.sport.es\/wp-content\/uploads\/PATRICK-LANGE-1536x864.png 1536w, https:\/\/miurltemporal.com/main/triatletasenred.sport.es\/wp-content\/uploads\/PATRICK-LANGE-696x392.png 696w, https:\/\/miurltemporal.com/main/triatletasenred.sport.es\/wp-content\/uploads\/PATRICK-LANGE-1068x601.png 1068w, https:\/\/miurltemporal.com/main/triatletasenred.sport.es\/wp-content\/uploads\/PATRICK-LANGE-747x420.png 747w, https:\/\/miurltemporal.com/main/triatletasenred.sport.es\/wp-content\/uploads\/PATRICK-LANGE.png 1920w\" sizes=\"(max-width: 696px) 100vw, 696px\" \/><figcaption id=\"caption-attachment-97061\" class=\"wp-caption-text\">Julie Iemmolo y Sarah True representar\u00e1n el inicio y final del espectro de edad en la \u00e9lite femenina.<\/figcaption><\/figure>\n<h4><strong>UN MAPAMUNDI GLOBALISTA PARA NIZA Y KONA<\/strong><\/h4>\n<hr \/>\n<p>En 2025 <strong>los cinco continentes habitados contar\u00e1n con alg\u00fan representante en el Campeonato del Mundo<\/strong>, bien sea en Niza, en Kona o en ambas citas en las que reunir\u00e1n deportistas de hasta <strong>26 naciones<\/strong>.<\/p>\n<blockquote><p><strong>26 PA\u00cdSES DE LOS 5 CONTINENTES HAN LOGRADO REPRESENTACI\u00d3N EN EL MUNDIAL IRONMAN<\/strong><\/p><\/blockquote>\n<p>Asimismo, <strong>14<\/strong> de ellas <strong>han logrado clasificar m\u00ednimo a un hombre y una mujer (54,85%)<\/strong>, mientras que <strong>8 \u00fanicamente tienen participaci\u00f3n masculina<\/strong> y otras <strong>4 \u00fanicamente participaci\u00f3n femenina<\/strong>. En ese sentido, la multiculturalidad ser\u00e1 superior en el evento franc\u00e9s en el que un total <strong>22 pa\u00edses<\/strong> ver\u00e1n izada su bandera en la <strong>\u00e9lite masculina<\/strong>, por <strong>18<\/strong> <strong>en la \u00e9lite femenina<\/strong> que dar\u00e1n m\u00e1s colorido a la ya vivaz Kona.<\/p>\n<h4><strong>EUROPA Y ESTADOS UNIDOS LIBRAN UNA BATALLA GEODEPORTIVA<\/strong><\/h4>\n<p>No obstante, el mapa triatl\u00e9tico quedar\u00e1 <strong>dominado por el Viejo Continente<\/strong>, puesto que <strong>Europa<\/strong> aportar\u00e1 el <strong>61.02% de los clasificados<\/strong>, o lo que es lo mismo hasta <strong>72 deportistas <\/strong>de<strong> 16 estados <\/strong>diferentes. El segundo continente m\u00e1s fuerte ser\u00e1 <strong>Am\u00e9rica<\/strong> con un <strong>24.58% de los participantes<\/strong> y <strong>29 slots<\/strong> en su poder. El podio lo cierra <strong>Ocean\u00eda<\/strong> que hace de su tradici\u00f3n su mayor virtud y buscar\u00e1 nuevas alegr\u00edas con <strong>14 atletas<\/strong>, el <strong>11,86%<\/strong> del \u2018pastel\u2019 divididos en tres naciones donde destaca el \u2018sorpresivo\u2019.<\/p>\n<p>Testimonial pero meritoria ser\u00e1 la presencia de <strong>\u00c1frica con dos hombres (1,69%)<\/strong> y especialmente <strong>Asia<\/strong> con <strong>un \u00fanico representante cada uno (0,85%)<\/strong>. Pocas balas que en el caso de Sud\u00e1frica con Jamie Riddle y Bradley Weiss pueden ser suficientes para lograr un buen puesto, pero que paralelamente hablan de la centrificaci\u00f3n del triatl\u00f3n en un \u00fanico pa\u00eds y la falta de desarrollo en el resto del continente. Reflejo en gran parte de su situaci\u00f3n polideportiva.<\/p>\n<figure id=\"attachment_97027\" aria-describedby=\"caption-attachment-97027\" style=\"width: 483px\" class=\"wp-caption aligncenter\"><img loading=\"lazy\" decoding=\"async\" class=\"size-large wp-image-97027\" src=\"https:\/\/miurltemporal.com/main/triatletasenred.sport.es\/wp-content\/uploads\/El-Poblamiento-de-America-483x1024.png\" alt=\"\" width=\"483\" height=\"1024\" srcset=\"https:\/\/miurltemporal.com/main/triatletasenred.sport.es\/wp-content\/uploads\/El-Poblamiento-de-America-483x1024.png 483w, https:\/\/miurltemporal.com/main/triatletasenred.sport.es\/wp-content\/uploads\/El-Poblamiento-de-America-141x300.png 141w, https:\/\/miurltemporal.com/main/triatletasenred.sport.es\/wp-content\/uploads\/El-Poblamiento-de-America-768x1629.png 768w, https:\/\/miurltemporal.com/main/triatletasenred.sport.es\/wp-content\/uploads\/El-Poblamiento-de-America-724x1536.png 724w, https:\/\/miurltemporal.com/main/triatletasenred.sport.es\/wp-content\/uploads\/El-Poblamiento-de-America-696x1476.png 696w, https:\/\/miurltemporal.com/main/triatletasenred.sport.es\/wp-content\/uploads\/El-Poblamiento-de-America-198x420.png 198w, https:\/\/miurltemporal.com/main/triatletasenred.sport.es\/wp-content\/uploads\/El-Poblamiento-de-America.png 943w\" sizes=\"(max-width: 483px) 100vw, 483px\" \/><figcaption id=\"caption-attachment-97027\" class=\"wp-caption-text\">Infograf\u00eda participaci\u00f3n por continentes triatletas Mundial Ironman 2025. Fuente: Elaboraci\u00f3n Propia (Olatz Zubia).<\/figcaption><\/figure>\n<h4><strong>OLIGOPOLIO DEL TOP5: DE LA MASA SIN PODER ESTADOUNIDENSE Y FRANCESA, AL PODER\u00cdO EFECTIVO DE ALEMANIA Y REINO UNIDO Y EL AGUANTE OCE\u00c1NICO<\/strong><\/h4>\n<hr \/>\n<p>Tendencias que se reflejar\u00e1n tambi\u00e9n en las grandes potencias lideradas por <strong>Estados Unidos<\/strong> con una delegaci\u00f3n de <strong>22 triatletas<\/strong>, seguido por <strong>Alemania<\/strong> que con <strong>19 deportistas<\/strong> se lleva la plata y <strong>Reino Unido<\/strong> que con <strong>10 clasificados<\/strong> cerrar\u00e1 el <strong>TOP3<\/strong>. Un podio que re\u00fane a <strong>52 participantes<\/strong> de los 118 totales, un <strong>44,07%<\/strong>. Unos d\u00edgitos que si se ampl\u00edan al <strong>TOP5<\/strong> que ocupan empatados <strong>Australia<\/strong> (9) y <strong>Francia<\/strong> (9) copan el <strong>59,32%<\/strong> de los slots (<strong>70 plazas<\/strong>), m\u00e1s de la mitad de ellos.<\/p>\n<p>Una pir\u00e1mide cuya cima radiograf\u00eda lo que es el triatl\u00f3n actual, dividido entre un poder que todav\u00eda retienen firmemente las naciones de mayor tradici\u00f3n y el auge de algunas emergentes.<\/p>\n<figure id=\"attachment_97026\" aria-describedby=\"caption-attachment-97026\" style=\"width: 696px\" class=\"wp-caption alignnone\"><img loading=\"lazy\" decoding=\"async\" class=\"wp-image-97026 size-large\" src=\"https:\/\/miurltemporal.com/main/triatletasenred.sport.es\/wp-content\/uploads\/GRAFICO-DE-BARRAS-DISTRIBUCION-POR-PAISES-PARTICIPANTES-MUNDIAL-IRONMAN-2025-verde-1024x574.png\" alt=\"\" width=\"696\" height=\"390\" srcset=\"https:\/\/miurltemporal.com/main/triatletasenred.sport.es\/wp-content\/uploads\/GRAFICO-DE-BARRAS-DISTRIBUCION-POR-PAISES-PARTICIPANTES-MUNDIAL-IRONMAN-2025-verde-1024x574.png 1024w, https:\/\/miurltemporal.com/main/triatletasenred.sport.es\/wp-content\/uploads\/GRAFICO-DE-BARRAS-DISTRIBUCION-POR-PAISES-PARTICIPANTES-MUNDIAL-IRONMAN-2025-verde-300x168.png 300w, https:\/\/miurltemporal.com/main/triatletasenred.sport.es\/wp-content\/uploads\/GRAFICO-DE-BARRAS-DISTRIBUCION-POR-PAISES-PARTICIPANTES-MUNDIAL-IRONMAN-2025-verde-768x431.png 768w, https:\/\/miurltemporal.com/main/triatletasenred.sport.es\/wp-content\/uploads\/GRAFICO-DE-BARRAS-DISTRIBUCION-POR-PAISES-PARTICIPANTES-MUNDIAL-IRONMAN-2025-verde-696x390.png 696w, https:\/\/miurltemporal.com/main/triatletasenred.sport.es\/wp-content\/uploads\/GRAFICO-DE-BARRAS-DISTRIBUCION-POR-PAISES-PARTICIPANTES-MUNDIAL-IRONMAN-2025-verde-1068x599.png 1068w, https:\/\/miurltemporal.com/main/triatletasenred.sport.es\/wp-content\/uploads\/GRAFICO-DE-BARRAS-DISTRIBUCION-POR-PAISES-PARTICIPANTES-MUNDIAL-IRONMAN-2025-verde-749x420.png 749w, https:\/\/miurltemporal.com/main/triatletasenred.sport.es\/wp-content\/uploads\/GRAFICO-DE-BARRAS-DISTRIBUCION-POR-PAISES-PARTICIPANTES-MUNDIAL-IRONMAN-2025-verde.png 1402w\" sizes=\"(max-width: 696px) 100vw, 696px\" \/><figcaption id=\"caption-attachment-97026\" class=\"wp-caption-text\">DISTRIBUCI\u00d3N POR PA\u00cdSES Y SEXO DE LOS PARTICIPANTES MUNDIAL IRONMAN 2025. INFOGRAF\u00cdA: ELABORACI\u00d3N PROPIA.<\/figcaption><\/figure>\n<h5><strong>ESTADOS UNIDOS\u00a0\u00a0<\/strong><\/h5>\n<p>Dentro del primer estrato, un <strong>Estados Unidos dominante num\u00e9ricamente<\/strong> a <strong>nivel global (18,64%), el 75,86% dentro de la representaci\u00f3n americana y el 91,66% dentro de Norteam\u00e9rica<\/strong> y especialmente en la <strong>\u00e9lite femenina<\/strong> donde suman hasta <strong>15 participantes (30,61% de la starlist),<\/strong> pero <strong>necesitado de resultados<\/strong> despu\u00e9s de lograr <strong>un \u00fanico triunfo en las dos \u00faltimas d\u00e9cadas<\/strong> (Sodaro, 2022).<\/p>\n<h5><strong>ALEMANIA, UNA M\u00c1QUINA CASI PERFECTA\u00a0<\/strong><\/h5>\n<p>Un doble objetivo cuya eficiencia y efectividad encarna <strong>Alemania<\/strong>. No solo son <strong>los segundos m\u00e1s numerosos (19) y 12,05%<\/strong> <strong>y primeros en el r\u00e1nking masculino (10) y europeo donde representan el 26,39% de los 72 que a\u00fana<\/strong>, sino que su equilibrio y buena salud en ambas categor\u00edas \u2013 pese a inclinarse hacia el lado masculino \u2013 se traslada en el d\u00eda \u2018D\u2019. El pa\u00eds teut\u00f3n <strong>defender\u00e1 las dos coronas<\/strong> y un trabajo de cantera y legado que en los \u00faltimos 21 a\u00f1os les ha brindado <strong>12 victorias y otros 19 podios con hasta 9 triatletas distintos<\/strong>. Eso s\u00ed, con el adi\u00f3s de Haug pierden a una baza segura en la pugna por las medallas.<\/p>\n<h5><strong>EL BALUARTE FEMENINO DE REINO UNIDO<\/strong><\/h5>\n<p>Sinton\u00eda la que se adhiere <strong>Reino Unido<\/strong> pese a tener un perfil claramente diferenciado. En su caso, <strong>no existe una oscilaci\u00f3n gigante en cuanto a la clasificaci\u00f3n de hombres (4) y mujeres (6), pero es el rendimiento de estas \u00faltimas las que les convierte en una potencia<\/strong>, con <strong>seis triunfos<\/strong> y <strong>otros doce podios<\/strong> desde <strong>2005<\/strong>.<\/p>\n<h5><strong>FRANCIA, UNA BASE \u00bfDE FUTURO?<\/strong><\/h5>\n<p>Diferente es la situaci\u00f3n de <strong>Francia<\/strong> que una temporada m\u00e1s evidencia su <strong>amplio fondo de armario<\/strong> tanto en la <strong>\u00e9lite masculina (4) como femenina (5)<\/strong>, pero a la que se le resisten los grandes \u00e9xitos a excepci\u00f3n del triunfo de Laidlow en 2023. El mismo al que aspira Chevalier y que a nivel femenino pulen dos gemas todav\u00eda por explotar como Iemmolo y Pierr\u00e9. Eso s\u00ed, <strong>los galos (12,50%)<\/strong> cierran el triunvirato con el que junto a <strong>Alemania (26,39%), Reino Unido (13,89%)<\/strong> <strong>copan el 52,78% de los slots obtenidos por deportistas europeos<\/strong>.<\/p>\n<h5><strong>LA TRADICI\u00d3N OCE\u00c1NICA RESISTE<\/strong><\/h5>\n<p>Mientras que <strong>Australia<\/strong> tira de <strong>ra\u00edces y tradici\u00f3n<\/strong> para mantenerse en la pomada con una delegaci\u00f3n sin una gran estrella con opciones, pero s\u00f3lida &#8211; rozando la decena &#8211; que les permite estar en ese <strong>TOP5<\/strong>. Aspecto en com\u00fan con <strong>Nueva Zelanda<\/strong> que con <strong>cuatro participantes<\/strong> se mantiene en el <strong>TOP8 mundial<\/strong> pese al crecimiento de otros pa\u00edses como los n\u00f3rdicos<strong> Noruega (6) y Dinamarca (6)<\/strong> que ya le superan. El dato curioso lo aporta <strong>Pa\u00edses Bajos<\/strong> que con <strong>\u00fanicamente representaci\u00f3n femenina (4) se cuela en el TOP10<\/strong>.<\/p>\n<h4><strong>CLASIFICADOS MUNDIAL IRONMAN 2025<\/strong><\/h4>\n<hr \/>\n<p>Estos son los hombres y mujeres clasificados para el Mundial Ironman de Niza y Kona respectivamente:<\/p>\n<table>\n<tbody>\n<tr>\n<td width=\"29\"><strong>1<\/strong><\/td>\n<td width=\"159\"><strong>Antonio Benito<\/strong><\/td>\n<td width=\"57\"><strong>ESP<\/strong><\/td>\n<td width=\"255\"><strong>Marta S\u00e1nchez<\/strong><\/td>\n<td width=\"66\"><strong>\u00a0ESP<\/strong><\/td>\n<\/tr>\n<tr>\n<td width=\"29\"><strong>2<\/strong><\/td>\n<td width=\"159\"><strong>Jordi Montraveta<\/strong><\/td>\n<td width=\"57\"><strong>ESP<\/strong><\/td>\n<td width=\"255\"><strong>Laura Philipp<\/strong><\/td>\n<td width=\"66\"><strong>GER<\/strong><\/td>\n<\/tr>\n<tr>\n<td width=\"29\"><strong>3<\/strong><\/td>\n<td width=\"159\"><strong>Patrick Lange<\/strong><\/td>\n<td width=\"57\"><strong>GER<\/strong><\/td>\n<td width=\"255\"><strong>Lucy Charles-Barclay,<\/strong><\/td>\n<td width=\"66\"><strong>\u00a0GBR<\/strong><\/td>\n<\/tr>\n<tr>\n<td width=\"29\"><strong>4<\/strong><\/td>\n<td width=\"159\"><strong>Sam Laidlow<\/strong><\/td>\n<td width=\"57\"><strong>FRA<\/strong><\/td>\n<td width=\"255\"><strong>Chelsea Sodaro<\/strong><\/td>\n<td width=\"66\"><strong>\u00a0USA<\/strong><\/td>\n<\/tr>\n<tr>\n<td width=\"29\"><strong>5<\/strong><\/td>\n<td width=\"159\"><strong>Gustav Iden<\/strong><\/td>\n<td width=\"57\"><strong>NOR<\/strong><\/td>\n<td width=\"255\"><strong>Skye Moench<\/strong><\/td>\n<td width=\"66\"><strong>\u00a0USA<\/strong><\/td>\n<\/tr>\n<tr>\n<td width=\"29\"><strong>6<\/strong><\/td>\n<td width=\"159\"><strong>Kristian Blummenfelt<\/strong><\/td>\n<td width=\"57\"><strong>NOR<\/strong><\/td>\n<td width=\"255\"><strong>Jodie Robertson<\/strong><\/td>\n<td width=\"66\"><strong>\u00a0USA<\/strong><\/td>\n<\/tr>\n<tr>\n<td width=\"29\"><strong>7<\/strong><\/td>\n<td width=\"159\"><strong>Sam Appleton<\/strong><\/td>\n<td width=\"57\"><strong>AUS<\/strong><\/td>\n<td width=\"255\"><strong>Sarah True<\/strong><\/td>\n<td width=\"66\"><strong>\u00a0USA<\/strong><\/td>\n<\/tr>\n<tr>\n<td width=\"29\"><strong>8<\/strong><\/td>\n<td width=\"159\"><strong>Lionel Sanders<\/strong><\/td>\n<td width=\"57\"><strong>CAN<\/strong><\/td>\n<td width=\"255\"><strong>Stephanie Clutterbuck<\/strong><\/td>\n<td width=\"66\"><strong>\u00a0GBR<\/strong><\/td>\n<\/tr>\n<tr>\n<td width=\"29\"><strong>9<\/strong><\/td>\n<td width=\"159\"><strong>Andreas Dreitz<\/strong><\/td>\n<td width=\"57\"><strong>GER<\/strong><\/td>\n<td width=\"255\"><strong>Annamarie Strehlow<\/strong><\/td>\n<td width=\"66\"><strong>\u00a0USA<\/strong><\/td>\n<\/tr>\n<tr>\n<td width=\"29\"><strong>10<\/strong><\/td>\n<td width=\"159\"><strong>Sam Long<\/strong><\/td>\n<td width=\"57\"><strong>USA<\/strong><\/td>\n<td width=\"255\"><strong>Henrike Gueber<\/strong><\/td>\n<td width=\"66\"><strong>\u00a0GER<\/strong><\/td>\n<\/tr>\n<tr>\n<td width=\"29\"><strong>11<\/strong><\/td>\n<td width=\"159\"><strong>Wilhelm Hirsch<\/strong><\/td>\n<td width=\"57\"><strong>GER<\/strong><\/td>\n<td width=\"255\"><strong>Sara Svensk<\/strong><\/td>\n<td width=\"66\"><strong>\u00a0SWE<\/strong><\/td>\n<\/tr>\n<tr>\n<td width=\"29\"><strong>12<\/strong><\/td>\n<td width=\"159\"><strong>Dylan Magnien<\/strong><\/td>\n<td width=\"57\"><strong>FRA<\/strong><\/td>\n<td width=\"255\"><strong>Regan \u00a0Hollioake<\/strong><\/td>\n<td width=\"66\"><strong>\u00a0AUS<\/strong><\/td>\n<\/tr>\n<tr>\n<td width=\"29\"><strong>13<\/strong><\/td>\n<td width=\"159\"><strong>Jan Stratmann<\/strong><\/td>\n<td width=\"57\"><strong>GER<\/strong><\/td>\n<td width=\"255\"><strong>Katie Remond<\/strong><\/td>\n<td width=\"66\"><strong>\u00a0AUS<\/strong><\/td>\n<\/tr>\n<tr>\n<td width=\"29\"><strong>14<\/strong><\/td>\n<td width=\"159\"><strong>Filipe Azevedo<\/strong><\/td>\n<td width=\"57\"><strong>POR<\/strong><\/td>\n<td width=\"255\"><strong>Elisabetta Curridori<\/strong><\/td>\n<td width=\"66\"><strong>\u00a0ITA<\/strong><\/td>\n<\/tr>\n<tr>\n<td width=\"29\"><strong>15<\/strong><\/td>\n<td width=\"159\"><strong>Fernando Toldi<\/strong><\/td>\n<td width=\"57\"><strong>BRA<\/strong><\/td>\n<td width=\"255\"><strong>Julie Iemmolo<\/strong><\/td>\n<td width=\"66\"><strong>\u00a0FRA<\/strong><\/td>\n<\/tr>\n<tr>\n<td width=\"29\"><strong>16<\/strong><\/td>\n<td width=\"159\"><strong>Bart Aernouts<\/strong><\/td>\n<td width=\"57\"><strong>BEL<\/strong><\/td>\n<td width=\"255\"><strong>Justine Mathieux<\/strong><\/td>\n<td width=\"66\"><strong>\u00a0FRA<\/strong><\/td>\n<\/tr>\n<tr>\n<td width=\"29\"><strong>17<\/strong><\/td>\n<td width=\"159\"><strong>L\u00e9on Chevalier<\/strong><\/td>\n<td width=\"57\"><strong>FRA<\/strong><\/td>\n<td width=\"255\"><strong>Perterer, Lisa<\/strong><\/td>\n<td width=\"66\"><strong>\u00a0AUT<\/strong><\/td>\n<\/tr>\n<tr>\n<td width=\"29\"><strong>18<\/strong><\/td>\n<td width=\"159\"><strong>Dario Giovine<\/strong><\/td>\n<td width=\"57\"><strong>ITA<\/strong><\/td>\n<td width=\"255\"><strong>Reischmann, Anne<\/strong><\/td>\n<td width=\"66\"><strong>\u00a0GER<\/strong><\/td>\n<\/tr>\n<tr>\n<td width=\"29\"><strong>19<\/strong><\/td>\n<td width=\"159\"><strong>Chris Leiferman<\/strong><\/td>\n<td width=\"57\"><strong>USA<\/strong><\/td>\n<td width=\"255\"><strong>Derron, Nina<\/strong><\/td>\n<td width=\"66\"><strong>\u00a0SUI<\/strong><\/td>\n<\/tr>\n<tr>\n<td width=\"29\"><strong>20<\/strong><\/td>\n<td width=\"159\"><strong>Dominik Sowieja<\/strong><\/td>\n<td width=\"57\"><strong>GER<\/strong><\/td>\n<td width=\"255\"><strong>Kate Gillespie-Jones<\/strong><\/td>\n<td width=\"66\"><strong>\u00a0AUS<\/strong><\/td>\n<\/tr>\n<tr>\n<td width=\"29\"><strong>21<\/strong><\/td>\n<td width=\"159\"><strong>Jack Moody<\/strong><\/td>\n<td width=\"57\"><strong>NZL<\/strong><\/td>\n<td width=\"255\"><strong>Gabrielle Lumkes<\/strong><\/td>\n<td width=\"66\"><strong>\u00a0USA<\/strong><\/td>\n<\/tr>\n<tr>\n<td width=\"29\"><strong>22<\/strong><\/td>\n<td width=\"159\"><strong>Mike Phillips<\/strong><\/td>\n<td width=\"57\"><strong>NZL<\/strong><\/td>\n<td width=\"255\"><strong>Jocelyn McCauley<\/strong><\/td>\n<td width=\"66\"><strong>\u00a0USA<\/strong><\/td>\n<\/tr>\n<tr>\n<td width=\"29\"><strong>23<\/strong><\/td>\n<td width=\"159\"><strong>Joe Skipper<\/strong><\/td>\n<td width=\"57\"><strong>GBR<\/strong><\/td>\n<td width=\"255\"><strong>Clavel, Charlene<\/strong><\/td>\n<td width=\"66\"><strong>\u00a0FRA<\/strong><\/td>\n<\/tr>\n<tr>\n<td width=\"29\"><strong>24<\/strong><\/td>\n<td width=\"159\"><strong>Benjamin Zorgnotti<\/strong><\/td>\n<td width=\"57\"><strong>FPO<\/strong><\/td>\n<td width=\"255\"><strong>Katrine Graesboell Christensen<\/strong><\/td>\n<td width=\"66\"><strong>\u00a0DEN<\/strong><\/td>\n<\/tr>\n<tr>\n<td width=\"29\"><strong>25<\/strong><\/td>\n<td width=\"159\"><strong>Magnus Ditlev<\/strong><\/td>\n<td width=\"57\"><strong>DEN<\/strong><\/td>\n<td width=\"255\"><strong>Laura Jansen<\/strong><\/td>\n<td width=\"66\"><strong>\u00a0GER<\/strong><\/td>\n<\/tr>\n<tr>\n<td width=\"29\"><strong>26<\/strong><\/td>\n<td width=\"159\"><strong>Jonas Hoffmann<\/strong><\/td>\n<td width=\"57\"><strong>GER<\/strong><\/td>\n<td width=\"255\"><strong>Maja Stage Nielsen<\/strong><\/td>\n<td width=\"66\"><strong>\u00a0DEN<\/strong><\/td>\n<\/tr>\n<tr>\n<td width=\"29\"><strong>27<\/strong><\/td>\n<td width=\"159\"><strong>Jamie Riddle<\/strong><\/td>\n<td width=\"57\"><strong>ZAF<\/strong><\/td>\n<td width=\"255\"><strong>Jana Uderstadt<\/strong><\/td>\n<td width=\"66\"><strong>\u00a0GER<\/strong><\/td>\n<\/tr>\n<tr>\n<td width=\"29\"><strong>28<\/strong><\/td>\n<td width=\"159\"><strong>Jonas Schomburg<\/strong><\/td>\n<td width=\"57\"><strong>GER<\/strong><\/td>\n<td width=\"255\"><strong>Alice Alberts<\/strong><\/td>\n<td width=\"66\"><strong>\u00a0USA<\/strong><\/td>\n<\/tr>\n<tr>\n<td width=\"29\"><strong>29<\/strong><\/td>\n<td width=\"159\"><strong>Marten Van Riel<\/strong><\/td>\n<td width=\"57\"><strong>BEL<\/strong><\/td>\n<td width=\"255\"><strong>Haley Chura<\/strong><\/td>\n<td width=\"66\"><strong>\u00a0USA<\/strong><\/td>\n<\/tr>\n<tr>\n<td width=\"29\"><strong>30<\/strong><\/td>\n<td width=\"159\"><strong>Daniel B\u00e6kkeg\u00e5rd<\/strong><\/td>\n<td width=\"57\"><strong>DEN<\/strong><\/td>\n<td width=\"255\"><strong>Tamara Jewett<\/strong><\/td>\n<td width=\"66\"><strong>\u00a0CAN<\/strong><\/td>\n<\/tr>\n<tr>\n<td width=\"29\"><strong>31<\/strong><\/td>\n<td width=\"159\"><strong>Paul Schuster<\/strong><\/td>\n<td width=\"57\"><strong>GER<\/strong><\/td>\n<td width=\"255\"><strong>Taylor Knibb<\/strong><\/td>\n<td width=\"66\"><strong>\u00a0USA<\/strong><\/td>\n<\/tr>\n<tr>\n<td width=\"29\"><strong>32<\/strong><\/td>\n<td width=\"159\"><strong>Casper Stornes<\/strong><\/td>\n<td width=\"57\"><strong>NOR<\/strong><\/td>\n<td width=\"255\"><strong>Kat Matthews<\/strong><\/td>\n<td width=\"66\"><strong>\u00a0GBR<\/strong><\/td>\n<\/tr>\n<tr>\n<td width=\"29\"><strong>33<\/strong><\/td>\n<td width=\"159\"><strong>Rudy Von Berg<\/strong><\/td>\n<td width=\"57\"><strong>USA<\/strong><\/td>\n<td width=\"255\"><strong>Merle Brunnee<\/strong><\/td>\n<td width=\"66\"><strong>\u00a0GER<\/strong><\/td>\n<\/tr>\n<tr>\n<td width=\"29\"><strong>34<\/strong><\/td>\n<td width=\"159\"><strong>Jon S\u00e6ver\u00e5s Breivold<\/strong><\/td>\n<td width=\"57\"><strong>NOR<\/strong><\/td>\n<td width=\"255\"><strong>Jeanne Collonge<\/strong><\/td>\n<td width=\"66\"><strong>\u00a0FRA<\/strong><\/td>\n<\/tr>\n<tr>\n<td width=\"29\"><strong>35<\/strong><\/td>\n<td width=\"159\"><strong>Mathias Petersen<\/strong><\/td>\n<td width=\"57\"><strong>DEN<\/strong><\/td>\n<td width=\"255\"><strong>Julia Skala<\/strong><\/td>\n<td width=\"66\"><strong>\u00a0GER<\/strong><\/td>\n<\/tr>\n<tr>\n<td width=\"29\"><strong>36<\/strong><\/td>\n<td width=\"159\"><strong>Andre Lopes<\/strong><\/td>\n<td width=\"57\"><strong>BRA<\/strong><\/td>\n<td width=\"255\"><strong>Rebecca Anderbury<\/strong><\/td>\n<td width=\"66\"><strong>\u00a0GBR<\/strong><\/td>\n<\/tr>\n<tr>\n<td width=\"29\"><strong>37<\/strong><\/td>\n<td width=\"159\"><strong>Federico Scarabino<\/strong><\/td>\n<td width=\"57\"><strong>URU<\/strong><\/td>\n<td width=\"255\"><strong>Jenny Jendryschik<\/strong><\/td>\n<td width=\"66\"><strong>\u00a0GER<\/strong><\/td>\n<\/tr>\n<tr>\n<td width=\"29\"><strong>38<\/strong><\/td>\n<td width=\"159\"><strong>Luciano Taccone<\/strong><\/td>\n<td width=\"57\"><strong>ARG<\/strong><\/td>\n<td width=\"255\"><strong>Leonie Konczalla<\/strong><\/td>\n<td width=\"66\"><strong>\u00a0GER<\/strong><\/td>\n<\/tr>\n<tr>\n<td width=\"29\"><strong>39<\/strong><\/td>\n<td width=\"159\"><strong>Henrik Goesch<\/strong><\/td>\n<td width=\"57\"><strong>FIN<\/strong><\/td>\n<td width=\"255\"><strong>Danielle Lewis<\/strong><\/td>\n<td width=\"66\"><strong>\u00a0USA<\/strong><\/td>\n<\/tr>\n<tr>\n<td width=\"29\"><strong>40<\/strong><\/td>\n<td width=\"159\"><strong>Matt Hanson<\/strong><\/td>\n<td width=\"57\"><strong>USA<\/strong><\/td>\n<td width=\"255\"><strong>Solveig Loevseth<\/strong><\/td>\n<td width=\"66\"><strong>\u00a0NOR<\/strong><\/td>\n<\/tr>\n<tr>\n<td width=\"29\"><strong>41<\/strong><\/td>\n<td width=\"159\"><strong>Benjamin Hill<\/strong><\/td>\n<td width=\"57\"><strong>AUS<\/strong><\/td>\n<td width=\"255\"><strong>Fiona Moriarty<\/strong><\/td>\n<td width=\"66\"><strong>\u00a0IRL<\/strong><\/td>\n<\/tr>\n<tr>\n<td width=\"29\"><strong>42<\/strong><\/td>\n<td width=\"159\"><strong>Matthew Marquardt<\/strong><\/td>\n<td width=\"57\"><strong>USA<\/strong><\/td>\n<td width=\"255\"><strong>Rachel Olson<\/strong><\/td>\n<td width=\"66\"><strong>\u00a0USA<\/strong><\/td>\n<\/tr>\n<tr>\n<td width=\"29\"><strong>43<\/strong><\/td>\n<td width=\"159\"><strong>Nick Thompson<\/strong><\/td>\n<td width=\"57\"><strong>AUS<\/strong><\/td>\n<td width=\"255\"><strong>Bruna Stolf<\/strong><\/td>\n<td width=\"66\"><strong>\u00a0BRA<\/strong><\/td>\n<\/tr>\n<tr>\n<td width=\"29\"><strong>44<\/strong><\/td>\n<td width=\"159\"><strong>Finn Gro\u00dfe-Freese<\/strong><\/td>\n<td width=\"57\"><strong>GER<\/strong><\/td>\n<td width=\"255\"><strong>Hannah Berry<\/strong><\/td>\n<td width=\"66\"><strong>\u00a0NZL<\/strong><\/td>\n<\/tr>\n<tr>\n<td width=\"29\"><strong>45<\/strong><\/td>\n<td width=\"159\"><strong>Kristian Grue<\/strong><\/td>\n<td width=\"57\"><strong>NOR<\/strong><\/td>\n<td width=\"255\"><strong>Jackie Hering<\/strong><\/td>\n<td width=\"66\"><strong>\u00a0USA<\/strong><\/td>\n<\/tr>\n<tr>\n<td width=\"29\"><strong>46<\/strong><\/td>\n<td width=\"159\"><strong>Michael Weiss<\/strong><\/td>\n<td width=\"57\"><strong>AUT<\/strong><\/td>\n<td width=\"255\"><strong>Kylie Simpson<\/strong><\/td>\n<td width=\"66\"><strong>\u00a0AUS<\/strong><\/td>\n<\/tr>\n<tr>\n<td width=\"29\"><strong>47<\/strong><\/td>\n<td width=\"159\"><strong>Kristian Hogenhaug<\/strong><\/td>\n<td width=\"57\"><strong>DEN<\/strong><\/td>\n<td width=\"255\"><strong>Penny Slater<\/strong><\/td>\n<td width=\"66\"><strong>\u00a0AUS<\/strong><\/td>\n<\/tr>\n<tr>\n<td width=\"29\"><strong>48<\/strong><\/td>\n<td width=\"159\"><strong>Andrea Salvisberg<\/strong><\/td>\n<td width=\"57\"><strong>SUI<\/strong><\/td>\n<td width=\"255\"><strong>Lotte Wilms<\/strong><\/td>\n<td width=\"66\"><strong>\u00a0NED<\/strong><\/td>\n<\/tr>\n<tr>\n<td width=\"29\"><strong>49<\/strong><\/td>\n<td width=\"159\"><strong>Kacper Stepniak<\/strong><\/td>\n<td width=\"57\"><strong>POL<\/strong><\/td>\n<td width=\"255\"><strong>Diede Diederiks<\/strong><\/td>\n<td width=\"66\"><strong>\u00a0NED<\/strong><\/td>\n<\/tr>\n<tr>\n<td width=\"29\"><strong>50<\/strong><\/td>\n<td width=\"159\"><strong>Johannes Vogel<\/strong><\/td>\n<td width=\"57\"><strong>GER<\/strong><\/td>\n<td width=\"255\"><strong>India Lee<\/strong><\/td>\n<td width=\"66\"><strong>\u00a0GBR<\/strong><\/td>\n<\/tr>\n<tr>\n<td width=\"29\"><strong>51<\/strong><\/td>\n<td width=\"159\"><strong>Cameron Wurf<\/strong><\/td>\n<td width=\"57\"><strong>AUS<\/strong><\/td>\n<td width=\"255\"><strong>Els Visser<\/strong><\/td>\n<td width=\"66\"><strong>\u00a0NED<\/strong><\/td>\n<\/tr>\n<tr>\n<td width=\"29\"><strong>52<\/strong><\/td>\n<td width=\"159\"><strong>Mattia Ceccarelli<\/strong><\/td>\n<td width=\"57\"><strong>ITA<\/strong><\/td>\n<td width=\"255\"><strong>Julie Derron<\/strong><\/td>\n<td width=\"66\"><strong>\u00a0SUI<\/strong><\/td>\n<\/tr>\n<tr>\n<td width=\"29\"><strong>53<\/strong><\/td>\n<td width=\"159\"><strong>Trevor Foley<\/strong><\/td>\n<td width=\"57\"><strong>USA<\/strong><\/td>\n<td width=\"255\"><strong>Lottie Lucas<\/strong><\/td>\n<td width=\"66\"><strong>\u00a0UAE<\/strong><\/td>\n<\/tr>\n<tr>\n<td width=\"29\"><strong>54<\/strong><\/td>\n<td width=\"159\"><strong>Bradley Weiss<\/strong><\/td>\n<td width=\"57\"><strong>ZAF<\/strong><\/td>\n<td width=\"255\"><strong>Marjolaine Pierr\u00e9<\/strong><\/td>\n<td width=\"66\"><strong>\u00a0FRA<\/strong><\/td>\n<\/tr>\n<tr>\n<td width=\"29\"><strong>55<\/strong><\/td>\n<td width=\"159\"><strong>Jason West<\/strong><\/td>\n<td width=\"57\"><strong>USA<\/strong><\/td>\n<td width=\"255\"><strong>Rebecca Clarke<\/strong><\/td>\n<td width=\"66\"><strong>\u00a0NZL<\/strong><\/td>\n<\/tr>\n<tr>\n<td width=\"29\"><strong>56<\/strong><\/td>\n<td width=\"159\"><strong>Nathan Guerbeur<\/strong><\/td>\n<td width=\"57\"><strong>FRA<\/strong><\/td>\n<td width=\"255\"><strong>Katie Colville<\/strong><\/td>\n<td width=\"66\"><strong>\u00a0USA<\/strong><\/td>\n<\/tr>\n<tr>\n<td width=\"29\"><strong>57<\/strong><\/td>\n<td width=\"159\"><strong>Kieran Lindars<\/strong><\/td>\n<td width=\"57\"><strong>GBR<\/strong><\/td>\n<td width=\"255\"><strong>Amber Ferreira<\/strong><\/td>\n<td width=\"66\"><strong>\u00a0USA<\/strong><\/td>\n<\/tr>\n<tr>\n<td width=\"29\"><strong>58<\/strong><\/td>\n<td width=\"159\"><strong>Harry Palmer<\/strong><\/td>\n<td width=\"57\"><strong>GBR<\/strong><\/td>\n<td width=\"255\"><strong>Holly Lawrence<\/strong><\/td>\n<td width=\"66\"><strong>\u00a0GBR<\/strong><\/td>\n<\/tr>\n<tr>\n<td width=\"29\"><strong>59<\/strong><\/td>\n<td width=\"159\"><strong>Zack Cooper<\/strong><\/td>\n<td width=\"57\"><strong>GBR<\/strong><\/td>\n<td width=\"255\"><strong>Alexandra Watt<\/strong><\/td>\n<td width=\"66\"><strong>\u00a0USA<\/strong><\/td>\n<\/tr>\n<tr>\n<td width=\"29\"><strong>60<\/strong><\/td>\n<td width=\"159\"><\/td>\n<td width=\"57\"><\/td>\n<td width=\"255\"><strong>Marlene de Boer<\/strong><\/td>\n<td width=\"66\"><strong>\u00a0NED<\/strong><\/td>\n<\/tr>\n<\/tbody>\n<\/table>\n<p>&nbsp;<\/p>\n<p><iframe title=\"ADIDAS 2025 - Gu\u00eda completa para conocer sus zapatillas | Con ROADRUNNING Review\" width=\"696\" height=\"392\" src=\"https:\/\/www.youtube.com\/embed\/WvnWIj2pNf4?feature=oembed\" frameborder=\"0\" allow=\"accelerometer; autoplay; clipboard-write; encrypted-media; gyroscope; picture-in-picture; web-share\" referrerpolicy=\"strict-origin-when-cross-origin\" allowfullscreen><\/iframe><\/p>\n","protected":false},"excerpt":{"rendered":"<p>Consulta la gu\u00eda m\u00e1s completa sobre la demograf\u00eda del Mundial Ironman 2025: los espa\u00f1oles, los campeones, el espectro de edad o la distribuci\u00f3n geogr\u00e1fica de los participantes. M\u00e1s de una veintena de ventanas clasificaci\u00f3n en otros tanto eventos femeninos y masculinos y doce meses de competici\u00f3n han pasado desde que Jodie Robertson y Sarah True [&hellip;]<\/p>\n","protected":false},"author":351,"featured_media":97062,"comment_status":"closed","ping_status":"open","sticky":false,"template":"","format":"standard","meta":{"_acf_changed":false,"rank_math_lock_modified_date":false,"footnotes":""},"categories":[17,10639],"tags":[5822],"class_list":{"0":"post-96951","1":"post","2":"type-post","3":"status-publish","4":"format-standard","5":"has-post-thumbnail","7":"category-actualidad","8":"category-portada","9":"tag-mundial-ironman"},"acf":[],"_links":{"self":[{"href":"https:\/\/miurltemporal.com/main/triatletasenred.sport.es\/wp-json\/wp\/v2\/posts\/96951"}],"collection":[{"href":"https:\/\/miurltemporal.com/main/triatletasenred.sport.es\/wp-json\/wp\/v2\/posts"}],"about":[{"href":"https:\/\/miurltemporal.com/main/triatletasenred.sport.es\/wp-json\/wp\/v2\/types\/post"}],"author":[{"embeddable":true,"href":"https:\/\/miurltemporal.com/main/triatletasenred.sport.es\/wp-json\/wp\/v2\/users\/351"}],"replies":[{"embeddable":true,"href":"https:\/\/miurltemporal.com/main/triatletasenred.sport.es\/wp-json\/wp\/v2\/comments?post=96951"}],"version-history":[{"count":10,"href":"https:\/\/miurltemporal.com/main/triatletasenred.sport.es\/wp-json\/wp\/v2\/posts\/96951\/revisions"}],"predecessor-version":[{"id":97064,"href":"https:\/\/miurltemporal.com/main/triatletasenred.sport.es\/wp-json\/wp\/v2\/posts\/96951\/revisions\/97064"}],"wp:featuredmedia":[{"embeddable":true,"href":"https:\/\/miurltemporal.com/main/triatletasenred.sport.es\/wp-json\/wp\/v2\/media\/97062"}],"wp:attachment":[{"href":"https:\/\/miurltemporal.com/main/triatletasenred.sport.es\/wp-json\/wp\/v2\/media?parent=96951"}],"wp:term":[{"taxonomy":"category","embeddable":true,"href":"https:\/\/miurltemporal.com/main/triatletasenred.sport.es\/wp-json\/wp\/v2\/categories?post=96951"},{"taxonomy":"post_tag","embeddable":true,"href":"https:\/\/miurltemporal.com/main/triatletasenred.sport.es\/wp-json\/wp\/v2\/tags?post=96951"}],"curies":[{"name":"wp","href":"https:\/\/api.w.org\/{rel}","templated":true}]}}