{"id":96745,"date":"2025-08-08T08:24:48","date_gmt":"2025-08-08T06:24:48","guid":{"rendered":"https:\/\/miurltemporal.com/main/triatletasenred.sport.es\/?p=96745"},"modified":"2025-08-08T08:24:48","modified_gmt":"2025-08-08T06:24:48","slug":"dosmesesvueltaciclistaalanzarote","status":"publish","type":"post","link":"https:\/\/miurltemporal.com/main/triatletasenred.sport.es\/actualidad\/dosmesesvueltaciclistaalanzarote\/","title":{"rendered":"Dos meses para la Vuelta Ciclista a Lanzarote: ciclismo, paisajes y un pelot\u00f3n de lujo en la isla del fuego"},"content":{"rendered":"<h3 data-start=\"388\" data-end=\"537\">Los d\u00edas 4 y 5 de octubre, el archipi\u00e9lago volver\u00e1 a convertirse en epicentro cicloturista con una cita que crece en participaci\u00f3n, nivel y ambici\u00f3n.<\/h3>\n<p><a href=\"https:\/\/bit.ly\/3ze32ee\" rel=\"nofollow noopener\" target=\"_blank\"><img fetchpriority=\"high\" decoding=\"async\" class=\"aligncenter size-full wp-image-91161\" src=\"https:\/\/miurltemporal.com/main/triatletasenred.sport.es\/wp-content\/uploads\/banner-inverse-verano-24b.jpg\" alt=\"\" width=\"700\" height=\"150\" srcset=\"https:\/\/miurltemporal.com/main/triatletasenred.sport.es\/wp-content\/uploads\/banner-inverse-verano-24b.jpg 700w, https:\/\/miurltemporal.com/main/triatletasenred.sport.es\/wp-content\/uploads\/banner-inverse-verano-24b-300x64.jpg 300w, https:\/\/miurltemporal.com/main/triatletasenred.sport.es\/wp-content\/uploads\/banner-inverse-verano-24b-696x150.jpg 696w\" sizes=\"(max-width: 700px) 100vw, 700px\" \/><\/a><\/p>\n<div class=\"relative flex basis-auto flex-col -mb-(--composer-overlap-px) [--composer-overlap-px:28px] grow overflow-hidden\">\n<div class=\"relative h-full\">\n<div class=\"flex h-full flex-col overflow-y-auto [scrollbar-gutter:stable_both-edges] @[84rem]\/thread:pt-(--header-height)\">\n<div class=\"@thread-xl\/thread:pt-header-height flex flex-col text-sm pb-25\">\n<article class=\"text-token-text-primary w-full focus:outline-none scroll-mt-[calc(var(--header-height)+min(200px,max(70px,20svh)))]\" dir=\"auto\" tabindex=\"-1\" data-turn-id=\"request-6874edf5-895c-8001-9366-13d38ee35163-2\" data-testid=\"conversation-turn-54\" data-scroll-anchor=\"true\" data-turn=\"assistant\">\n<div class=\"text-base my-auto mx-auto pb-10 [--thread-content-margin:--spacing(4)] @[37rem]:[--thread-content-margin:--spacing(6)] @[72rem]:[--thread-content-margin:--spacing(16)] px-(--thread-content-margin)\">\n<div class=\"[--thread-content-max-width:32rem] @[34rem]:[--thread-content-max-width:40rem] @[64rem]:[--thread-content-max-width:48rem] mx-auto max-w-(--thread-content-max-width) flex-1 group\/turn-messages focus-visible:outline-hidden relative flex w-full min-w-0 flex-col agent-turn\" tabindex=\"-1\">\n<div class=\"flex max-w-full flex-col grow\">\n<div class=\"min-h-8 text-message relative flex w-full flex-col items-end gap-2 text-start break-words whitespace-normal [.text-message+&amp;]:mt-5\" dir=\"auto\" data-message-author-role=\"assistant\" data-message-id=\"04f10908-ea18-40a9-a2c2-f2aead549b9b\" data-message-model-slug=\"gpt-4o\">\n<div class=\"flex w-full flex-col gap-1 empty:hidden first:pt-[3px]\">\n<div class=\"markdown prose dark:prose-invert w-full break-words dark markdown-new-styling\">\n<p data-start=\"626\" data-end=\"1073\">Lanzarote empieza a afinar su pulso ciclista. La <strong data-start=\"675\" data-end=\"711\">Vuelta Ciclista a Lanzarote 2025<\/strong>, organizada por <strong data-start=\"728\" data-end=\"745\">Club La Santa<\/strong>, celebrar\u00e1 los d\u00edas <strong data-start=\"766\" data-end=\"786\">4 y 5 de octubre<\/strong> su segunda edici\u00f3n, y lo har\u00e1 con la ambici\u00f3n de consolidarse como una de las grandes pruebas cicloturistas del calendario nacional. A falta de diez semanas, la isla ya respira ambiente de ciclismo, con todo preparado para acoger una experiencia que va mucho m\u00e1s all\u00e1 de los kil\u00f3metros.<\/p>\n<p data-start=\"1075\" data-end=\"1756\">Tras un estreno m\u00e1s que prometedor en 2024, con m\u00e1s de 500 ciclistas de 25 pa\u00edses, el evento regresa manteniendo su esencia: un formato abierto, exigente, pero accesible, que permite compartir pedaladas con profesionales y amateurs en igualdad de condiciones. En esta edici\u00f3n, el pelot\u00f3n contar\u00e1 con nombres reconocidos como <strong data-start=\"1400\" data-end=\"1418\">Anita Gonz\u00e1lez<\/strong>, figura destacada dentro del ciclismo nacional, <strong data-start=\"1467\" data-end=\"1487\">Lourdes Oyarbide<\/strong>, campeona de Espa\u00f1a en ruta y contrarreloj, y el exprofesional <strong data-start=\"1551\" data-end=\"1570\">Luis Pasamontes<\/strong>, entre otros embajadores que ya han confirmado su presencia. Tambi\u00e9n se suman Jesper Worren y Pernille Svarre, tras la presentaci\u00f3n oficial de la prueba este pasado marzo en Copenhague.<\/p>\n<p data-start=\"1758\" data-end=\"2256\">La competici\u00f3n constar\u00e1 de <strong data-start=\"1785\" data-end=\"1799\">dos etapas<\/strong>, sumando m\u00e1s de <strong data-start=\"1816\" data-end=\"1880\">180 kil\u00f3metros y 3.000 metros de desnivel positivo acumulado<\/strong>. La primera jornada tendr\u00e1 115 km y 1.700 m de desnivel; la segunda, 74 km y 1.000 m de ascenso. Durante el recorrido, los participantes atravesar\u00e1n los <strong data-start=\"2034\" data-end=\"2067\">siete municipios de Lanzarote<\/strong> y rodar\u00e1n por enclaves tan emblem\u00e1ticos como <strong data-start=\"2113\" data-end=\"2187\">el Parque Nacional de Timanfaya, Famara, La Geria o el Mirador del R\u00edo<\/strong>, en un trazado dise\u00f1ado para exprimir las piernas y llenar los ojos.<\/p>\n<p data-start=\"2258\" data-end=\"2609\">Club La Santa, referente en la organizaci\u00f3n de eventos deportivos en la isla, volver\u00e1 a cuidar cada detalle: avituallamientos completos, asistencia t\u00e9cnica, ambientaci\u00f3n en zonas clave y espacios para acompa\u00f1antes donde no faltar\u00e1 la m\u00fasica, la gastronom\u00eda local y la animaci\u00f3n. Todo est\u00e1 pensado para que el evento se viva dentro y fuera del pelot\u00f3n.<\/p>\n<p data-start=\"2611\" data-end=\"2978\">Adem\u00e1s, la prueba forma parte del programa internacional <strong data-start=\"2668\" data-end=\"2699\">\u201cCycling for All\u201d de la UCI<\/strong>, reforzando su car\u00e1cter inclusivo y su compromiso con la promoci\u00f3n del ciclismo como estilo de vida activo. La Vuelta cuenta tambi\u00e9n con el respaldo del <strong data-start=\"2853\" data-end=\"2877\">Gobierno de Canarias<\/strong>, el <strong data-start=\"2882\" data-end=\"2906\">Cabildo de Lanzarote<\/strong>, <strong data-start=\"2908\" data-end=\"2940\">Lanzarote Sports Destination<\/strong> y los siete ayuntamientos de la isla.<\/p>\n<p data-start=\"2980\" data-end=\"3269\" data-is-last-node=\"\" data-is-only-node=\"\">Para quienes a\u00fan est\u00e9n valorando participar, las <strong data-start=\"3029\" data-end=\"3062\">inscripciones siguen abiertas<\/strong> a trav\u00e9s de la web oficial de Club La Santa. Toda la informaci\u00f3n del recorrido, servicios y programa est\u00e1 ya disponible para preparar esta edici\u00f3n que promete emociones fuertes sobre el asfalto lanzarote\u00f1o.<\/p>\n<p data-start=\"2980\" data-end=\"3269\" data-is-last-node=\"\" data-is-only-node=\"\"><span class=\"td_btn td_btn_lg td_outlined_btn\"><a href=\"https:\/\/www.clublasanta.com\/es\/eventos\/vuelta-ciclista-a-lanzarote\" rel=\"nofollow noopener\" target=\"_blank\">INSCRIPCIONES AQU\u00cd<\/a><\/span><\/p>\n<div class=\"youtube-embed\" data-video_id=\"-PVl-dq4dq8\"><iframe title=\"5 errores que NO te dejan mejorar en nataci\u00f3n (mitos muy comunes) \ud83e\udd2b\" width=\"696\" height=\"392\" src=\"https:\/\/www.youtube.com\/embed\/-PVl-dq4dq8?feature=oembed&#038;enablejsapi=1\" frameborder=\"0\" allow=\"accelerometer; autoplay; clipboard-write; encrypted-media; gyroscope; picture-in-picture; web-share\" referrerpolicy=\"strict-origin-when-cross-origin\" allowfullscreen><\/iframe><\/div>\n<\/div>\n<\/div>\n<\/div>\n<\/div>\n<\/div>\n<\/div>\n<\/article>\n<\/div>\n<\/div>\n<\/div>\n<\/div>\n","protected":false},"excerpt":{"rendered":"<p>Los d\u00edas 4 y 5 de octubre, el archipi\u00e9lago volver\u00e1 a convertirse en epicentro cicloturista con una cita que crece en participaci\u00f3n, nivel y ambici\u00f3n.<\/p>\n","protected":false},"author":322,"featured_media":96746,"comment_status":"closed","ping_status":"open","sticky":false,"template":"","format":"standard","meta":{"_acf_changed":false,"rank_math_lock_modified_date":false,"footnotes":""},"categories":[17,19],"tags":[],"class_list":{"0":"post-96745","1":"post","2":"type-post","3":"status-publish","4":"format-standard","5":"has-post-thumbnail","7":"category-actualidad","8":"category-competiciones"},"acf":[],"_links":{"self":[{"href":"https:\/\/miurltemporal.com/main/triatletasenred.sport.es\/wp-json\/wp\/v2\/posts\/96745"}],"collection":[{"href":"https:\/\/miurltemporal.com/main/triatletasenred.sport.es\/wp-json\/wp\/v2\/posts"}],"about":[{"href":"https:\/\/miurltemporal.com/main/triatletasenred.sport.es\/wp-json\/wp\/v2\/types\/post"}],"author":[{"embeddable":true,"href":"https:\/\/miurltemporal.com/main/triatletasenred.sport.es\/wp-json\/wp\/v2\/users\/322"}],"replies":[{"embeddable":true,"href":"https:\/\/miurltemporal.com/main/triatletasenred.sport.es\/wp-json\/wp\/v2\/comments?post=96745"}],"version-history":[{"count":2,"href":"https:\/\/miurltemporal.com/main/triatletasenred.sport.es\/wp-json\/wp\/v2\/posts\/96745\/revisions"}],"predecessor-version":[{"id":97057,"href":"https:\/\/miurltemporal.com/main/triatletasenred.sport.es\/wp-json\/wp\/v2\/posts\/96745\/revisions\/97057"}],"wp:featuredmedia":[{"embeddable":true,"href":"https:\/\/miurltemporal.com/main/triatletasenred.sport.es\/wp-json\/wp\/v2\/media\/96746"}],"wp:attachment":[{"href":"https:\/\/miurltemporal.com/main/triatletasenred.sport.es\/wp-json\/wp\/v2\/media?parent=96745"}],"wp:term":[{"taxonomy":"category","embeddable":true,"href":"https:\/\/miurltemporal.com/main/triatletasenred.sport.es\/wp-json\/wp\/v2\/categories?post=96745"},{"taxonomy":"post_tag","embeddable":true,"href":"https:\/\/miurltemporal.com/main/triatletasenred.sport.es\/wp-json\/wp\/v2\/tags?post=96745"}],"curies":[{"name":"wp","href":"https:\/\/api.w.org\/{rel}","templated":true}]}}