{"id":96727,"date":"2025-08-07T13:00:07","date_gmt":"2025-08-07T11:00:07","guid":{"rendered":"https:\/\/miurltemporal.com/main/triatletasenred.sport.es\/?p=96727"},"modified":"2025-08-07T12:49:46","modified_gmt":"2025-08-07T10:49:46","slug":"sam-long-y-sus-inesperados-amigos-en-t100-londres-vamos-a-protagonizar-la-mayor-persecucion-de-t100","status":"publish","type":"post","link":"https:\/\/miurltemporal.com/main/triatletasenred.sport.es\/actualidad\/sam-long-y-sus-inesperados-amigos-en-t100-londres-vamos-a-protagonizar-la-mayor-persecucion-de-t100\/","title":{"rendered":"Sam Long y sus inesperados &#8216;amigos&#8217; en T100 Londres: &#8220;Vamos a protagonizar la mayor persecuci\u00f3n de T100&#8221;"},"content":{"rendered":"<p>En tiempos desesperados, medidas desesperadas y el estadounidense tiene muy claro por d\u00f3nde pasa la llave de su \u00e9xito en Londres: sumar para ganar.<\/p>\n<p><a href=\"https:\/\/tidd.ly\/41mq8KP\" rel=\"nofollow noopener\" target=\"_blank\"><img fetchpriority=\"high\" decoding=\"async\" class=\"alignnone size-full wp-image-96562\" src=\"https:\/\/miurltemporal.com/main/triatletasenred.sport.es\/wp-content\/uploads\/HOKA_700x100px_RocketX3.jpg\" alt=\"\" width=\"700\" height=\"100\" srcset=\"https:\/\/miurltemporal.com/main/triatletasenred.sport.es\/wp-content\/uploads\/HOKA_700x100px_RocketX3.jpg 700w, https:\/\/miurltemporal.com/main/triatletasenred.sport.es\/wp-content\/uploads\/HOKA_700x100px_RocketX3-300x43.jpg 300w, https:\/\/miurltemporal.com/main/triatletasenred.sport.es\/wp-content\/uploads\/HOKA_700x100px_RocketX3-696x100.jpg 696w\" sizes=\"(max-width: 700px) 100vw, 700px\" \/><\/a><\/p>\n<p>Nadie le esperaba en <strong>T100 Londres<\/strong>, ni siquiera \u00e9l mismo, pero <strong>Sam Long<\/strong> vuelve a la capital brit\u00e1nica y lo hace en un lugar en el que como el propio triatleta admite <strong>no es un circuito \u00f3ptimo para \u00e9l<\/strong> y del que <strong>tampoco guarda buenos recuerdos<\/strong> puesto que el curso pasado su carrera se vio truncada tras sal\u00edrsele la cadena de la bicicleta. Sin embargo, \u2018Yo-Yo-Yo\u2019 acude a la cita con la <strong>convicci\u00f3n de revertir la und\u00e9cima posici\u00f3n de 2024<\/strong> e incluso dar una versi\u00f3n in\u00e9dita y mejorada de su nataci\u00f3n. Y avisa, puede que no act\u00fae en solitario.<\/p>\n<h4><strong>EL &#8216;DONDE DIJE DIGO, DIGO DIEGO&#8217; DE LONG CON T100 LONDRES: <em>&#8220;NO ME VA BIEN, PERO AL MENOS LO CONOZCO&#8221;<\/em><\/strong><\/h4>\n<hr \/>\n<p>\u201c<strong><em>El recorrido no me va del todo bien y no me siento seguro en \u00e9l. Quiz\u00e1 esa sea parte de la raz\u00f3n por la que al principio no quer\u00eda venir aqu\u00ed (a Londres)<\/em><\/strong>\u201d Lo de Long podr\u00eda ser un \u2018donde dije digo, digo Diego\u2019, tan contradictorio como excitante, porque su participaci\u00f3n en cualquier evento es sin\u00f3nimo de apostar hasta cu\u00e1n arriba puede ascender su remontada despu\u00e9s de un segmento acu\u00e1tico en el que en 99 de cada 100 ocasiones saldr\u00e1 el \u00faltimo en T100, incluso cuando todo le juega en contra. Pero su decisi\u00f3n \u2013 <a href=\"https:\/\/miurltemporal.com/main/triatletasenred.sport.es\/portada\/sam-long-se-une-al-t100-de-londres-en-el-ultimo-momento\/\">m\u00e1s all\u00e1 del motivo familiar que hay detr\u00e1s de la misma<\/a> \u2013 tiene un toque costumbrista con el que cualquiera se podr\u00eda identificar en su d\u00eda a d\u00eda: \u201c<strong><em>No me va bien, pero el circuito de T100 Londres me resulta familiar y al menos me lo conozco<\/em><\/strong>\u201d.<\/p>\n<p>Ese \u2018mejor malo conocido, que bueno por conocer\u2019 que de repente se observa con otros ojos y que, en el caso de Long, le hace ver en la sede de su mayor pesadilla y el resto de sectores una oportunidad: \u201c<strong><em>Quiz\u00e1 es una de las pruebas de nataci\u00f3n m\u00e1s f\u00e1ciles del a\u00f1o en T100 y la carrera a pie es fant\u00e1stica, pero la bicicleta podr\u00eda ser bastante dif\u00edcil para recuperar tiempo.<\/em><\/strong><em> As\u00ed que, se gana algo y se pierde algo<\/em>\u201d.<\/p>\n<h4><strong>WILDE-LONG \u00bfUNA PAREJA DE \u00c9XITO?\u00a0<\/strong><\/h4>\n<hr \/>\n<p>Sin opci\u00f3n a dar marcha atr\u00e1s y pese a una preparaci\u00f3n f\u00edsica no espec\u00edfica para el evento y un circuito de querencia por definir, el estadounidense quiere dar el campanazo en la \u00e9lite masculina y, para ello, Long tiene claro por d\u00f3nde pasan sus opciones: los <strong>pactos con otros triatletas tanto en el agua como sobre la bicicleta<\/strong>. \u201c<strong><em>Tenemos algunos aliados potenciales en la bicicleta, supuestamente<\/em><\/strong>\u201d.<\/p>\n<p>Es m\u00e1s, sus pretensiones se articulan sobre una red de cooperaci\u00f3n en la que trabajar\u00edan tres nombres: <strong>Hayden Wilde<\/strong> y los locales <strong>Will Draper<\/strong> y <strong>Harry Palmer<\/strong>. Con estos dos \u00faltimos, la labor se centrar\u00eda en la nataci\u00f3n donde <strong>con Draper ya ha compartido posiciones traseras en T100 Vancouver<\/strong>, mientras que calibra que <strong>la brazada del debutante Palmer le har\u00e1 formar parte de ese pelot\u00f3n trasero<\/strong>. M\u00e1s beneficiosa y lucrativa se plantea su entendimiento con el subcampe\u00f3n ol\u00edmpico, el cual <a href=\"https:\/\/miurltemporal.com/main/triatletasenred.sport.es\/actualidad\/hyden-wild-accidente\/\">regresa a la competici\u00f3n dos meses del terrible accidente que sufri\u00f3 en Jap\u00f3n<\/a> y que le provoc\u00f3 m\u00faltiples lesiones, incluyendo cuatro costillas rotas, una esc\u00e1pula fracturada y da\u00f1o pulmonar. \u201c<strong><em>Wilde dice que va a estar a mi nivel en la nataci\u00f3n y que vamos a trabajar juntos desde ah\u00ed. As\u00ed que eso podr\u00eda jugar a mi favor<\/em><\/strong>\u201d. Junto al neozeland\u00e9s espera ir de la mano m\u00ednimo hasta la T2.<\/p>\n<p>Y amenaza \u201c<strong><em>creo que podr\u00edamos tener y protagoniza la persecuci\u00f3n m\u00e1s grande de lo que hemos visto hist\u00f3ricamente<\/em><\/strong>\u201d. Veremos si qui\u00e9n avisa no es traidor y le \u2018da\u2019 para luchar por las posiciones del podio.<\/p>\n<h4><strong>UNA Y NO M\u00c1S CON LA CADENA<\/strong><\/h4>\n<hr \/>\n<p>M\u00e1s all\u00e1 de la estrategia t\u00e1ctica, Long no quiere cabos sueltos y, siguiendo con el refranero espa\u00f1ol, el norteamericano <strong>no quiere tropezar con la misma piedra<\/strong> de la temporada pasada as\u00ed que ha puesto remedio a la <strong>cadena de la bicicleta<\/strong> que le cost\u00f3 90 segundo en 2024. \u201c<strong><em>Voy con una cubierta. S\u00ed, pierdo un poco en aerodin\u00e1mica. Quiz\u00e1 vaya 10 segundos m\u00e1s lento, pero esta vez ser\u00e1 casi imposible que se me salga la cadena<\/em><\/strong>\u201d.<\/p>\n<p><iframe title=\"Hoka Rocket X3  | Primeras Impresiones del COHETE de HOKA\" width=\"696\" height=\"392\" src=\"https:\/\/www.youtube.com\/embed\/dREznfpvdCY?feature=oembed\" frameborder=\"0\" allow=\"accelerometer; autoplay; clipboard-write; encrypted-media; gyroscope; picture-in-picture; web-share\" referrerpolicy=\"strict-origin-when-cross-origin\" allowfullscreen><\/iframe><\/p>\n","protected":false},"excerpt":{"rendered":"<p>En tiempos desesperados, medidas desesperadas y el estadounidense tiene muy claro por d\u00f3nde pasa la llave de su \u00e9xito en Londres: sumar para ganar.<\/p>\n","protected":false},"author":351,"featured_media":91920,"comment_status":"closed","ping_status":"open","sticky":false,"template":"","format":"standard","meta":{"_acf_changed":false,"rank_math_lock_modified_date":false,"footnotes":""},"categories":[17,10639],"tags":[7632,8376,11197],"class_list":{"0":"post-96727","1":"post","2":"type-post","3":"status-publish","4":"format-standard","5":"has-post-thumbnail","7":"category-actualidad","8":"category-portada","9":"tag-hayden-wilde","10":"tag-sam-long","11":"tag-t100-londres"},"acf":[],"_links":{"self":[{"href":"https:\/\/miurltemporal.com/main/triatletasenred.sport.es\/wp-json\/wp\/v2\/posts\/96727"}],"collection":[{"href":"https:\/\/miurltemporal.com/main/triatletasenred.sport.es\/wp-json\/wp\/v2\/posts"}],"about":[{"href":"https:\/\/miurltemporal.com/main/triatletasenred.sport.es\/wp-json\/wp\/v2\/types\/post"}],"author":[{"embeddable":true,"href":"https:\/\/miurltemporal.com/main/triatletasenred.sport.es\/wp-json\/wp\/v2\/users\/351"}],"replies":[{"embeddable":true,"href":"https:\/\/miurltemporal.com/main/triatletasenred.sport.es\/wp-json\/wp\/v2\/comments?post=96727"}],"version-history":[{"count":3,"href":"https:\/\/miurltemporal.com/main/triatletasenred.sport.es\/wp-json\/wp\/v2\/posts\/96727\/revisions"}],"predecessor-version":[{"id":96730,"href":"https:\/\/miurltemporal.com/main/triatletasenred.sport.es\/wp-json\/wp\/v2\/posts\/96727\/revisions\/96730"}],"wp:featuredmedia":[{"embeddable":true,"href":"https:\/\/miurltemporal.com/main/triatletasenred.sport.es\/wp-json\/wp\/v2\/media\/91920"}],"wp:attachment":[{"href":"https:\/\/miurltemporal.com/main/triatletasenred.sport.es\/wp-json\/wp\/v2\/media?parent=96727"}],"wp:term":[{"taxonomy":"category","embeddable":true,"href":"https:\/\/miurltemporal.com/main/triatletasenred.sport.es\/wp-json\/wp\/v2\/categories?post=96727"},{"taxonomy":"post_tag","embeddable":true,"href":"https:\/\/miurltemporal.com/main/triatletasenred.sport.es\/wp-json\/wp\/v2\/tags?post=96727"}],"curies":[{"name":"wp","href":"https:\/\/api.w.org\/{rel}","templated":true}]}}