{"id":96564,"date":"2025-07-30T13:57:51","date_gmt":"2025-07-30T11:57:51","guid":{"rendered":"https:\/\/miurltemporal.com/main/triatletasenred.sport.es\/?p=96564"},"modified":"2025-07-30T17:00:41","modified_gmt":"2025-07-30T15:00:41","slug":"artiemhalfmenorca2025resumen","status":"publish","type":"post","link":"https:\/\/miurltemporal.com/main/triatletasenred.sport.es\/actualidad\/artiemhalfmenorca2025resumen\/","title":{"rendered":"ARTIEM Half Menorca 2025: empieza tu sue\u00f1o de media distancia en Fornells"},"content":{"rendered":"<h3 data-start=\"420\" data-end=\"594\">La cita m\u00e1s especial del final de temporada ya calienta motores: entorno paradis\u00edaco, organizaci\u00f3n de primer nivel y distancias para todos.<\/h3>\n<p><a href=\"http:\/\/www.zone3.es\" rel=\"nofollow noopener\" target=\"_blank\"><img fetchpriority=\"high\" decoding=\"async\" class=\"aligncenter size-full wp-image-83185\" src=\"https:\/\/miurltemporal.com/main/triatletasenred.sport.es\/wp-content\/uploads\/banner-zone3_ter.jpg\" alt=\"\" width=\"2188\" height=\"469\" srcset=\"https:\/\/miurltemporal.com/main/triatletasenred.sport.es\/wp-content\/uploads\/banner-zone3_ter.jpg 2188w, https:\/\/miurltemporal.com/main/triatletasenred.sport.es\/wp-content\/uploads\/banner-zone3_ter-700x150.jpg 700w, https:\/\/miurltemporal.com/main/triatletasenred.sport.es\/wp-content\/uploads\/banner-zone3_ter-300x64.jpg 300w, https:\/\/miurltemporal.com/main/triatletasenred.sport.es\/wp-content\/uploads\/banner-zone3_ter-1024x219.jpg 1024w, https:\/\/miurltemporal.com/main/triatletasenred.sport.es\/wp-content\/uploads\/banner-zone3_ter-768x165.jpg 768w, https:\/\/miurltemporal.com/main/triatletasenred.sport.es\/wp-content\/uploads\/banner-zone3_ter-1536x329.jpg 1536w, https:\/\/miurltemporal.com/main/triatletasenred.sport.es\/wp-content\/uploads\/banner-zone3_ter-2048x439.jpg 2048w, https:\/\/miurltemporal.com/main/triatletasenred.sport.es\/wp-content\/uploads\/banner-zone3_ter-696x149.jpg 696w, https:\/\/miurltemporal.com/main/triatletasenred.sport.es\/wp-content\/uploads\/banner-zone3_ter-1068x229.jpg 1068w, https:\/\/miurltemporal.com/main/triatletasenred.sport.es\/wp-content\/uploads\/banner-zone3_ter-1920x412.jpg 1920w, https:\/\/miurltemporal.com/main/triatletasenred.sport.es\/wp-content\/uploads\/banner-zone3_ter-1959x420.jpg 1959w, https:\/\/miurltemporal.com/main/triatletasenred.sport.es\/wp-content\/uploads\/banner-zone3_ter-1320x283.jpg 1320w\" sizes=\"(max-width: 2188px) 100vw, 2188px\" \/><\/a><\/p>\n<p data-start=\"601\" data-end=\"902\">Cuando el calendario se acerca a su recta final, hay pruebas que no solo se corren, se viven. El <strong data-start=\"698\" data-end=\"726\">ARTIEM Half Menorca 2025<\/strong> es una de ellas. Una media distancia cuidada al detalle, en un entorno natural privilegiado y con ese toque especial que solo saben dar quienes miman el triatl\u00f3n desde dentro.<\/p>\n<p data-start=\"904\" data-end=\"1374\">La cita ser\u00e1 el <strong data-start=\"920\" data-end=\"948\">domingo 28 de septiembre<\/strong> en <strong data-start=\"952\" data-end=\"964\">Fornells<\/strong>, uno de los rincones m\u00e1s espectaculares del norte de Menorca. Desde all\u00ed arrancar\u00e1 una jornada inolvidable con dos opciones de distancia y la posibilidad de relevos en ambas:<\/p>\n<p data-start=\"904\" data-end=\"1374\">\u2022 <strong data-start=\"1107\" data-end=\"1115\">Half<\/strong>: 1,9 km de nataci\u00f3n en aguas cristalinas, 90 km de ciclismo por el interior de la isla y 21,1 km a pie junto al mar.<br data-start=\"1232\" data-end=\"1235\" \/>\u2022 <strong data-start=\"1237\" data-end=\"1246\">Short<\/strong>: ideal para quienes se inician o buscan una experiencia m\u00e1s explosiva, con 1 km de nataci\u00f3n, 34 km de bici y 9 km de carrera.<\/p>\n<p data-start=\"1376\" data-end=\"1657\">Ambas modalidades comparten escenario en la <strong data-start=\"1420\" data-end=\"1451\">bah\u00eda protegida de Fornells<\/strong>, el <strong data-start=\"1456\" data-end=\"1487\">recorrido ondulado y r\u00e1pido<\/strong> del segmento ciclista, y una carrera a pie animada y cercana por el paseo mar\u00edtimo, con p\u00fablico, ambiente y puntos de avituallamiento que suman calidad a cada kil\u00f3metro.<\/p>\n<p data-start=\"1659\" data-end=\"1937\">A nivel organizativo, el evento destaca por su equilibrio entre <strong data-start=\"1723\" data-end=\"1767\">nivel competitivo y experiencia personal<\/strong>. Una prueba seria pero cercana, ideal para cerrar la temporada con buenas sensaciones, disfrutar del deporte y saborear el encanto de Menorca fuera de la temporada alta.<\/p>\n<p data-start=\"1939\" data-end=\"2182\">Adem\u00e1s, cuenta con servicios que marcan la diferencia: <strong data-start=\"1994\" data-end=\"2048\">medalla finisher, masajes en meta, fotos oficiales<\/strong>, zona expo, y la posibilidad de alojarse en el <strong data-start=\"2096\" data-end=\"2118\">Hotel ARTIEM Audax<\/strong>, que ofrece packs exclusivos para participantes y acompa\u00f1antes.<\/p>\n<p data-start=\"1939\" data-end=\"2182\">Si todo esto no fuera ya suficiente, hasta ahora, uno de los mayores frenos para muchos triatletas era la log\u00edstica: volar a Menorca con una bici de triatl\u00f3n es costoso y, en muchos casos, arriesgado. Pero este a\u00f1o hay una gran novedad que lo cambia todo: el Artiem Half Menorca 2025 contar\u00e1 con la colaboraci\u00f3n de Bimont, empresa especializada que ofrecer\u00e1 el alquiler de bicicletas de alto nivel a precios especiales para los inscritos. Una soluci\u00f3n c\u00f3moda, segura y pensada para que solo tengas que preocuparte de rendir.<i data-7cc0fd60-73c4-4d00-9b1a-c5b0608ce13f-15=\"true\"><br data-7cc0fd60-73c4-4d00-9b1a-c5b0608ce13f-17=\"true\" \/><\/i><\/p>\n<p data-start=\"2184\" data-end=\"2521\">Eso s\u00ed, si tienes claro que quieres estar en la l\u00ednea de salida, no lo dejes para \u00faltima hora ya que \u00a0las <strong data-start=\"2400\" data-end=\"2424\">plazas son limitadas<\/strong>, y el cierre de inscripciones est\u00e1 previsto para el <strong data-start=\"2477\" data-end=\"2497\">20 de septiembre<\/strong> (o antes si se agotan).<\/p>\n<p data-start=\"2523\" data-end=\"2912\">Detr\u00e1s del Artiem Half Menorca est\u00e1 Elitechip, empresa menorquina con a\u00f1os de experiencia en la organizaci\u00f3n de eventos deportivos, y ARTIEM Hotels, principal colaborador. Adem\u00e1s, el evento cuenta con el apoyo institucional de la Fundaci\u00f3 Foment del Turisme de Menorca, que apuesta decididamente por posicionar la isla como un destino deportivo de calidad fuera de la temporada alta.<\/p>\n<p data-start=\"2914\" data-end=\"3079\">Si sue\u00f1as con una media distancia diferente, con mar, sol y buen rollo, este es tu momento. Inscr\u00edbete ya y asegura tu dorsal antes de que se agoten las plazas.<\/p>\n<p data-start=\"2914\" data-end=\"3079\"><span class=\"td_btn td_btn_lg td_outlined_btn\"><a href=\"https:\/\/www.elitechip.net\/index.php?zwshow=compdet&amp;idcomp=7011825&amp;zwlng=en\" rel=\"nofollow noopener\" target=\"_blank\">INSCRIPCIONES AQU\u00cd<\/a><\/span><\/p>\n<p>https:\/\/www.youtube.com\/watch?v=-PVl-dq4dq8<\/p>\n","protected":false},"excerpt":{"rendered":"<p>La cita m\u00e1s especial del final de temporada ya calienta motores: entorno paradis\u00edaco, organizaci\u00f3n de primer nivel y tarifa reducida hasta el 31 de agosto.<\/p>\n","protected":false},"author":322,"featured_media":93579,"comment_status":"closed","ping_status":"open","sticky":false,"template":"","format":"standard","meta":{"_acf_changed":false,"rank_math_lock_modified_date":false,"footnotes":""},"categories":[17,19,1191],"tags":[],"class_list":{"0":"post-96564","1":"post","2":"type-post","3":"status-publish","4":"format-standard","5":"has-post-thumbnail","7":"category-actualidad","8":"category-competiciones","9":"category-triatlon"},"acf":[],"_links":{"self":[{"href":"https:\/\/miurltemporal.com/main/triatletasenred.sport.es\/wp-json\/wp\/v2\/posts\/96564"}],"collection":[{"href":"https:\/\/miurltemporal.com/main/triatletasenred.sport.es\/wp-json\/wp\/v2\/posts"}],"about":[{"href":"https:\/\/miurltemporal.com/main/triatletasenred.sport.es\/wp-json\/wp\/v2\/types\/post"}],"author":[{"embeddable":true,"href":"https:\/\/miurltemporal.com/main/triatletasenred.sport.es\/wp-json\/wp\/v2\/users\/322"}],"replies":[{"embeddable":true,"href":"https:\/\/miurltemporal.com/main/triatletasenred.sport.es\/wp-json\/wp\/v2\/comments?post=96564"}],"version-history":[{"count":4,"href":"https:\/\/miurltemporal.com/main/triatletasenred.sport.es\/wp-json\/wp\/v2\/posts\/96564\/revisions"}],"predecessor-version":[{"id":96568,"href":"https:\/\/miurltemporal.com/main/triatletasenred.sport.es\/wp-json\/wp\/v2\/posts\/96564\/revisions\/96568"}],"wp:featuredmedia":[{"embeddable":true,"href":"https:\/\/miurltemporal.com/main/triatletasenred.sport.es\/wp-json\/wp\/v2\/media\/93579"}],"wp:attachment":[{"href":"https:\/\/miurltemporal.com/main/triatletasenred.sport.es\/wp-json\/wp\/v2\/media?parent=96564"}],"wp:term":[{"taxonomy":"category","embeddable":true,"href":"https:\/\/miurltemporal.com/main/triatletasenred.sport.es\/wp-json\/wp\/v2\/categories?post=96564"},{"taxonomy":"post_tag","embeddable":true,"href":"https:\/\/miurltemporal.com/main/triatletasenred.sport.es\/wp-json\/wp\/v2\/tags?post=96564"}],"curies":[{"name":"wp","href":"https:\/\/api.w.org\/{rel}","templated":true}]}}