{"id":96357,"date":"2025-07-24T07:30:25","date_gmt":"2025-07-24T05:30:25","guid":{"rendered":"https:\/\/miurltemporal.com/main/triatletasenred.sport.es\/?p=96357"},"modified":"2025-07-24T09:39:57","modified_gmt":"2025-07-24T07:39:57","slug":"descubretotaltrimallorca2025","status":"publish","type":"post","link":"https:\/\/miurltemporal.com/main/triatletasenred.sport.es\/actualidad\/descubretotaltrimallorca2025\/","title":{"rendered":"Calas, octubre y triatl\u00f3n a medida del deportista, descubre el TotalTri Mallorca 2025"},"content":{"rendered":"<h3 data-start=\"362\" data-end=\"476\">Tres distancias y una sola filosof\u00eda: disfrutar del triatl\u00f3n en uno de los rincones m\u00e1s especiales de Mallorca.<\/h3>\n<p><a href=\"https:\/\/www.totaltrimallorca.com\" rel=\"nofollow noopener\" target=\"_blank\"><img fetchpriority=\"high\" decoding=\"async\" class=\"aligncenter size-full wp-image-94814\" src=\"https:\/\/miurltemporal.com/main/triatletasenred.sport.es\/wp-content\/uploads\/totaltri-700-x-200-px.png\" alt=\"\" width=\"2100\" height=\"600\" srcset=\"https:\/\/miurltemporal.com/main/triatletasenred.sport.es\/wp-content\/uploads\/totaltri-700-x-200-px.png 2100w, https:\/\/miurltemporal.com/main/triatletasenred.sport.es\/wp-content\/uploads\/totaltri-700-x-200-px-300x86.png 300w, https:\/\/miurltemporal.com/main/triatletasenred.sport.es\/wp-content\/uploads\/totaltri-700-x-200-px-1024x293.png 1024w, https:\/\/miurltemporal.com/main/triatletasenred.sport.es\/wp-content\/uploads\/totaltri-700-x-200-px-768x219.png 768w, https:\/\/miurltemporal.com/main/triatletasenred.sport.es\/wp-content\/uploads\/totaltri-700-x-200-px-1536x439.png 1536w, https:\/\/miurltemporal.com/main/triatletasenred.sport.es\/wp-content\/uploads\/totaltri-700-x-200-px-2048x585.png 2048w, https:\/\/miurltemporal.com/main/triatletasenred.sport.es\/wp-content\/uploads\/totaltri-700-x-200-px-696x199.png 696w, https:\/\/miurltemporal.com/main/triatletasenred.sport.es\/wp-content\/uploads\/totaltri-700-x-200-px-1068x305.png 1068w, https:\/\/miurltemporal.com/main/triatletasenred.sport.es\/wp-content\/uploads\/totaltri-700-x-200-px-1920x549.png 1920w, https:\/\/miurltemporal.com/main/triatletasenred.sport.es\/wp-content\/uploads\/totaltri-700-x-200-px-1470x420.png 1470w\" sizes=\"(max-width: 2100px) 100vw, 2100px\" \/><\/a><\/p>\n<p data-start=\"478\" data-end=\"837\">Hay lugares que invitan a competir, y otros que directamente te hacen disfrutar desde que bajas del avi\u00f3n. <strong data-start=\"585\" data-end=\"598\">Cala d\u2019Or<\/strong>, en el sureste de Mallorca, tiene algo de ambas cosas. Buen clima, calas de postal, log\u00edstica sencilla\u2026 y desde hace a\u00f1os, un triatl\u00f3n que ha sabido crecer manteniendo el trato cercano y el cuidado por los detalles: <strong data-start=\"815\" data-end=\"836\">TotalTri Mallorca<\/strong>.<\/p>\n<p data-start=\"839\" data-end=\"1075\">La edici\u00f3n de 2025 ya tiene fecha: ser\u00e1 el <strong data-start=\"882\" data-end=\"906\">s\u00e1bado 11 de octubre<\/strong>, un momento perfecto para cerrar temporada con buenas piernas, sin el calor agobiante del verano, y en un entorno que lo tiene todo para combinar deporte y desconexi\u00f3n.<\/p>\n<h3 data-start=\"1077\" data-end=\"1123\">Una prueba pensada para todos los perfiles<\/h3>\n<p data-start=\"1125\" data-end=\"1260\">TotalTri Mallorca mantiene su estructura habitual con <strong data-start=\"1179\" data-end=\"1198\">tres distancias<\/strong> bien definidas para que cada participante encuentre su lugar:<\/p>\n<ul data-start=\"1262\" data-end=\"1409\">\n<li data-start=\"1262\" data-end=\"1324\">\n<p data-start=\"1264\" data-end=\"1324\"><strong data-start=\"1264\" data-end=\"1273\">Small<\/strong> (500 m nataci\u00f3n \u00b7 15 km ciclismo \u00b7 5 km carrera)<\/p>\n<\/li>\n<li data-start=\"1325\" data-end=\"1366\">\n<p data-start=\"1327\" data-end=\"1366\"><strong data-start=\"1327\" data-end=\"1338\">Ol\u00edmpic<\/strong> (1.500 m \u00b7 45 km \u00b7 10 km)<\/p>\n<\/li>\n<li data-start=\"1367\" data-end=\"1409\">\n<p data-start=\"1369\" data-end=\"1409\"><strong data-start=\"1369\" data-end=\"1381\">1\/3 Full<\/strong> (1.300 m \u00b7 60 km \u00b7 15 km)<\/p>\n<\/li>\n<\/ul>\n<p data-start=\"1411\" data-end=\"1758\">Los recorridos, completamente cerrados al tr\u00e1fico, combinan secciones r\u00e1pidas con zonas algo m\u00e1s t\u00e9cnicas, pero siempre con buena se\u00f1alizaci\u00f3n, puntos de avituallamiento y un ambiente de esos que te empujan en cada vuelta. No importa si vienes con ganas de probar, de competir o simplemente de disfrutar: <strong data-start=\"1716\" data-end=\"1757\">la prueba se adapta a ti, no al rev\u00e9s<\/strong>.<\/p>\n<h3 data-start=\"1760\" data-end=\"1800\">M\u00e1s que una carrera, una experiencia<\/h3>\n<p data-start=\"1802\" data-end=\"2153\">Lo que distingue a este triatl\u00f3n no est\u00e1 solo en su trazado ni en la calidad organizativa \u2014que tambi\u00e9n\u2014, sino en <strong data-start=\"1915\" data-end=\"1949\">la experiencia que lo envuelve<\/strong>. Desde los hoteles colaboradores cerca de boxes hasta la entrega de dorsales, la animaci\u00f3n en meta o los servicios para acompa\u00f1antes, todo est\u00e1 pensado para que t\u00fa te centres en lo importante: disfrutar.<\/p>\n<p data-start=\"2155\" data-end=\"2431\">Y luego est\u00e1 el entorno. Acantilados, caminos costeros, peque\u00f1as calas de agua cristalina y una luz muy especial en ese octubre balear. Muchos triatletas aprovechan la cita para alargar unos d\u00edas su estancia, reconectar con la isla y recargar pilas tras una temporada intensa.<\/p>\n<h3 data-start=\"2433\" data-end=\"2492\">Si lo tienes en mente, el momento de apuntarte es ahora<\/h3>\n<p data-start=\"2494\" data-end=\"2855\">Aunque todav\u00eda queda tiempo por delante, ahora mismo las inscripciones est\u00e1n abiertas con <strong data-start=\"2584\" data-end=\"2605\">tarifas reducidas<\/strong> en las tres distancias. Estos precios se mantendr\u00e1n <strong data-start=\"2658\" data-end=\"2686\">hasta el 2 de septiembre<\/strong>, momento en el que se activar\u00e1 el siguiente tramo. As\u00ed que si tienes claro que quieres estar en la salida de Cala d\u2019Or este octubre, mejor no dejarlo para m\u00e1s adelante. S\u00famate\u00a0y empieza a preparar tu \u00faltima gran cita del a\u00f1o, en un entorno que te har\u00e1 sentir en casa desde el primer metro.<\/p>\n<p data-start=\"2494\" data-end=\"2855\"><span class=\"td_btn td_btn_lg td_outlined_btn\"><a href=\"https:\/\/www.totaltrimallorca.com\" rel=\"nofollow noopener\" target=\"_blank\">INSCRIPCI\u00d3N AQU\u00cd<\/a><\/span><\/p>\n<div class=\"youtube-embed\" data-video_id=\"08jax-_UIUU\"><iframe title=\"5 consejos INFALIBLES  para MEJORAR tus entrenamientos de NATACI\u00d3N \ud83c\udfca\u200d\u2642\ufe0f\ud83d\udd25\" width=\"696\" height=\"392\" src=\"https:\/\/www.youtube.com\/embed\/08jax-_UIUU?feature=oembed&#038;enablejsapi=1\" frameborder=\"0\" allow=\"accelerometer; autoplay; clipboard-write; encrypted-media; gyroscope; picture-in-picture; web-share\" referrerpolicy=\"strict-origin-when-cross-origin\" allowfullscreen><\/iframe><\/div>\n","protected":false},"excerpt":{"rendered":"<p>Tres distancias y una sola filosof\u00eda: disfrutar del triatl\u00f3n en uno de los rincones m\u00e1s especiales de Mallorca.<\/p>\n","protected":false},"author":322,"featured_media":92598,"comment_status":"closed","ping_status":"open","sticky":false,"template":"","format":"standard","meta":{"_acf_changed":false,"rank_math_lock_modified_date":false,"footnotes":""},"categories":[17,19,1191],"tags":[],"class_list":{"0":"post-96357","1":"post","2":"type-post","3":"status-publish","4":"format-standard","5":"has-post-thumbnail","7":"category-actualidad","8":"category-competiciones","9":"category-triatlon"},"acf":[],"_links":{"self":[{"href":"https:\/\/miurltemporal.com/main/triatletasenred.sport.es\/wp-json\/wp\/v2\/posts\/96357"}],"collection":[{"href":"https:\/\/miurltemporal.com/main/triatletasenred.sport.es\/wp-json\/wp\/v2\/posts"}],"about":[{"href":"https:\/\/miurltemporal.com/main/triatletasenred.sport.es\/wp-json\/wp\/v2\/types\/post"}],"author":[{"embeddable":true,"href":"https:\/\/miurltemporal.com/main/triatletasenred.sport.es\/wp-json\/wp\/v2\/users\/322"}],"replies":[{"embeddable":true,"href":"https:\/\/miurltemporal.com/main/triatletasenred.sport.es\/wp-json\/wp\/v2\/comments?post=96357"}],"version-history":[{"count":3,"href":"https:\/\/miurltemporal.com/main/triatletasenred.sport.es\/wp-json\/wp\/v2\/posts\/96357\/revisions"}],"predecessor-version":[{"id":96392,"href":"https:\/\/miurltemporal.com/main/triatletasenred.sport.es\/wp-json\/wp\/v2\/posts\/96357\/revisions\/96392"}],"wp:featuredmedia":[{"embeddable":true,"href":"https:\/\/miurltemporal.com/main/triatletasenred.sport.es\/wp-json\/wp\/v2\/media\/92598"}],"wp:attachment":[{"href":"https:\/\/miurltemporal.com/main/triatletasenred.sport.es\/wp-json\/wp\/v2\/media?parent=96357"}],"wp:term":[{"taxonomy":"category","embeddable":true,"href":"https:\/\/miurltemporal.com/main/triatletasenred.sport.es\/wp-json\/wp\/v2\/categories?post=96357"},{"taxonomy":"post_tag","embeddable":true,"href":"https:\/\/miurltemporal.com/main/triatletasenred.sport.es\/wp-json\/wp\/v2\/tags?post=96357"}],"curies":[{"name":"wp","href":"https:\/\/api.w.org\/{rel}","templated":true}]}}