{"id":96351,"date":"2025-07-23T13:30:40","date_gmt":"2025-07-23T11:30:40","guid":{"rendered":"https:\/\/miurltemporal.com/main/triatletasenred.sport.es\/?p=96351"},"modified":"2025-07-23T13:16:51","modified_gmt":"2025-07-23T11:16:51","slug":"blummenfelt-mas-sincero-que-nunca-me-senti-desesperado-en-ironman-frankfurt-fue-una-lucha-constante","status":"publish","type":"post","link":"https:\/\/miurltemporal.com/main/triatletasenred.sport.es\/actualidad\/blummenfelt-mas-sincero-que-nunca-me-senti-desesperado-en-ironman-frankfurt-fue-una-lucha-constante\/","title":{"rendered":"Blummenfelt m\u00e1s sincero que nunca: &#8220;Me sent\u00ed desesperado en Ironman Frankfurt, fue una lucha constante&#8221;"},"content":{"rendered":"<p>La estrella noruega confiesa los miedos, errores y debilidades que dej\u00f3 al descubierto su presencia en un Campeonato de Europa Ironman de Frankfurt m\u00e1s costoso de lo que aparenta.<\/p>\n<p><a href=\"http:\/\/www.zone3.es\" rel=\"nofollow noopener\" target=\"_blank\"><img fetchpriority=\"high\" decoding=\"async\" class=\"alignnone size-large wp-image-83185\" src=\"https:\/\/miurltemporal.com/main/triatletasenred.sport.es\/wp-content\/uploads\/banner-zone3_ter-1024x219.jpg\" alt=\"\" width=\"696\" height=\"149\" srcset=\"https:\/\/miurltemporal.com/main/triatletasenred.sport.es\/wp-content\/uploads\/banner-zone3_ter-1024x219.jpg 1024w, https:\/\/miurltemporal.com/main/triatletasenred.sport.es\/wp-content\/uploads\/banner-zone3_ter-700x150.jpg 700w, https:\/\/miurltemporal.com/main/triatletasenred.sport.es\/wp-content\/uploads\/banner-zone3_ter-300x64.jpg 300w, https:\/\/miurltemporal.com/main/triatletasenred.sport.es\/wp-content\/uploads\/banner-zone3_ter-768x165.jpg 768w, https:\/\/miurltemporal.com/main/triatletasenred.sport.es\/wp-content\/uploads\/banner-zone3_ter-1536x329.jpg 1536w, https:\/\/miurltemporal.com/main/triatletasenred.sport.es\/wp-content\/uploads\/banner-zone3_ter-2048x439.jpg 2048w, https:\/\/miurltemporal.com/main/triatletasenred.sport.es\/wp-content\/uploads\/banner-zone3_ter-696x149.jpg 696w, https:\/\/miurltemporal.com/main/triatletasenred.sport.es\/wp-content\/uploads\/banner-zone3_ter-1068x229.jpg 1068w, https:\/\/miurltemporal.com/main/triatletasenred.sport.es\/wp-content\/uploads\/banner-zone3_ter-1920x412.jpg 1920w, https:\/\/miurltemporal.com/main/triatletasenred.sport.es\/wp-content\/uploads\/banner-zone3_ter-1959x420.jpg 1959w, https:\/\/miurltemporal.com/main/triatletasenred.sport.es\/wp-content\/uploads\/banner-zone3_ter-1320x283.jpg 1320w\" sizes=\"(max-width: 696px) 100vw, 696px\" \/><\/a><\/p>\n<p><strong>\u201c<em>Fue mucho m\u00e1s dif\u00edcil vencer en el Campeonato de Europa Ironman de Frankfurt que en Texas y <\/em>durante los cinco, seis o siete d\u00edas posteriores a la carrera, sent\u00ed que mis piernas no estaban del todo bien o no respond\u00edan tan bien como justo despu\u00e9s de la cita texana. P<em>ero estoy contento de ganar y contento de no perder y tambi\u00e9n fue una buena llamada de atenci\u00f3n de cara a Niza<\/em>\u201d. <\/strong>Es la declaraci\u00f3n sin ambages de <strong>Kristian Blummenfelt<\/strong> tras reposar el resultado del evento alem\u00e1n.<\/p>\n<p>Una victoria, la tercera del a\u00f1o, que el noruego ha destripado sin dobleces en su <a href=\"https:\/\/youtu.be\/-g_FgxWBpvs?feature=shared\" rel=\"nofollow noopener\" target=\"_blank\">\u00faltimo v\u00eddeo de Youtube<\/a> y en la que extra\u00f1amente <strong>ha aireado sin discreci\u00f3n tanto sus errores como sus flaquezas, as\u00ed como los miedos<\/strong> con los que acud\u00eda a suelo teut\u00f3n.<\/p>\n<h4>EL BLUMMENFELT M\u00c1S VULNERABLE PRE FRANKFURT: <em>&#8220;ME DABA P\u00c1NICO&#8221;<\/em><\/h4>\n<hr \/>\n<p>Y es que, el \u2018Toro\u2019 no las ten\u00eda todas consigo ya al aterrizar en la localidad sede del Banco Central Europeo y, tal y como destapa, <strong>le causaba \u201c<em>p\u00e1nico y nervios<\/em>\u201d no haber hecho una simulaci\u00f3n de carrera al aire libre en las condiciones en las que se encontrar\u00eda el d\u00eda de la carrera<\/strong>, al mismo tiempo que <strong>le provocaba \u201c<em>inseguridad<\/em>\u201d desconocer c\u00f3mo iba a reaccionar y aguantar su cuerpo a las altas temperaturas<\/strong> al que iba a ser sometido (30-35\u00baC) a diferencia del curso anterior.<\/p>\n<p>Al mismo tiempo, Blummenfelt ha confesado que su gran duda era \u201c<strong><em>si estar\u00eda en una buena posici\u00f3n al bajar de la bicicleta<\/em>\u201d <\/strong>mientras que admite que confiaba plenamente en su carrera a pie ya desde Bergen. La <strong>tercera y \u00faltima <\/strong>inc\u00f3gnita y preocupaci\u00f3n que rode\u00f3 al noruego antes del pistoletazo de salida era la condici\u00f3n de sus rivales, concretamente, la de <strong>Patrick Lange y la de Magnus Ditlev<\/strong>. Un dan\u00e9s del que abiertamente reconoce <strong>temer su t\u00e1ctica y su bicicleta tras \u201c<em>destrozarle en Kona el a\u00f1o pasado<\/em>\u201d.<\/strong><\/p>\n<figure id=\"attachment_96373\" aria-describedby=\"caption-attachment-96373\" style=\"width: 696px\" class=\"wp-caption alignnone\"><img decoding=\"async\" class=\"size-large wp-image-96373\" src=\"https:\/\/miurltemporal.com/main/triatletasenred.sport.es\/wp-content\/uploads\/@kristianblu-brings-the-heat-on-a-hot-day-in-Frankfurt-to-defend-his-@ironmantri-European-Champi-2-1024x819.jpg\" alt=\"\" width=\"696\" height=\"557\" srcset=\"https:\/\/miurltemporal.com/main/triatletasenred.sport.es\/wp-content\/uploads\/@kristianblu-brings-the-heat-on-a-hot-day-in-Frankfurt-to-defend-his-@ironmantri-European-Champi-2-1024x819.jpg 1024w, https:\/\/miurltemporal.com/main/triatletasenred.sport.es\/wp-content\/uploads\/@kristianblu-brings-the-heat-on-a-hot-day-in-Frankfurt-to-defend-his-@ironmantri-European-Champi-2-300x240.jpg 300w, https:\/\/miurltemporal.com/main/triatletasenred.sport.es\/wp-content\/uploads\/@kristianblu-brings-the-heat-on-a-hot-day-in-Frankfurt-to-defend-his-@ironmantri-European-Champi-2-768x614.jpg 768w, https:\/\/miurltemporal.com/main/triatletasenred.sport.es\/wp-content\/uploads\/@kristianblu-brings-the-heat-on-a-hot-day-in-Frankfurt-to-defend-his-@ironmantri-European-Champi-2-696x557.jpg 696w, https:\/\/miurltemporal.com/main/triatletasenred.sport.es\/wp-content\/uploads\/@kristianblu-brings-the-heat-on-a-hot-day-in-Frankfurt-to-defend-his-@ironmantri-European-Champi-2-1068x854.jpg 1068w, https:\/\/miurltemporal.com/main/triatletasenred.sport.es\/wp-content\/uploads\/@kristianblu-brings-the-heat-on-a-hot-day-in-Frankfurt-to-defend-his-@ironmantri-European-Champi-2-525x420.jpg 525w, https:\/\/miurltemporal.com/main/triatletasenred.sport.es\/wp-content\/uploads\/@kristianblu-brings-the-heat-on-a-hot-day-in-Frankfurt-to-defend-his-@ironmantri-European-Champi-2.jpg 1080w\" sizes=\"(max-width: 696px) 100vw, 696px\" \/><figcaption id=\"caption-attachment-96373\" class=\"wp-caption-text\">Kristian Blummenfelt durante el segmento ciclista de Ironman Franfurt donde sufri\u00f3 con la nutrici\u00f3n y su rendimiento. Fotograf\u00eda: Cadex Cycling.<\/figcaption><\/figure>\n<h4>Y EL BLUMMENFELT M\u00c1S ERR\u00c1TICO: <em>&#8220;NO ESTABA SEGURO SI SER\u00cdA SUFICIENTE&#8221;<\/em><\/h4>\n<hr \/>\n<p>Recelos que se hicieron realidad, as\u00ed como una <strong>serie de errores<\/strong> que comenzaron nada m\u00e1s echarse al agua. \u201c<strong><em>Uno de los errores que comet\u00ed fue no ser lo suficientemente agresivo en los los primeros 500m. Supuse que el grupo se unir\u00eda y que estar\u00eda en una buena posici\u00f3n, pero al dar la vuelta en el primer circuito corto de nataci\u00f3n me di cuenta de que ya se hab\u00eda abierto una brecha, y pens\u00e9 que ser\u00eda un esfuerzo enorme acortarla si pod\u00eda hacerlo y ni siquiera estaba seguro de si ser\u00eda lo suficientemente fuerte para alcanzarlos, as\u00ed que durante toda la segunda vuelta nad\u00e9 a los pies de otro triatleta tratando de ahorrar tanta energ\u00eda como fuera posible<\/em><\/strong>\u201d.<\/p>\n<h5><em>&#8220;ME SENT\u00cd DESESPERADO&#8221;\u00a0 <\/em>EL CALVARIO DE BLUMMENFELT<\/h5>\n<h5><span style=\"color: #222222; font-family: Verdana, BlinkMacSystemFont, -apple-system, 'Segoe UI', Roboto, Oxygen, Ubuntu, Cantarell, 'Open Sans', 'Helvetica Neue', sans-serif; font-size: 15px;\">El segundo lleg\u00f3 al subirse sobre las dos ruedas para encarar un segmento que afrontaba fuera del primer grupo y con la distancia respecto a Ditlev como mayor preocupaci\u00f3n. Algo que qued\u00f3 en segundo plano al sufrir la <\/span><strong style=\"color: #222222; font-family: Verdana, BlinkMacSystemFont, -apple-system, 'Segoe UI', Roboto, Oxygen, Ubuntu, Cantarell, 'Open Sans', 'Helvetica Neue', sans-serif; font-size: 15px;\">p\u00e9rdida de una de sus botellas de nutrici\u00f3n<\/strong><span style=\"color: #222222; font-family: Verdana, BlinkMacSystemFont, -apple-system, 'Segoe UI', Roboto, Oxygen, Ubuntu, Cantarell, 'Open Sans', 'Helvetica Neue', sans-serif; font-size: 15px;\"> que condicion\u00f3 los 180K de bicicleta: \u201c<\/span><strong style=\"color: #222222; font-family: Verdana, BlinkMacSystemFont, -apple-system, 'Segoe UI', Roboto, Oxygen, Ubuntu, Cantarell, 'Open Sans', 'Helvetica Neue', sans-serif; font-size: 15px;\"><em>Depend\u00ed de los geles energ\u00e9ticos y despu\u00e9s de 2h30m estaba vac\u00edo de toda la bebida deportiva que tuviera conmigo. Durante los \u00faltimos 90m de la carrera me faltaron carbohidratos y tuve que recurrir b\u00e1sicamente al agua durante el recorrido<\/em><\/strong><span style=\"color: #222222; font-family: Verdana, BlinkMacSystemFont, -apple-system, 'Segoe UI', Roboto, Oxygen, Ubuntu, Cantarell, 'Open Sans', 'Helvetica Neue', sans-serif; font-size: 15px;\">\u201d. Una situaci\u00f3n que Blummenfelt admite le azot\u00f3 psicol\u00f3gica y f\u00edsicamente: \u201c<\/span><strong style=\"color: #222222; font-family: Verdana, BlinkMacSystemFont, -apple-system, 'Segoe UI', Roboto, Oxygen, Ubuntu, Cantarell, 'Open Sans', 'Helvetica Neue', sans-serif; font-size: 15px;\"><em>Me sent\u00ed bastante desesperado durante la \u00faltima hora de ciclismo y tambi\u00e9n ten\u00eda los m\u00fasculos fatal<\/em>\u201d.<\/strong><\/h5>\n<p><strong>\u201c<em>Pens\u00e9 que, si consegu\u00eda llegar a la T2 con un grupo, estar\u00eda lo suficientemente en forma para recuperarme de cara a la carrera a pie. Fue una lucha constante. En muchas ocasiones me qued\u00e9 atr\u00e1s del grupo y luego tuve que volver a unirme de nuevo a \u00e9l. As\u00ed que s\u00ed, fue un recorrido m\u00e1s exigente de lo que deber\u00eda haber sido. Pero de alguna manera logr\u00e9 llegar a la T2 con el grupo principal y tuve una transici\u00f3n r\u00e1pida de nuevo, ya que me hab\u00eda puesto los calcetines en la T1<\/em>\u201d <\/strong>confiesa Blummenfelt quien tambi\u00e9n ha puntualizado que a posteriori descubri\u00f3 que <strong>la tija del sill\u00edn estaba algunos cent\u00edmetros m\u00e1s debajo de lo habitual<\/strong>.<\/p>\n<h5>LA RECOMENDACI\u00d3N DEL &#8216;TORO&#8217;<\/h5>\n<p>Y si bien la carrera a pie fue coser y cantar como ya pronosticaba desde sus entrenamientos en Bergen, el marat\u00f3n del hombre que busca su segundo entorchado mundial Ironman no estuvo exento de un peque\u00f1o incidente con las molestias que le caus\u00f3 el <strong>chip de cronometraje<\/strong> y lanza un <strong>consejo<\/strong> para todos aquello\/as que lidien con ello: \u201c<strong><em>Es mejor reajustarlo al principio de la carrera en lugar de tener esas marcas que pueden irritar el tend\u00f3n de Aquiles y causar dolor durante la segunda mitad<\/em><\/strong>&#8220;. Tal y como afirma, par\u00f3, lo arregl\u00f3 y volvi\u00f3 a correr hasta hacerse con la victoria en Ironman Frankfurt.<\/p>\n<figure id=\"attachment_92289\" aria-describedby=\"caption-attachment-92289\" style=\"width: 592px\" class=\"wp-caption alignnone\"><img decoding=\"async\" class=\"size-full wp-image-92289\" src=\"https:\/\/miurltemporal.com/main/triatletasenred.sport.es\/wp-content\/uploads\/Sam-Laidlow.jpg\" alt=\"\" width=\"592\" height=\"395\" srcset=\"https:\/\/miurltemporal.com/main/triatletasenred.sport.es\/wp-content\/uploads\/Sam-Laidlow.jpg 592w, https:\/\/miurltemporal.com/main/triatletasenred.sport.es\/wp-content\/uploads\/Sam-Laidlow-300x200.jpg 300w\" sizes=\"(max-width: 592px) 100vw, 592px\" \/><figcaption id=\"caption-attachment-92289\" class=\"wp-caption-text\">Sam Laidlow vuelve a estar para Blummenfelt en el radar de los candidatos a todo en Niza.<\/figcaption><\/figure>\n<h4>LOS &#8220;SE\u00d1ALADOS&#8221; DE BLUMMENFELT PARA NIZA<\/h4>\n<hr \/>\n<p>Ironman Frankfurt fue m\u00e1s que una llamada de atenci\u00f3n en lo personal para Blummenfelt a quien su paso por Alemania, unido a las otras recientes actuaciones de sus compa\u00f1eros, le ha servido para <strong>mencionar con nombres y apellidos a aquellos que considera ser\u00e1n sus grandes rivales en Niza, a los hombres que pueden sumarse a la terna y a aquellos de los que espera algo m\u00e1s<\/strong> de lo mostrado hasta ahora en la cita mundial:<\/p>\n<p>\u201c<strong><em>Vimos la potencia de Jonas Schomburg y Kristian H\u00f8genhaug en la bici. Supongo que Magnus Ditlev ser\u00e1 m\u00e1s fuerte en Niza que lo que mostr\u00f3 en Frankfurt ya que me sorprendi\u00f3 un poco que no fuera m\u00e1s fuerte en la bici. Sam Lailow est\u00e1 de vuelta. Marten Van Riel probablemente ser\u00e1 agresivo en el circuito ciclista<\/em><\/strong><em>. <strong>No confiaba en Patrick Lange antes de Kona el a\u00f1o pasado, pero esta vez definitivamente creo que es alguien a tener en cuenta<\/strong>. <strong>Gustav hizo su mejor carrera probablemente desde Kona en 2022 y Casper Stornes est\u00e1 nadando y pedaleando mejor que yo.<\/strong> <strong>Si firma otro Ironman, podr\u00eda ser un competidor peligroso para el podio<\/strong><\/em>\u201d.<\/p>\n<h4>DOS MESES, UNA DEBILIDAD A SOLUCIONAR<\/h4>\n<hr \/>\n<p>Hasta que ese pr\u00f3ximo 14 de septiembre se desvele el nuevo \u2018rey\u2019 del Ironman mundial, el \u2018Toro\u2019 no tiene otro objetivo en mente que \u201c<strong><em>realizar mucho trabajo en la bicicleta, volver a subir el umbral y controlar el golpe de pedal perdido<\/em><\/strong>\u201d. Algo que considera esencial para ser \u201c<strong><em>m\u00e1s fuerte y m\u00e1s r\u00e1pido<\/em><\/strong>\u201d en Niza.<\/p>\n<p><iframe title=\"Lo MEJOR y lo PEOR de 2025 | \u00daLTIMO EPISODIO de la temporada\" width=\"696\" height=\"392\" src=\"https:\/\/www.youtube.com\/embed\/ztfhd8sAb7w?feature=oembed\" frameborder=\"0\" allow=\"accelerometer; autoplay; clipboard-write; encrypted-media; gyroscope; picture-in-picture; web-share\" referrerpolicy=\"strict-origin-when-cross-origin\" allowfullscreen><\/iframe><\/p>\n","protected":false},"excerpt":{"rendered":"<p>La estrella noruega confiesa los miedos, errores y debilidades que dej\u00f3 al descubierto su presencia en un Campeonato de Europa Ironman de Frankfurt m\u00e1s costoso de lo que aparenta.<\/p>\n","protected":false},"author":351,"featured_media":96371,"comment_status":"closed","ping_status":"open","sticky":false,"template":"","format":"standard","meta":{"_acf_changed":false,"rank_math_lock_modified_date":false,"footnotes":""},"categories":[17,10639],"tags":[7415,4369],"class_list":{"0":"post-96351","1":"post","2":"type-post","3":"status-publish","4":"format-standard","5":"has-post-thumbnail","7":"category-actualidad","8":"category-portada","9":"tag-blummenfelt","10":"tag-ironman-frankfurt"},"acf":[],"_links":{"self":[{"href":"https:\/\/miurltemporal.com/main/triatletasenred.sport.es\/wp-json\/wp\/v2\/posts\/96351"}],"collection":[{"href":"https:\/\/miurltemporal.com/main/triatletasenred.sport.es\/wp-json\/wp\/v2\/posts"}],"about":[{"href":"https:\/\/miurltemporal.com/main/triatletasenred.sport.es\/wp-json\/wp\/v2\/types\/post"}],"author":[{"embeddable":true,"href":"https:\/\/miurltemporal.com/main/triatletasenred.sport.es\/wp-json\/wp\/v2\/users\/351"}],"replies":[{"embeddable":true,"href":"https:\/\/miurltemporal.com/main/triatletasenred.sport.es\/wp-json\/wp\/v2\/comments?post=96351"}],"version-history":[{"count":2,"href":"https:\/\/miurltemporal.com/main/triatletasenred.sport.es\/wp-json\/wp\/v2\/posts\/96351\/revisions"}],"predecessor-version":[{"id":96374,"href":"https:\/\/miurltemporal.com/main/triatletasenred.sport.es\/wp-json\/wp\/v2\/posts\/96351\/revisions\/96374"}],"wp:featuredmedia":[{"embeddable":true,"href":"https:\/\/miurltemporal.com/main/triatletasenred.sport.es\/wp-json\/wp\/v2\/media\/96371"}],"wp:attachment":[{"href":"https:\/\/miurltemporal.com/main/triatletasenred.sport.es\/wp-json\/wp\/v2\/media?parent=96351"}],"wp:term":[{"taxonomy":"category","embeddable":true,"href":"https:\/\/miurltemporal.com/main/triatletasenred.sport.es\/wp-json\/wp\/v2\/categories?post=96351"},{"taxonomy":"post_tag","embeddable":true,"href":"https:\/\/miurltemporal.com/main/triatletasenred.sport.es\/wp-json\/wp\/v2\/tags?post=96351"}],"curies":[{"name":"wp","href":"https:\/\/api.w.org\/{rel}","templated":true}]}}