{"id":96321,"date":"2025-07-21T09:23:48","date_gmt":"2025-07-21T07:23:48","guid":{"rendered":"https:\/\/miurltemporal.com/main/triatletasenred.sport.es\/?p=96321"},"modified":"2025-07-21T12:21:26","modified_gmt":"2025-07-21T10:21:26","slug":"el-zuiadu-2026-ya-tiene-fecha-el-28-de-marzo-toca-peregrinar-a-murgia","status":"publish","type":"post","link":"https:\/\/miurltemporal.com/main/triatletasenred.sport.es\/actualidad\/el-zuiadu-2026-ya-tiene-fecha-el-28-de-marzo-toca-peregrinar-a-murgia\/","title":{"rendered":"El ZUIADU 2026 ya tiene fecha: el 28 de marzo toca peregrinar a Murgia"},"content":{"rendered":"<p data-start=\"102\" data-end=\"510\"><strong>El Duatl\u00f3n de Zuia, AKA ZUIADU, ya tiene marcada en el calendario su pr\u00f3xima edici\u00f3n: el s\u00e1bado 28 de marzo de 2026.<\/strong><\/p>\n<p data-start=\"102\" data-end=\"510\"><a href=\"https:\/\/zone3.es\/\" rel=\"nofollow noopener\" target=\"_blank\"><img fetchpriority=\"high\" decoding=\"async\" src=\"https:\/\/miurltemporal.com/main/triatletasenred.sport.es\/wp-content\/uploads\/Banner-Zone3-746x149px.gif\" class=\"aligncenter size-full wp-image-66903\" alt=\"\" width=\"746\" height=\"149\"><\/a><\/p>\n<p data-start=\"102\" data-end=\"510\">La cita, que se ha consolidado como una de las m\u00e1s destacadas del calendario vasco de duatl\u00f3n, volver\u00e1 a reunir a centenares de deportistas dispuestos a enfrentarse a su exigente pero espectacular recorrido entre las localidades de Murgia y Zigoitia, en pleno coraz\u00f3n de \u00c1lava.<\/p>\n<p data-start=\"512\" data-end=\"919\">A\u00f1o tras a\u00f1o, el ZUIADU ha sabido ganarse el respeto de los duatletas gracias al cari\u00f1o de la poblaci\u00f3n, la organizaci\u00f3n del equipo de Dani Ibarrola, su ambiente festivo y un recorrido que combina dureza, belleza natural, tradici\u00f3n y&#8230;.<strong>la cena del duatleta de la que poco se habla.<\/strong><\/p>\n<p>Su formato habitual \u2014carrera a pie, ciclismo sin drafting y carrera final\u2014 se desarrolla en un entorno privilegiado, con tramos exigentes que ponen a prueba tanto la resistencia como la estrategia de cada participante. Un circuito que nadie dijo que fuera f\u00e1cil.<\/p>\n<p data-start=\"921\" data-end=\"1383\">Aunque a\u00fan no se ha abierto el plazo de inscripciones la organizaci\u00f3n ha querido anunciar con antelaci\u00f3n la fecha para que deportistas de toda la geograf\u00eda puedan ir planificando su participaci\u00f3n y anotar en las agendas este MUST.<\/p>\n<p>En la edici\u00f3n de 2025, el ZUIADU reuni\u00f3 a m\u00e1s de 600 duatletas, entre ellos a algunas de las grandes figuras del panorama nacional e internacional, consolidando su estatus como una prueba de referencia m\u00e1s all\u00e1 del duatl\u00f3n..<\/p>\n<p data-start=\"1642\" data-end=\"1935\" data-is-last-node=\"\" data-is-only-node=\"\">Con la fecha ya anunciada, ahora comienza la cuenta atr\u00e1s para el ZUIADU 2026. Un duatl\u00f3n con identidad propia u una pasi\u00f3n por el deporte que se contagia desde la l\u00ednea de salida hasta el \u00faltimo metro de meta como puedes comprobar en nuestro resumen de edici\u00f3n anterior.<\/p>\n<p><iframe title=\"ZUIADU INSIDE | Lo que nadie te puede ense\u00f1ar del INFIERNO EN EL NORTE \ud83d\udd25\" width=\"696\" height=\"392\" src=\"https:\/\/www.youtube.com\/embed\/M-ZbH7JjQlI?feature=oembed\" frameborder=\"0\" allow=\"accelerometer; autoplay; clipboard-write; encrypted-media; gyroscope; picture-in-picture; web-share\" referrerpolicy=\"strict-origin-when-cross-origin\" allowfullscreen><\/iframe><\/p>\n","protected":false},"excerpt":{"rendered":"<p>El Duatl\u00f3n de Zuia, AKA ZUIADU, ya tiene marcada en el calendario su pr\u00f3xima edici\u00f3n: el s\u00e1bado 28 de marzo de 2026.<\/p>\n","protected":false},"author":2,"featured_media":94714,"comment_status":"closed","ping_status":"open","sticky":false,"template":"","format":"standard","meta":{"_acf_changed":false,"rank_math_lock_modified_date":false,"footnotes":""},"categories":[17],"tags":[],"class_list":{"0":"post-96321","1":"post","2":"type-post","3":"status-publish","4":"format-standard","5":"has-post-thumbnail","7":"category-actualidad"},"acf":[],"_links":{"self":[{"href":"https:\/\/miurltemporal.com/main/triatletasenred.sport.es\/wp-json\/wp\/v2\/posts\/96321"}],"collection":[{"href":"https:\/\/miurltemporal.com/main/triatletasenred.sport.es\/wp-json\/wp\/v2\/posts"}],"about":[{"href":"https:\/\/miurltemporal.com/main/triatletasenred.sport.es\/wp-json\/wp\/v2\/types\/post"}],"author":[{"embeddable":true,"href":"https:\/\/miurltemporal.com/main/triatletasenred.sport.es\/wp-json\/wp\/v2\/users\/2"}],"replies":[{"embeddable":true,"href":"https:\/\/miurltemporal.com/main/triatletasenred.sport.es\/wp-json\/wp\/v2\/comments?post=96321"}],"version-history":[{"count":3,"href":"https:\/\/miurltemporal.com/main/triatletasenred.sport.es\/wp-json\/wp\/v2\/posts\/96321\/revisions"}],"predecessor-version":[{"id":96327,"href":"https:\/\/miurltemporal.com/main/triatletasenred.sport.es\/wp-json\/wp\/v2\/posts\/96321\/revisions\/96327"}],"wp:featuredmedia":[{"embeddable":true,"href":"https:\/\/miurltemporal.com/main/triatletasenred.sport.es\/wp-json\/wp\/v2\/media\/94714"}],"wp:attachment":[{"href":"https:\/\/miurltemporal.com/main/triatletasenred.sport.es\/wp-json\/wp\/v2\/media?parent=96321"}],"wp:term":[{"taxonomy":"category","embeddable":true,"href":"https:\/\/miurltemporal.com/main/triatletasenred.sport.es\/wp-json\/wp\/v2\/categories?post=96321"},{"taxonomy":"post_tag","embeddable":true,"href":"https:\/\/miurltemporal.com/main/triatletasenred.sport.es\/wp-json\/wp\/v2\/tags?post=96321"}],"curies":[{"name":"wp","href":"https:\/\/api.w.org\/{rel}","templated":true}]}}