{"id":96252,"date":"2025-07-09T08:40:43","date_gmt":"2025-07-09T06:40:43","guid":{"rendered":"https:\/\/miurltemporal.com/main/triatletasenred.sport.es\/?p=96252"},"modified":"2025-07-16T08:47:15","modified_gmt":"2025-07-16T06:47:15","slug":"coros-dura-actualizacion","status":"publish","type":"post","link":"https:\/\/miurltemporal.com/main/triatletasenred.sport.es\/actualidad\/coros-dura-actualizacion\/","title":{"rendered":"COROS DURA se renueva: navegaci\u00f3n m\u00e1s inteligente y funciones clave para ciclistas exigentes"},"content":{"rendered":"<p data-start=\"268\" data-end=\"566\">El ciclocomputador COROS DURA vuelve a dar un salto de calidad con una nueva actualizaci\u00f3n centrada en la experiencia real del ciclista.<\/p>\n<p data-start=\"268\" data-end=\"566\"><a href=\"http:\/\/www.zone3.es\" rel=\"nofollow noopener\" target=\"_blank\"><img fetchpriority=\"high\" decoding=\"async\" class=\"aligncenter size-full wp-image-83185\" src=\"https:\/\/miurltemporal.com/main/triatletasenred.sport.es\/wp-content\/uploads\/banner-zone3_ter.jpg\" alt=\"\" width=\"2188\" height=\"469\" srcset=\"https:\/\/miurltemporal.com/main/triatletasenred.sport.es\/wp-content\/uploads\/banner-zone3_ter.jpg 2188w, https:\/\/miurltemporal.com/main/triatletasenred.sport.es\/wp-content\/uploads\/banner-zone3_ter-700x150.jpg 700w, https:\/\/miurltemporal.com/main/triatletasenred.sport.es\/wp-content\/uploads\/banner-zone3_ter-300x64.jpg 300w, https:\/\/miurltemporal.com/main/triatletasenred.sport.es\/wp-content\/uploads\/banner-zone3_ter-1024x219.jpg 1024w, https:\/\/miurltemporal.com/main/triatletasenred.sport.es\/wp-content\/uploads\/banner-zone3_ter-768x165.jpg 768w, https:\/\/miurltemporal.com/main/triatletasenred.sport.es\/wp-content\/uploads\/banner-zone3_ter-1536x329.jpg 1536w, https:\/\/miurltemporal.com/main/triatletasenred.sport.es\/wp-content\/uploads\/banner-zone3_ter-2048x439.jpg 2048w, https:\/\/miurltemporal.com/main/triatletasenred.sport.es\/wp-content\/uploads\/banner-zone3_ter-696x149.jpg 696w, https:\/\/miurltemporal.com/main/triatletasenred.sport.es\/wp-content\/uploads\/banner-zone3_ter-1068x229.jpg 1068w, https:\/\/miurltemporal.com/main/triatletasenred.sport.es\/wp-content\/uploads\/banner-zone3_ter-1920x412.jpg 1920w, https:\/\/miurltemporal.com/main/triatletasenred.sport.es\/wp-content\/uploads\/banner-zone3_ter-1959x420.jpg 1959w, https:\/\/miurltemporal.com/main/triatletasenred.sport.es\/wp-content\/uploads\/banner-zone3_ter-1320x283.jpg 1320w\" sizes=\"(max-width: 2188px) 100vw, 2188px\" \/><\/a><\/p>\n<p data-start=\"268\" data-end=\"566\">Mejores mapas, navegaci\u00f3n m\u00e1s flexible y alertas en tiempo real son solo algunas de las novedades que llegan justo a tiempo para las rutas m\u00e1s largas del verano.<\/p>\n<p data-start=\"268\" data-end=\"566\"><div id=\"ez-toc-container\" class=\"ez-toc-v2_0_69_1 counter-hierarchy ez-toc-counter ez-toc-grey ez-toc-container-direction\">\n<div class=\"ez-toc-title-container\">\n<p class=\"ez-toc-title\" style=\"cursor:inherit\">Table of Contents<\/p>\n<span class=\"ez-toc-title-toggle\"><a href=\"#\" class=\"ez-toc-pull-right ez-toc-btn ez-toc-btn-xs ez-toc-btn-default ez-toc-toggle\" aria-label=\"Toggle Table of Content\"><span class=\"ez-toc-js-icon-con\"><span class=\"\"><span class=\"eztoc-hide\" style=\"display:none;\">Toggle<\/span><span class=\"ez-toc-icon-toggle-span\"><svg style=\"fill: #999;color:#999\" xmlns=\"http:\/\/www.w3.org\/2000\/svg\" class=\"list-377408\" width=\"20px\" height=\"20px\" viewBox=\"0 0 24 24\" fill=\"none\"><path d=\"M6 6H4v2h2V6zm14 0H8v2h12V6zM4 11h2v2H4v-2zm16 0H8v2h12v-2zM4 16h2v2H4v-2zm16 0H8v2h12v-2z\" fill=\"currentColor\"><\/path><\/svg><svg style=\"fill: #999;color:#999\" class=\"arrow-unsorted-368013\" xmlns=\"http:\/\/www.w3.org\/2000\/svg\" width=\"10px\" height=\"10px\" viewBox=\"0 0 24 24\" version=\"1.2\" baseProfile=\"tiny\"><path d=\"M18.2 9.3l-6.2-6.3-6.2 6.3c-.2.2-.3.4-.3.7s.1.5.3.7c.2.2.4.3.7.3h11c.3 0 .5-.1.7-.3.2-.2.3-.5.3-.7s-.1-.5-.3-.7zM5.8 14.7l6.2 6.3 6.2-6.3c.2-.2.3-.5.3-.7s-.1-.5-.3-.7c-.2-.2-.4-.3-.7-.3h-11c-.3 0-.5.1-.7.3-.2.2-.3.5-.3.7s.1.5.3.7z\"\/><\/svg><\/span><\/span><\/span><\/a><\/span><\/div>\n<nav><ul class='ez-toc-list ez-toc-list-level-1 ' ><li class='ez-toc-page-1 ez-toc-heading-level-3'><a class=\"ez-toc-link ez-toc-heading-1\" href=\"https:\/\/miurltemporal.com/main/triatletasenred.sport.es\/actualidad\/coros-dura-actualizacion\/#Navegacion_giro_a_giro%E2%80%A6_con_nombres_de_calles\" title=\"Navegaci\u00f3n giro a giro\u2026 con nombres de calles\">Navegaci\u00f3n giro a giro\u2026 con nombres de calles<\/a><\/li><li class='ez-toc-page-1 ez-toc-heading-level-3'><a class=\"ez-toc-link ez-toc-heading-2\" href=\"https:\/\/miurltemporal.com/main/triatletasenred.sport.es\/actualidad\/coros-dura-actualizacion\/#Recalculacion_de_ruta_a_tu_medida\" title=\"Recalculaci\u00f3n de ruta a tu medida\">Recalculaci\u00f3n de ruta a tu medida<\/a><\/li><li class='ez-toc-page-1 ez-toc-heading-level-3'><a class=\"ez-toc-link ez-toc-heading-3\" href=\"https:\/\/miurltemporal.com/main/triatletasenred.sport.es\/actualidad\/coros-dura-actualizacion\/#Mapas_mas_claros_y_perfiles_de_subida_detallados\" title=\"Mapas m\u00e1s claros y perfiles de subida detallados\">Mapas m\u00e1s claros y perfiles de subida detallados<\/a><\/li><li class='ez-toc-page-1 ez-toc-heading-level-3'><a class=\"ez-toc-link ez-toc-heading-4\" href=\"https:\/\/miurltemporal.com/main/triatletasenred.sport.es\/actualidad\/coros-dura-actualizacion\/#Alertas_de_audio_para_no_quitar_la_vista_de_la_carretera\" title=\"Alertas de audio para no quitar la vista de la carretera\">Alertas de audio para no quitar la vista de la carretera<\/a><\/li><li class='ez-toc-page-1 ez-toc-heading-level-3'><a class=\"ez-toc-link ez-toc-heading-5\" href=\"https:\/\/miurltemporal.com/main/triatletasenred.sport.es\/actualidad\/coros-dura-actualizacion\/#Otras_mejoras_que_marcan_la_diferencia\" title=\"Otras mejoras que marcan la diferencia\">Otras mejoras que marcan la diferencia<\/a><\/li><li class='ez-toc-page-1 ez-toc-heading-level-3'><a class=\"ez-toc-link ez-toc-heading-6\" href=\"https:\/\/miurltemporal.com/main/triatletasenred.sport.es\/actualidad\/coros-dura-actualizacion\/#Tecnologia_que_escucha_al_ciclista\" title=\"Tecnolog\u00eda que escucha al ciclista\">Tecnolog\u00eda que escucha al ciclista<\/a><\/li><\/ul><\/nav><\/div>\n<\/p>\n<p data-start=\"568\" data-end=\"798\">Tras cinco actualizaciones en solo un a\u00f1o, COROS reafirma su compromiso con la mejora continua de su ecosistema ciclista, consolidando al DURA como una herramienta fiable y vers\u00e1til para quienes pasan muchas horas sobre el sill\u00edn.<\/p>\n<h3 data-start=\"800\" data-end=\"849\"><span class=\"ez-toc-section\" id=\"Navegacion_giro_a_giro%E2%80%A6_con_nombres_de_calles\"><\/span>Navegaci\u00f3n giro a giro\u2026 con nombres de calles<span class=\"ez-toc-section-end\"><\/span><\/h3>\n<p data-start=\"851\" data-end=\"1072\">La navegaci\u00f3n giro a giro da un paso adelante al incorporar el nombre de las calles en las indicaciones. Una mejora simple pero clave para no perder referencias cuando circulamos por entornos urbanos o rutas desconocidas.<\/p>\n<h3 data-start=\"1074\" data-end=\"1111\"><span class=\"ez-toc-section\" id=\"Recalculacion_de_ruta_a_tu_medida\"><\/span>Recalculaci\u00f3n de ruta a tu medida<span class=\"ez-toc-section-end\"><\/span><\/h3>\n<p data-start=\"1113\" data-end=\"1270\">Una de las grandes incorporaciones es la <strong data-start=\"1154\" data-end=\"1189\">recalculaci\u00f3n flexible de rutas<\/strong>. Ahora, si te desv\u00edas del recorrido previsto, puedes elegir entre tres opciones:<\/p>\n<ul data-start=\"1272\" data-end=\"1506\">\n<li data-start=\"1272\" data-end=\"1362\">\n<p data-start=\"1274\" data-end=\"1362\"><strong data-start=\"1274\" data-end=\"1289\">Autom\u00e1tica:<\/strong> el dispositivo te devuelve al trazado original con una ruta alternativa.<\/p>\n<\/li>\n<li data-start=\"1363\" data-end=\"1418\">\n<p data-start=\"1365\" data-end=\"1418\"><strong data-start=\"1365\" data-end=\"1376\">Manual:<\/strong> decide t\u00fa cu\u00e1ndo y c\u00f3mo retomar el track.<\/p>\n<\/li>\n<li data-start=\"1419\" data-end=\"1506\">\n<p data-start=\"1421\" data-end=\"1506\"><strong data-start=\"1421\" data-end=\"1443\">Sin recalculaci\u00f3n:<\/strong> el DURA solo te avisa si sales del trayecto, sin alterar nada.<\/p>\n<\/li>\n<\/ul>\n<p data-start=\"1508\" data-end=\"1600\">Una funci\u00f3n pensada para ciclistas que valoran tanto la libertad como la eficiencia en ruta.<\/p>\n<h3 data-start=\"1602\" data-end=\"1654\"><span class=\"ez-toc-section\" id=\"Mapas_mas_claros_y_perfiles_de_subida_detallados\"><\/span>Mapas m\u00e1s claros y perfiles de subida detallados<span class=\"ez-toc-section-end\"><\/span><\/h3>\n<p data-start=\"1656\" data-end=\"1922\">La nueva visualizaci\u00f3n cartogr\u00e1fica mejora la distinci\u00f3n entre carreteras y carriles bici, algo esencial para rutas mixtas. Adem\u00e1s, una capa topogr\u00e1fica renovada ofrece una lectura m\u00e1s precisa de los desniveles, ideal para planificar esfuerzos en puertos o repechos.<\/p>\n<h3 data-start=\"1924\" data-end=\"1984\"><span class=\"ez-toc-section\" id=\"Alertas_de_audio_para_no_quitar_la_vista_de_la_carretera\"><\/span>Alertas de audio para no quitar la vista de la carretera<span class=\"ez-toc-section-end\"><\/span><\/h3>\n<p data-start=\"1986\" data-end=\"2196\">Conectado a tu m\u00f3vil o auriculares, el COROS DURA lanza avisos de audio sobre velocidad, giros, nutrici\u00f3n o distancia. De momento disponibles en ingl\u00e9s, franc\u00e9s, chino y japon\u00e9s, pero con m\u00e1s idiomas en camino.<\/p>\n<p data-start=\"2198\" data-end=\"2285\">Una herramienta pensada para mantener el foco en lo importante: pedalear con seguridad.<\/p>\n<h3 data-start=\"2287\" data-end=\"2329\"><span class=\"ez-toc-section\" id=\"Otras_mejoras_que_marcan_la_diferencia\"><\/span>Otras mejoras que marcan la diferencia<span class=\"ez-toc-section-end\"><\/span><\/h3>\n<ul data-start=\"2331\" data-end=\"3093\">\n<li data-start=\"2331\" data-end=\"2506\">\n<p data-start=\"2333\" data-end=\"2506\"><strong data-start=\"2333\" data-end=\"2367\">Pausa autom\u00e1tica configurable:<\/strong> elige la velocidad a la que el dispositivo detiene la actividad. Ideal para evitar datos err\u00f3neos al parar en un sem\u00e1foro o repostar agua.<\/p>\n<\/li>\n<li data-start=\"2507\" data-end=\"2615\">\n<p data-start=\"2509\" data-end=\"2615\"><strong data-start=\"2509\" data-end=\"2547\">Consulta del clima en tiempo real:<\/strong> temperatura y condiciones directamente desde la pantalla de inicio.<\/p>\n<\/li>\n<li data-start=\"2616\" data-end=\"2728\">\n<p data-start=\"2618\" data-end=\"2728\"><strong data-start=\"2618\" data-end=\"2661\">Inversi\u00f3n r\u00e1pida de rutas planificadas:<\/strong> si cambias de idea, puedes rehacer el recorrido con un solo toque.<\/p>\n<\/li>\n<li data-start=\"2729\" data-end=\"2794\">\n<p data-start=\"2731\" data-end=\"2794\"><strong data-start=\"2731\" data-end=\"2794\">Compatibilidad con transmisiones electr\u00f3nicas 11-32T (X12).<\/strong><\/p>\n<\/li>\n<li data-start=\"2795\" data-end=\"2871\">\n<p data-start=\"2797\" data-end=\"2871\"><strong data-start=\"2797\" data-end=\"2871\">Acceso directo a entrenamientos oficiales de ciclismo en la App COROS.<\/strong><\/p>\n<\/li>\n<li data-start=\"2872\" data-end=\"2929\">\n<p data-start=\"2874\" data-end=\"2929\"><strong data-start=\"2874\" data-end=\"2929\">Estabilidad mejorada en la velocidad a baja marcha.<\/strong><\/p>\n<\/li>\n<li data-start=\"2930\" data-end=\"3015\">\n<p data-start=\"2932\" data-end=\"3015\"><strong data-start=\"2932\" data-end=\"3015\">Algoritmo optimizado para el c\u00e1lculo de calor\u00edas activas con datos de potencia.<\/strong><\/p>\n<\/li>\n<li data-start=\"3016\" data-end=\"3093\">\n<p data-start=\"3018\" data-end=\"3093\"><strong data-start=\"3018\" data-end=\"3093\">Hasta 10 p\u00e1ginas de datos personalizables por actividad (antes eran 6).<\/strong><\/p>\n<\/li>\n<\/ul>\n<h3 data-start=\"3095\" data-end=\"3133\"><span class=\"ez-toc-section\" id=\"Tecnologia_que_escucha_al_ciclista\"><\/span>Tecnolog\u00eda que escucha al ciclista<span class=\"ez-toc-section-end\"><\/span><\/h3>\n<p data-start=\"3135\" data-end=\"3417\">Con cada actualizaci\u00f3n, COROS refuerza su filosof\u00eda: desarrollar productos que evolucionen con las necesidades reales de los deportistas. Esta nueva versi\u00f3n del DURA no solo a\u00f1ade funciones, sino que ajusta detalles clave que marcan la diferencia en entrenamientos y salidas largas.<\/p>\n<p data-start=\"3419\" data-end=\"3547\">Para los que se pierden por placer, pero no quieren perderse en el camino, el COROS DURA sigue pedaleando en la buena direcci\u00f3n.<\/p>\n<p><a href=\"https:\/\/youtu.be\/ezEP5FvOrUc\" rel=\"nofollow noopener\" target=\"_blank\">https:\/\/youtu.be\/ezEP5FvOrUc<\/a><\/p>\n","protected":false},"excerpt":{"rendered":"<p>El ciclocomputador COROS DURA vuelve a dar un salto de calidad con una nueva actualizaci\u00f3n centrada en la experiencia real del ciclista. Mejores mapas, navegaci\u00f3n m\u00e1s flexible y alertas en tiempo real son solo algunas de las novedades que llegan justo a tiempo para las rutas m\u00e1s largas del verano. Tras cinco actualizaciones en solo [&hellip;]<\/p>\n","protected":false},"author":2,"featured_media":96253,"comment_status":"closed","ping_status":"open","sticky":false,"template":"","format":"standard","meta":{"_acf_changed":false,"rank_math_lock_modified_date":false,"footnotes":""},"categories":[17,12],"tags":[],"class_list":{"0":"post-96252","1":"post","2":"type-post","3":"status-publish","4":"format-standard","5":"has-post-thumbnail","7":"category-actualidad","8":"category-material-triatlon"},"acf":[],"_links":{"self":[{"href":"https:\/\/miurltemporal.com/main/triatletasenred.sport.es\/wp-json\/wp\/v2\/posts\/96252"}],"collection":[{"href":"https:\/\/miurltemporal.com/main/triatletasenred.sport.es\/wp-json\/wp\/v2\/posts"}],"about":[{"href":"https:\/\/miurltemporal.com/main/triatletasenred.sport.es\/wp-json\/wp\/v2\/types\/post"}],"author":[{"embeddable":true,"href":"https:\/\/miurltemporal.com/main/triatletasenred.sport.es\/wp-json\/wp\/v2\/users\/2"}],"replies":[{"embeddable":true,"href":"https:\/\/miurltemporal.com/main/triatletasenred.sport.es\/wp-json\/wp\/v2\/comments?post=96252"}],"version-history":[{"count":2,"href":"https:\/\/miurltemporal.com/main/triatletasenred.sport.es\/wp-json\/wp\/v2\/posts\/96252\/revisions"}],"predecessor-version":[{"id":96255,"href":"https:\/\/miurltemporal.com/main/triatletasenred.sport.es\/wp-json\/wp\/v2\/posts\/96252\/revisions\/96255"}],"wp:featuredmedia":[{"embeddable":true,"href":"https:\/\/miurltemporal.com/main/triatletasenred.sport.es\/wp-json\/wp\/v2\/media\/96253"}],"wp:attachment":[{"href":"https:\/\/miurltemporal.com/main/triatletasenred.sport.es\/wp-json\/wp\/v2\/media?parent=96252"}],"wp:term":[{"taxonomy":"category","embeddable":true,"href":"https:\/\/miurltemporal.com/main/triatletasenred.sport.es\/wp-json\/wp\/v2\/categories?post=96252"},{"taxonomy":"post_tag","embeddable":true,"href":"https:\/\/miurltemporal.com/main/triatletasenred.sport.es\/wp-json\/wp\/v2\/tags?post=96252"}],"curies":[{"name":"wp","href":"https:\/\/api.w.org\/{rel}","templated":true}]}}