{"id":96213,"date":"2025-07-14T17:20:55","date_gmt":"2025-07-14T15:20:55","guid":{"rendered":"https:\/\/miurltemporal.com/main/triatletasenred.sport.es\/?p=96213"},"modified":"2025-07-14T15:02:47","modified_gmt":"2025-07-14T13:02:47","slug":"triatlo-illa-de-formentera-2025-compite-entre-aguas-turquesa-y-carreteras-infinitas","status":"publish","type":"post","link":"https:\/\/miurltemporal.com/main/triatletasenred.sport.es\/actualidad\/triatlo-illa-de-formentera-2025-compite-entre-aguas-turquesa-y-carreteras-infinitas\/","title":{"rendered":"Triatl\u00f3 Illa de Formentera 2025: compite entre aguas turquesa y carreteras infinitas"},"content":{"rendered":"<h3>El 4 de octubre vuelve una de las pruebas m\u00e1s especiales del calendario con inscripciones ya abiertas y un ambiente y entorno privilegiado.<\/h3>\n<p><a href=\"http:\/\/www.zone3.es\" rel=\"nofollow noopener\" target=\"_blank\"><img fetchpriority=\"high\" decoding=\"async\" class=\"aligncenter size-full wp-image-83185\" src=\"https:\/\/miurltemporal.com/main/triatletasenred.sport.es\/wp-content\/uploads\/banner-zone3_ter.jpg\" alt=\"\" width=\"2188\" height=\"469\" srcset=\"https:\/\/miurltemporal.com/main/triatletasenred.sport.es\/wp-content\/uploads\/banner-zone3_ter.jpg 2188w, https:\/\/miurltemporal.com/main/triatletasenred.sport.es\/wp-content\/uploads\/banner-zone3_ter-700x150.jpg 700w, https:\/\/miurltemporal.com/main/triatletasenred.sport.es\/wp-content\/uploads\/banner-zone3_ter-300x64.jpg 300w, https:\/\/miurltemporal.com/main/triatletasenred.sport.es\/wp-content\/uploads\/banner-zone3_ter-1024x219.jpg 1024w, https:\/\/miurltemporal.com/main/triatletasenred.sport.es\/wp-content\/uploads\/banner-zone3_ter-768x165.jpg 768w, https:\/\/miurltemporal.com/main/triatletasenred.sport.es\/wp-content\/uploads\/banner-zone3_ter-1536x329.jpg 1536w, https:\/\/miurltemporal.com/main/triatletasenred.sport.es\/wp-content\/uploads\/banner-zone3_ter-2048x439.jpg 2048w, https:\/\/miurltemporal.com/main/triatletasenred.sport.es\/wp-content\/uploads\/banner-zone3_ter-696x149.jpg 696w, https:\/\/miurltemporal.com/main/triatletasenred.sport.es\/wp-content\/uploads\/banner-zone3_ter-1068x229.jpg 1068w, https:\/\/miurltemporal.com/main/triatletasenred.sport.es\/wp-content\/uploads\/banner-zone3_ter-1920x412.jpg 1920w, https:\/\/miurltemporal.com/main/triatletasenred.sport.es\/wp-content\/uploads\/banner-zone3_ter-1959x420.jpg 1959w, https:\/\/miurltemporal.com/main/triatletasenred.sport.es\/wp-content\/uploads\/banner-zone3_ter-1320x283.jpg 1320w\" sizes=\"(max-width: 2188px) 100vw, 2188px\" \/><\/a><\/p>\n<article class=\"text-token-text-primary w-full\" dir=\"auto\" data-testid=\"conversation-turn-16\" data-scroll-anchor=\"true\">\n<div class=\"text-base my-auto mx-auto py-5 [--thread-content-margin:--spacing(4)] @[37rem]:[--thread-content-margin:--spacing(6)] @[72rem]:[--thread-content-margin:--spacing(16)] px-(--thread-content-margin)\">\n<div class=\"[--thread-content-max-width:32rem] @[34rem]:[--thread-content-max-width:40rem] @[64rem]:[--thread-content-max-width:48rem] mx-auto flex max-w-(--thread-content-max-width) flex-1 text-base gap-4 md:gap-5 lg:gap-6 group\/turn-messages focus-visible:outline-hidden\" tabindex=\"-1\">\n<div class=\"group\/conversation-turn relative flex w-full min-w-0 flex-col agent-turn\">\n<div class=\"relative flex-col gap-1 md:gap-3\">\n<div class=\"flex max-w-full flex-col grow\">\n<div class=\"min-h-8 text-message relative flex w-full flex-col items-end gap-2 text-start break-words whitespace-normal [.text-message+&amp;]:mt-5\" dir=\"auto\" data-message-author-role=\"assistant\" data-message-id=\"f6a23ab6-7413-4cec-84dd-b46ffe699ad4\" data-message-model-slug=\"gpt-4o\">\n<div class=\"flex w-full flex-col gap-1 empty:hidden first:pt-[3px]\">\n<div class=\"markdown prose dark:prose-invert w-full break-words dark\">\n<p data-start=\"716\" data-end=\"1073\">Formentera no necesita filtros. Sus aguas transparentes, sus carreteras costeras y su atm\u00f3sfera pausada hablan por s\u00ed solas. Pero si a eso le sumamos una prueba bien organizada, cercana y dise\u00f1ada para disfrutar del triatl\u00f3n sin estr\u00e9s, el resultado es el <strong data-start=\"972\" data-end=\"1002\">Triatl\u00f3 Illa de Formentera<\/strong>, que el pr\u00f3ximo <strong data-start=\"1019\" data-end=\"1072\">s\u00e1bado 4 de octubre celebrar\u00e1 su und\u00e9cima edici\u00f3n<\/strong>.<\/p>\n<p data-start=\"1075\" data-end=\"1420\">Con centro de operaciones en <strong data-start=\"1104\" data-end=\"1132\">Pla\u00e7a Europa (Es Pujols)<\/strong>, esta cita es mucho m\u00e1s que una carrera. Es el plan perfecto para cerrar la temporada compitiendo en uno de los entornos m\u00e1s privilegiados del circuito nacional. Adem\u00e1s, por fechas y localizaci\u00f3n, ofrece una experiencia accesible y atractiva tanto para triatletas como para acompa\u00f1antes.<\/p>\n<h3 data-start=\"1422\" data-end=\"1462\">Dos formatos para todos los perfiles<\/h3>\n<p data-start=\"1464\" data-end=\"1497\">El evento propone dos distancias:<\/p>\n<ul data-start=\"1499\" data-end=\"1808\">\n<li data-start=\"1499\" data-end=\"1646\">\n<p data-start=\"1501\" data-end=\"1646\"><strong data-start=\"1501\" data-end=\"1511\">Sprint<\/strong>: 750\u202fm de nataci\u00f3n, 20\u202fkm en bici y 5\u202fkm de carrera a pie. Disponible en formato individual y tambi\u00e9n por equipos de 2 o 3 triatletas.<\/p>\n<\/li>\n<li data-start=\"1647\" data-end=\"1808\">\n<p data-start=\"1649\" data-end=\"1808\"><strong data-start=\"1649\" data-end=\"1661\">Ol\u00edmpico<\/strong>: 1.500\u202fm de nataci\u00f3n, 40\u202fkm en bici y 10\u202fkm de carrera. Solo individual y con el aliciente de ser <strong data-start=\"1760\" data-end=\"1807\">Campeonato de Baleares de Triatl\u00f3n Ol\u00edmpico<\/strong>.<\/p>\n<\/li>\n<\/ul>\n<p data-start=\"1810\" data-end=\"2117\">Los circuitos son c\u00f3modos, llanos y visualmente espectaculares. La nataci\u00f3n se realiza en aguas abiertas frente a Es Pujols; el sector ciclista recorre la carretera que une la zona con La Savina (PM-820-2) en varias vueltas de ida y vuelta; y la carrera a pie se desarrolla en un trazado urbano muy animado.<\/p>\n<h3 data-start=\"2119\" data-end=\"2143\">Competir\u2026 y quedarse<\/h3>\n<p data-start=\"2145\" data-end=\"2545\">Adem\u00e1s de las condiciones ideales para competir, la prueba incluye todos los servicios log\u00edsticos que facilitan la experiencia: zona compacta de boxes, cronometraje por chip, guardarropa y atenci\u00f3n postmeta. Tambi\u00e9n hay <strong data-start=\"2365\" data-end=\"2425\">descuentos en transporte mar\u00edtimo con Trasmapi y Trasmed<\/strong>, y opciones de alojamiento y alquiler de veh\u00edculos gestionadas por <strong data-start=\"2493\" data-end=\"2513\">Viatges Es Freus<\/strong>, la agencia oficial del evento.<\/p>\n<p data-start=\"2547\" data-end=\"2809\">En lo deportivo, se permite el drafting solo entre triatletas del mismo sexo y vuelta, y no se permiten bicicletas con acoples. Todo est\u00e1 pensado para una experiencia segura, limpia y sostenible, con medidas concretas para proteger el entorno natural de la isla.<\/p>\n<p data-start=\"214\" data-end=\"730\">Y si alguna vez has so\u00f1ado con competir en un lugar as\u00ed, ahora es el momento. Las <strong data-start=\"296\" data-end=\"331\">inscripciones ya est\u00e1n abiertas<\/strong> y los primeros dorsales comienzan a volar. Adem\u00e1s, hasta el <strong data-start=\"392\" data-end=\"411\">5 de septiembre<\/strong> puedes beneficiarte de <strong data-start=\"435\" data-end=\"456\">tarifas reducidas<\/strong>, tanto si compites en solitario como en equipo. \u00bfTe imaginas cruzando la meta con el Mediterr\u00e1neo de fondo y el sabor de una isla que parece hecha para esto? Pues no lo pienses demasiado\u2026 porque las plazas son limitadas y Formentera solo abre esta ventana una vez al a\u00f1o.<\/p>\n<\/div>\n<\/div>\n<\/div>\n<\/div>\n<div class=\"mt-3 w-full empty:hidden\"><span class=\"td_btn td_btn_lg td_outlined_btn\"><a href=\"https:\/\/www.elitechip.net\/index.php?zwshow=compdet&amp;idcomp=7011964&amp;compsec=signup\" rel=\"nofollow noopener\" target=\"_blank\">INSCRIPCIONES AQU\u00cd\u00a0<\/a><\/span><\/div>\n<\/div>\n<\/div>\n<\/div>\n<\/div>\n<\/article>\n","protected":false},"excerpt":{"rendered":"<p>El 4 de octubre vuelve una de las pruebas m\u00e1s especiales del calendario con inscripciones ya abiertas y un ambiente y entorno privilegiado<\/p>\n","protected":false},"author":322,"featured_media":85488,"comment_status":"closed","ping_status":"open","sticky":false,"template":"","format":"standard","meta":{"_acf_changed":false,"rank_math_lock_modified_date":false,"footnotes":""},"categories":[17,19,1191],"tags":[],"class_list":{"0":"post-96213","1":"post","2":"type-post","3":"status-publish","4":"format-standard","5":"has-post-thumbnail","7":"category-actualidad","8":"category-competiciones","9":"category-triatlon"},"acf":[],"_links":{"self":[{"href":"https:\/\/miurltemporal.com/main/triatletasenred.sport.es\/wp-json\/wp\/v2\/posts\/96213"}],"collection":[{"href":"https:\/\/miurltemporal.com/main/triatletasenred.sport.es\/wp-json\/wp\/v2\/posts"}],"about":[{"href":"https:\/\/miurltemporal.com/main/triatletasenred.sport.es\/wp-json\/wp\/v2\/types\/post"}],"author":[{"embeddable":true,"href":"https:\/\/miurltemporal.com/main/triatletasenred.sport.es\/wp-json\/wp\/v2\/users\/322"}],"replies":[{"embeddable":true,"href":"https:\/\/miurltemporal.com/main/triatletasenred.sport.es\/wp-json\/wp\/v2\/comments?post=96213"}],"version-history":[{"count":1,"href":"https:\/\/miurltemporal.com/main/triatletasenred.sport.es\/wp-json\/wp\/v2\/posts\/96213\/revisions"}],"predecessor-version":[{"id":96214,"href":"https:\/\/miurltemporal.com/main/triatletasenred.sport.es\/wp-json\/wp\/v2\/posts\/96213\/revisions\/96214"}],"wp:featuredmedia":[{"embeddable":true,"href":"https:\/\/miurltemporal.com/main/triatletasenred.sport.es\/wp-json\/wp\/v2\/media\/85488"}],"wp:attachment":[{"href":"https:\/\/miurltemporal.com/main/triatletasenred.sport.es\/wp-json\/wp\/v2\/media?parent=96213"}],"wp:term":[{"taxonomy":"category","embeddable":true,"href":"https:\/\/miurltemporal.com/main/triatletasenred.sport.es\/wp-json\/wp\/v2\/categories?post=96213"},{"taxonomy":"post_tag","embeddable":true,"href":"https:\/\/miurltemporal.com/main/triatletasenred.sport.es\/wp-json\/wp\/v2\/tags?post=96213"}],"curies":[{"name":"wp","href":"https:\/\/api.w.org\/{rel}","templated":true}]}}