{"id":95854,"date":"2025-06-16T20:56:14","date_gmt":"2025-06-16T18:56:14","guid":{"rendered":"https:\/\/miurltemporal.com/main/triatletasenred.sport.es\/?p=95854"},"modified":"2025-06-16T20:56:14","modified_gmt":"2025-06-16T18:56:14","slug":"mas-de-300-deportistas-dieron-vida-a-trimparables-zaragoza","status":"publish","type":"post","link":"https:\/\/miurltemporal.com/main/triatletasenred.sport.es\/actualidad\/mas-de-300-deportistas-dieron-vida-a-trimparables-zaragoza\/","title":{"rendered":"M\u00e1s de 300 deportistas dieron vida a Trimparables Zaragoza"},"content":{"rendered":"<p>El evento suma un nuevo \u00e9xito en la capital aragonesa despu\u00e9s de su primera parada en Gij\u00f3n.<\/p>\n<p><a href=\"https:\/\/www.finisher.es\" rel=\"nofollow noopener\" target=\"_blank\"><img fetchpriority=\"high\" decoding=\"async\" class=\"alignnone size-full wp-image-89764\" src=\"https:\/\/miurltemporal.com/main/triatletasenred.sport.es\/wp-content\/uploads\/Banner_finisher_750x100.jpg\" alt=\"\" width=\"750\" height=\"100\" srcset=\"https:\/\/miurltemporal.com/main/triatletasenred.sport.es\/wp-content\/uploads\/Banner_finisher_750x100.jpg 750w, https:\/\/miurltemporal.com/main/triatletasenred.sport.es\/wp-content\/uploads\/Banner_finisher_750x100-300x40.jpg 300w, https:\/\/miurltemporal.com/main/triatletasenred.sport.es\/wp-content\/uploads\/Banner_finisher_750x100-696x93.jpg 696w, https:\/\/miurltemporal.com/main/triatletasenred.sport.es\/wp-content\/uploads\/Banner_finisher_750x100-741x100.jpg 741w\" sizes=\"(max-width: 750px) 100vw, 750px\" \/><\/a><\/p>\n<p>M\u00e1s de <strong>300 deportistas<\/strong> y mucho p\u00fablico se dieron cita en el emblem\u00e1tico <strong>embarcadero de Vadorrey de Zaragoza<\/strong> (Capital Europea del Deporte 2027) en lo que fue el escenario del segundo evento de la gira nacional de <strong>Trimparables<\/strong>, promovida por la <strong>Federaci\u00f3n Espa\u00f1ola de Triatl\u00f3n<\/strong>, <strong>Cadena SER<\/strong> y <strong>Diario AS<\/strong>, y que alcanzaba la capital aragonesa con el apoyo y patrocinio del <strong>Gobierno de Arag\u00f3n<\/strong>, de la mano de la <strong>Federaci\u00f3n Aragonesa de Triatl\u00f3n<\/strong> y el club local <strong>TransNatur Triatl\u00f3n Europa<\/strong>, y con la colaboraci\u00f3n del <strong>Ayuntamiento de Zaragoza<\/strong>.<\/p>\n<p>La combinaci\u00f3n de triatletas <strong>habituales<\/strong> disfrutando de una gran carrera y <strong>debutantes<\/strong> haciendo su primer triatl\u00f3n volvi\u00f3 a ser un \u00e9xito que los llev\u00f3 a \u2018engancharse\u2019 a un deporte que probaron o repitieron compitiendo en distancia <strong>Sprint<\/strong> o <strong>SuperSprint<\/strong>, de forma <strong>individual<\/strong> o en <strong>parejas<\/strong> y <strong>relevos<\/strong>, o<strong> categor\u00eda inclusiva desde los m\u00e1s peque\u00f1os a adultos. <\/strong>Un evento que les llev\u00f3 a<strong> nadar a contracorriente en el azud del Ebro <\/strong>y pedalear y correr por la<strong> Ribera.<\/strong><\/p>\n<h4>DOMINIO DEL STADIUM CASABLANCA MAPEI EN SUPERSPRINT\u2026<\/h4>\n<hr \/>\n<p><strong>Noa Sancho<\/strong> (Stadium Casablanca Mapei) fue la m\u00e1s r\u00e1pida en el <strong>Triatl\u00f3n SuperSprint<\/strong>. Una categor\u00eda femenina en la que su compa\u00f1era de equipo <strong>Julia Manso<\/strong> termin\u00f3 segunda, justo por delante de <strong>Mar\u00eda Lainez <\/strong>(SDR Arenas de Tudela). El potente equipo aragon\u00e9s del Stadium aportaba tambi\u00e9n a los ganadores, con empate en la meta, de la categor\u00eda masculina: <strong>Carlos Pintanel y Noupa Sancho<\/strong>. Por detr\u00e1s, otros dos componentes del equipo zaragozano, segundo <strong>Oscar Giral<\/strong>, y tercero <strong>Daniel Vela<\/strong>.<\/p>\n<p>El <strong>Triatl\u00f3n SuperSprint por Relevos<\/strong> se lo adjudicaban Elsa y David, realizando Elsa el segmento de nataci\u00f3n y la carrera a pie; por delante de <strong>Francisco, Julen y Iago<\/strong> (Oberena); y de <strong>Valentina Paz y Carlos Alberto<\/strong>, pareja en la que Valentina doblaba en nataci\u00f3n y carrera a pie.<\/p>\n<p>En la <strong>categor\u00eda infantil<\/strong>, con clasificaci\u00f3n propia y dentro de <strong>la Copa Talentos Infantil de la Federaci\u00f3n Aragonesa<\/strong>, el p\u00f3dium femenino era para <strong>Alba Egido<\/strong> (JAB Triatl\u00f3n Helios); <strong>Adriana Alg\u00e1s <\/strong>(Stadium Casablanca Mapei); y <strong>Martina \u00c1lvarez<\/strong> (Estadio Miralbueno el Olivar). El masculino para <strong>Martin Mur<\/strong> (TransNatur Triatl\u00f3n Europa); Santiago Garc\u00eda (Transportes Sola Tarazona); y <strong>Alejandro Robledo<\/strong> (JAB Triatl\u00f3n Helios).<\/p>\n<p><strong>Dani Blanco<\/strong>, triatleta coru\u00f1\u00e9s afectado de autismo, era el <strong>ganador de la categor\u00eda inclusiva<\/strong>, por delante de <strong>Jean Pedraza<\/strong>, paratriatleta de Monz\u00f3n, que despu\u00e9s de muchos duatlones disfrutaba su primera experiencia en triatl\u00f3n con <strong>Gonzalo Ferrer como gu\u00eda principal<\/strong>. Por parejas Alicia Ad\u00e1n y Jorge Ad\u00e1n consegu\u00edan el triunfo por delante de los <strong>hermanos de la Cruz, V\u00edctor y Paula<\/strong>, y de <strong>Alicia Leyva y Elisa Cort\u00e9s<\/strong>.<\/p>\n<h4>\u2026Y TAMBI\u00c9N REINARON EN SPRINT<\/h4>\n<hr \/>\n<p>Tras las carreras SuperSprint lleg\u00f3 el turno de la <strong>distancia Sprint<\/strong> (750m de nataci\u00f3n, 20K de ciclismo y 5K de carrera a pie) que cont\u00f3 con la participaci\u00f3n del <strong>paratriatleta internacional Javier Vergara<\/strong>, llegado desde Ibiza para ir cogiendo la forma cara las competiciones internacionales despu\u00e9s de un a\u00f1o dif\u00edcil.<\/p>\n<figure id=\"attachment_95856\" aria-describedby=\"caption-attachment-95856\" style=\"width: 696px\" class=\"wp-caption alignnone\"><img decoding=\"async\" class=\"size-large wp-image-95856\" src=\"https:\/\/miurltemporal.com/main/triatletasenred.sport.es\/wp-content\/uploads\/Jean-Pedraza-paratriatlon-Trimparables-Zaragoza-1024x683.jpg\" alt=\"\" width=\"696\" height=\"464\" srcset=\"https:\/\/miurltemporal.com/main/triatletasenred.sport.es\/wp-content\/uploads\/Jean-Pedraza-paratriatlon-Trimparables-Zaragoza-1024x683.jpg 1024w, https:\/\/miurltemporal.com/main/triatletasenred.sport.es\/wp-content\/uploads\/Jean-Pedraza-paratriatlon-Trimparables-Zaragoza-300x200.jpg 300w, https:\/\/miurltemporal.com/main/triatletasenred.sport.es\/wp-content\/uploads\/Jean-Pedraza-paratriatlon-Trimparables-Zaragoza-768x512.jpg 768w, https:\/\/miurltemporal.com/main/triatletasenred.sport.es\/wp-content\/uploads\/Jean-Pedraza-paratriatlon-Trimparables-Zaragoza-1536x1024.jpg 1536w, https:\/\/miurltemporal.com/main/triatletasenred.sport.es\/wp-content\/uploads\/Jean-Pedraza-paratriatlon-Trimparables-Zaragoza-2048x1365.jpg 2048w, https:\/\/miurltemporal.com/main/triatletasenred.sport.es\/wp-content\/uploads\/Jean-Pedraza-paratriatlon-Trimparables-Zaragoza-696x464.jpg 696w, https:\/\/miurltemporal.com/main/triatletasenred.sport.es\/wp-content\/uploads\/Jean-Pedraza-paratriatlon-Trimparables-Zaragoza-1068x712.jpg 1068w, https:\/\/miurltemporal.com/main/triatletasenred.sport.es\/wp-content\/uploads\/Jean-Pedraza-paratriatlon-Trimparables-Zaragoza-1920x1280.jpg 1920w, https:\/\/miurltemporal.com/main/triatletasenred.sport.es\/wp-content\/uploads\/Jean-Pedraza-paratriatlon-Trimparables-Zaragoza-630x420.jpg 630w\" sizes=\"(max-width: 696px) 100vw, 696px\" \/><figcaption id=\"caption-attachment-95856\" class=\"wp-caption-text\">El paratriatleta Jean Pedraza participando en Trimparables Zaragoza<\/figcaption><\/figure>\n<p><strong>Irene Moro<\/strong> (Stadium Casablanca Mapei) se impuso en meta a <strong>Pauline Larroze Lauga<\/strong> (SDR Arenas) y a las locales hicieron doblete con el ter lugar de <strong>Lily Cannelle<\/strong> (Stadium Casablanca Mapei). <strong>In\u00e9s Donoso<\/strong> (E-Triatl\u00f3n Valladolid) y <strong>Vega Gonzalo<\/strong> (Stadium Casablanca Mapei) completaron el <strong>TOP5<\/strong>.<\/p>\n<p>Otros dos hombres del Stadium Casablanca Mapei, <strong>Alejandro Rada y Jos\u00e9 Enrique Coscolla<\/strong>, seguidos de <strong>Hugo Edo<\/strong> (Triatl\u00f3n La Val) conformaron el <strong>p\u00f3dium masculino<\/strong> tras una incidencia que dejaba fuera de la clasificaci\u00f3n a <strong>Roberto Gibson<\/strong> (Stadium), que hab\u00eda entrado con los primeros. <strong>Javier \u00c1lvarez<\/strong> (Stadium) e <strong>I\u00f1igo Sevillano<\/strong> (SDR Arenas) se repartieron la cuarta y quinta posici\u00f3n respectivamente.<\/p>\n<p>En la <strong>prueba de parejas<\/strong>, <strong>Javier Coscolla y Paula S\u00e1nchez<\/strong> (Stadium Casablanca Mapei), hac\u00edan valer su experiencia en competici\u00f3n frente a <strong>Pablo Serrano y Mar\u00eda Pilar Vilades<\/strong>, segundos; y <strong>Ana Casado y Claudia Morlans<\/strong>. Por <strong>relevos<\/strong>, victoria del equipo formado por <strong>Eduardo, Alberto y Fernan<\/strong>, superando a <strong>Jaime, Sebasti\u00e1n e Iris<\/strong>; y a <strong>Jorge, Estefan\u00eda y Alfonso<\/strong>.<\/p>\n<h4>TRES M\u00c1S PARA CERRAR LA GIRA TRIMPARABLES<\/h4>\n<hr \/>\n<p><strong>Trimparables<\/strong> continuar\u00e1 su gira por Espa\u00f1a y cerrar\u00e1 el mes de junio el pr\u00f3ximo <strong>s\u00e1bado 28 en Pontevedra<\/strong>, en el marco del <strong>Mundial Multideporte<\/strong> que se celebrar\u00e1 en Galicia a partir del pr\u00f3ximo fin de semana. <strong>Torremolinos<\/strong> y <strong>Valencia<\/strong>, en el mes de <strong>septiembre<\/strong>, e <strong>Ibiza<\/strong>, en <strong>noviembre<\/strong>, ser\u00e1n las citas finales de la iniciativa de la Federaci\u00f3n Espa\u00f1ola de Triatl\u00f3n, Diario AS y Cadena SER.<\/p>\n<p>https:\/\/youtu.be\/08jax-_UIUU?feature=shared<\/p>\n","protected":false},"excerpt":{"rendered":"<p>El evento suma un nuevo \u00e9xito en la capital aragonesa despu\u00e9s de su primera parada en Gij\u00f3n. M\u00e1s de 300 deportistas y mucho p\u00fablico se dieron cita en el emblem\u00e1tico embarcadero de Vadorrey de Zaragoza (Capital Europea del Deporte 2027) en lo que fue el escenario del segundo evento de la gira nacional de Trimparables, [&hellip;]<\/p>\n","protected":false},"author":351,"featured_media":95855,"comment_status":"closed","ping_status":"open","sticky":false,"template":"","format":"standard","meta":{"_acf_changed":false,"rank_math_lock_modified_date":false,"footnotes":""},"categories":[17,16],"tags":[11801],"class_list":{"0":"post-95854","1":"post","2":"type-post","3":"status-publish","4":"format-standard","5":"has-post-thumbnail","7":"category-actualidad","8":"category-en-red","9":"tag-trimparables"},"acf":[],"_links":{"self":[{"href":"https:\/\/miurltemporal.com/main/triatletasenred.sport.es\/wp-json\/wp\/v2\/posts\/95854"}],"collection":[{"href":"https:\/\/miurltemporal.com/main/triatletasenred.sport.es\/wp-json\/wp\/v2\/posts"}],"about":[{"href":"https:\/\/miurltemporal.com/main/triatletasenred.sport.es\/wp-json\/wp\/v2\/types\/post"}],"author":[{"embeddable":true,"href":"https:\/\/miurltemporal.com/main/triatletasenred.sport.es\/wp-json\/wp\/v2\/users\/351"}],"replies":[{"embeddable":true,"href":"https:\/\/miurltemporal.com/main/triatletasenred.sport.es\/wp-json\/wp\/v2\/comments?post=95854"}],"version-history":[{"count":1,"href":"https:\/\/miurltemporal.com/main/triatletasenred.sport.es\/wp-json\/wp\/v2\/posts\/95854\/revisions"}],"predecessor-version":[{"id":95857,"href":"https:\/\/miurltemporal.com/main/triatletasenred.sport.es\/wp-json\/wp\/v2\/posts\/95854\/revisions\/95857"}],"wp:featuredmedia":[{"embeddable":true,"href":"https:\/\/miurltemporal.com/main/triatletasenred.sport.es\/wp-json\/wp\/v2\/media\/95855"}],"wp:attachment":[{"href":"https:\/\/miurltemporal.com/main/triatletasenred.sport.es\/wp-json\/wp\/v2\/media?parent=95854"}],"wp:term":[{"taxonomy":"category","embeddable":true,"href":"https:\/\/miurltemporal.com/main/triatletasenred.sport.es\/wp-json\/wp\/v2\/categories?post=95854"},{"taxonomy":"post_tag","embeddable":true,"href":"https:\/\/miurltemporal.com/main/triatletasenred.sport.es\/wp-json\/wp\/v2\/tags?post=95854"}],"curies":[{"name":"wp","href":"https:\/\/api.w.org\/{rel}","templated":true}]}}