{"id":95707,"date":"2025-06-03T09:49:46","date_gmt":"2025-06-03T07:49:46","guid":{"rendered":"https:\/\/miurltemporal.com/main/triatletasenred.sport.es\/?p=95707"},"modified":"2025-06-03T09:49:46","modified_gmt":"2025-06-03T07:49:46","slug":"vincent-luis-se-pasa-al-football-americano-y-la-nfl","status":"publish","type":"post","link":"https:\/\/miurltemporal.com/main/triatletasenred.sport.es\/actualidad\/vincent-luis-se-pasa-al-football-americano-y-la-nfl\/","title":{"rendered":"Vincent Luis se pasa al \u00bfFootball americano y la NFL?"},"content":{"rendered":"<p>El galo sorprendi\u00f3 a todos en San Francisco con un tritraje que capt\u00f3 la atenci\u00f3n de todos y digno de las pasarelas de Par\u00eds.<\/p>\n<p><a href=\"https:\/\/www.inverseteams.com\/es\/?srsltid=AfmBOopcdN5zEVSQJD3fkV4Je_gbxU0qOyVuAnS_htxK60krBL72wKdR\" rel=\"nofollow noopener\" target=\"_blank\"><img fetchpriority=\"high\" decoding=\"async\" class=\"alignnone size-full wp-image-92965\" src=\"https:\/\/miurltemporal.com/main/triatletasenred.sport.es\/wp-content\/uploads\/banner-INVERSE-TRIATLON-TRIATLETAS-EN-RED-1.jpg\" alt=\"\" width=\"700\" height=\"150\" srcset=\"https:\/\/miurltemporal.com/main/triatletasenred.sport.es\/wp-content\/uploads\/banner-INVERSE-TRIATLON-TRIATLETAS-EN-RED-1.jpg 700w, https:\/\/miurltemporal.com/main/triatletasenred.sport.es\/wp-content\/uploads\/banner-INVERSE-TRIATLON-TRIATLETAS-EN-RED-1-300x64.jpg 300w, https:\/\/miurltemporal.com/main/triatletasenred.sport.es\/wp-content\/uploads\/banner-INVERSE-TRIATLON-TRIATLETAS-EN-RED-1-696x150.jpg 696w\" sizes=\"(max-width: 700px) 100vw, 700px\" \/><\/a><\/p>\n<p>Como ya es de sobra conocido, este fin de semana se ha celebrado la prueba de las <strong>T100 de San Francisco<\/strong> en la que <a href=\"https:\/\/miurltemporal.com/main/triatletasenred.sport.es\/actualidad\/benito-quedo-encarcelado-en-un-t100-san-francisco-donde-rico-bogen-bordo-su-fuga\/\"><strong>Rico Bogen ha ganado la prueba masculina<\/strong><\/a> y <a href=\"https:\/\/miurltemporal.com/main/triatletasenred.sport.es\/actualidad\/la-mejor-marta-sanchez-en-t100-de-siempre-top8-testigo-del-historico-triunfo-de-derron-en-t100-san-francisco\/\"><strong>Julie Derron la prueba femenina<\/strong><\/a>, pero el toque curioso de la prueba lo ha dado el franc\u00e9s <strong>Vincent Luis<\/strong>, el cual ha sorprendido a los aficionados al triatl\u00f3n <strong>compitiendo con un tritraje y un casco totalmente personalizado de los San Francisco 49ers<\/strong> el equipo de la <strong>NFL<\/strong> de la ciudad.<\/p>\n<p>El triatleta franc\u00e9s siempre ha sido bastante innovador y esta vez ha conseguido combinar la nataci\u00f3n, ciclismo y carrera a pie con el f\u00fatbol americano de la NATIONAL FOOTBALL LEAGUE norteamericana.<\/p>\n<p><strong>Luis hizo una incluso una gran presentaci\u00f3n al empezar la prueba para conseguir llevarse el apoyo de la afici\u00f3n local<\/strong> mientras compet\u00eda en las T100 de San Francisco y que mejor manera de hacerlo que vistiendo como un jugador del equipo local de f\u00fatbol americano. <strong>El traje de triatl\u00f3n era id\u00e9ntico al utilizado por el equipo de la NFL, con los mismo colores y caracter\u00edsticas,\u00a0 con los ic\u00f3nicos pantalones y casco dorados del equipo<\/strong>.<\/p>\n<figure id=\"attachment_95712\" aria-describedby=\"caption-attachment-95712\" style=\"width: 685px\" class=\"wp-caption alignnone\"><img decoding=\"async\" class=\"wp-image-95712\" src=\"https:\/\/miurltemporal.com/main/triatletasenred.sport.es\/wp-content\/uploads\/503024063_18509689804033334_8196793471157405851_n-1-819x1024.jpg\" alt=\"\" width=\"685\" height=\"856\" srcset=\"https:\/\/miurltemporal.com/main/triatletasenred.sport.es\/wp-content\/uploads\/503024063_18509689804033334_8196793471157405851_n-1-819x1024.jpg 819w, https:\/\/miurltemporal.com/main/triatletasenred.sport.es\/wp-content\/uploads\/503024063_18509689804033334_8196793471157405851_n-1-240x300.jpg 240w, https:\/\/miurltemporal.com/main/triatletasenred.sport.es\/wp-content\/uploads\/503024063_18509689804033334_8196793471157405851_n-1-768x960.jpg 768w, https:\/\/miurltemporal.com/main/triatletasenred.sport.es\/wp-content\/uploads\/503024063_18509689804033334_8196793471157405851_n-1-696x870.jpg 696w, https:\/\/miurltemporal.com/main/triatletasenred.sport.es\/wp-content\/uploads\/503024063_18509689804033334_8196793471157405851_n-1-1068x1335.jpg 1068w, https:\/\/miurltemporal.com/main/triatletasenred.sport.es\/wp-content\/uploads\/503024063_18509689804033334_8196793471157405851_n-1-336x420.jpg 336w, https:\/\/miurltemporal.com/main/triatletasenred.sport.es\/wp-content\/uploads\/503024063_18509689804033334_8196793471157405851_n-1.jpg 1080w\" sizes=\"(max-width: 685px) 100vw, 685px\" \/><figcaption id=\"caption-attachment-95712\" class=\"wp-caption-text\">As\u00ed luc\u00eda la parte frontal del mono de Vincent Luis. Imagen: IG del deportista.<\/figcaption><\/figure>\n<h4><em>&#8220;LA IDEA ES DISE\u00d1AR 7-8 TRAJES PARA LAS CARRERAS T100&#8221;<\/em><\/h4>\n<hr \/>\n<p>Tras dar a conocer el tritraje personalizado de los 49ers, los periodistas que se encontraban cubriendo el evento de San Francisco preguntaron a Luis sobre c\u00f3mo hab\u00eda surgido la idea de ese dise\u00f1o a lo que el franc\u00e9s dijo: \u201c<strong><em>La idea que tengo es dise\u00f1ar siete u ocho trajes personalizados para las carreras T100. Al venir a San Francisco, pens\u00e9 que en una ciudad tan emblem\u00e1tica como esta, en la que su famoso puente y la afici\u00f3n al f\u00fatbol americano son su se\u00f1a de identidad, podr\u00edamos hacer algo realmente genial<\/em><\/strong>&#8221; y a\u00f1adi\u00f3 sobre su primera fusi\u00f3n moda-triatl\u00f3n-patrocinador \u201c<strong><em>El equipo de la ciudad, los San Francisco 49ers han sido ideales para el dise\u00f1o porque adem\u00e1s, el equipo est\u00e1 patrocinado por Nike al igual que lo estoy yo<\/em><\/strong>&#8220;.<\/p>\n<figure id=\"attachment_95711\" aria-describedby=\"caption-attachment-95711\" style=\"width: 696px\" class=\"wp-caption alignnone\"><img decoding=\"async\" class=\"wp-image-95711\" src=\"https:\/\/miurltemporal.com/main/triatletasenred.sport.es\/wp-content\/uploads\/502954999_18509689831033334_2376767834362976334_n-1-819x1024.jpg\" alt=\"\" width=\"696\" height=\"870\" srcset=\"https:\/\/miurltemporal.com/main/triatletasenred.sport.es\/wp-content\/uploads\/502954999_18509689831033334_2376767834362976334_n-1-819x1024.jpg 819w, https:\/\/miurltemporal.com/main/triatletasenred.sport.es\/wp-content\/uploads\/502954999_18509689831033334_2376767834362976334_n-1-240x300.jpg 240w, https:\/\/miurltemporal.com/main/triatletasenred.sport.es\/wp-content\/uploads\/502954999_18509689831033334_2376767834362976334_n-1-768x960.jpg 768w, https:\/\/miurltemporal.com/main/triatletasenred.sport.es\/wp-content\/uploads\/502954999_18509689831033334_2376767834362976334_n-1-696x870.jpg 696w, https:\/\/miurltemporal.com/main/triatletasenred.sport.es\/wp-content\/uploads\/502954999_18509689831033334_2376767834362976334_n-1-1068x1335.jpg 1068w, https:\/\/miurltemporal.com/main/triatletasenred.sport.es\/wp-content\/uploads\/502954999_18509689831033334_2376767834362976334_n-1-336x420.jpg 336w, https:\/\/miurltemporal.com/main/triatletasenred.sport.es\/wp-content\/uploads\/502954999_18509689831033334_2376767834362976334_n-1.jpg 1080w\" sizes=\"(max-width: 696px) 100vw, 696px\" \/><figcaption id=\"caption-attachment-95711\" class=\"wp-caption-text\">La parte trasera del mono de Vincent Luis luciendo el &#8217;89&#8217; de Luke Farrell en la espalda. Imagen: IG del deportista.<\/figcaption><\/figure>\n<p>Despu\u00e9s del \u00e9xito que ha tenido su traje a nivel medi\u00e1tico, seguro que el franc\u00e9s ya est\u00e1 pensando en c\u00f3mo ser\u00e1 su siguiente dise\u00f1o y la verdad ya todos estaremos pendientes a ver <strong>c\u00f3mo nos sorprende en su siguiente carrera de las T100.<\/strong><\/p>\n<h4>EL GRAN SALTO DE LUIS \u00bfLOGRAR\u00c1 SER IGUAL DE BUENO FUERA DEL CALOR OL\u00cdMPICO?<\/h4>\n<hr \/>\n<p><strong>Vincent Luis<\/strong> es un triatleta muy reconocido del panorama mundial, habiendo destacado durante muchos a\u00f1os en las carreras de <strong>corta distancia<\/strong>, donde fue <strong>dos veces campe\u00f3n del mundo<\/strong> y adem\u00e1s gan\u00f3 la <strong>medalla de bronce ol\u00edmpica en relevos mixtos en Tokio 2020<\/strong>.<\/p>\n<p>En <strong>2024<\/strong> se pas\u00f3 a competir en la <strong>Media Distancia<\/strong>, donde ya ha conseguido llevarse varias victorias y este 2025 est\u00e1 siendo su <strong>primer a\u00f1o en el circuito T100<\/strong>. Adem\u00e1s para esta temporada, el franc\u00e9s tambi\u00e9n <strong>ha anunciado que se iniciar\u00e1 en la larga distancia<\/strong>, teniendo marcado como su debut estar en <strong>Challenge Roth<\/strong> a principios de julio.<\/p>\n<p><iframe title=\"Records incre\u00edbles en IRONMAN, T100 y lo mejor del triatl\u00f3n con Xandre \u00c1lvarez\" width=\"696\" height=\"392\" src=\"https:\/\/www.youtube.com\/embed\/jRTzbdoEMjQ?feature=oembed\" frameborder=\"0\" allow=\"accelerometer; autoplay; clipboard-write; encrypted-media; gyroscope; picture-in-picture; web-share\" referrerpolicy=\"strict-origin-when-cross-origin\" allowfullscreen><\/iframe><\/p>\n","protected":false},"excerpt":{"rendered":"<p>El galo sorprendi\u00f3 a todos en San Francisco con un tritraje que capt\u00f3 la atenci\u00f3n de todos y digno de las pasarelas de Par\u00eds.<\/p>\n","protected":false},"author":359,"featured_media":95708,"comment_status":"closed","ping_status":"open","sticky":false,"template":"","format":"standard","meta":{"_acf_changed":false,"rank_math_lock_modified_date":false,"footnotes":""},"categories":[17,10639],"tags":[11815,11814,11234,4754],"class_list":{"0":"post-95707","1":"post","2":"type-post","3":"status-publish","4":"format-standard","5":"has-post-thumbnail","7":"category-actualidad","8":"category-portada","9":"tag-nfl","10":"tag-san-francisco-49ers","11":"tag-t100","12":"tag-vincent-luis"},"acf":[],"_links":{"self":[{"href":"https:\/\/miurltemporal.com/main/triatletasenred.sport.es\/wp-json\/wp\/v2\/posts\/95707"}],"collection":[{"href":"https:\/\/miurltemporal.com/main/triatletasenred.sport.es\/wp-json\/wp\/v2\/posts"}],"about":[{"href":"https:\/\/miurltemporal.com/main/triatletasenred.sport.es\/wp-json\/wp\/v2\/types\/post"}],"author":[{"embeddable":true,"href":"https:\/\/miurltemporal.com/main/triatletasenred.sport.es\/wp-json\/wp\/v2\/users\/359"}],"replies":[{"embeddable":true,"href":"https:\/\/miurltemporal.com/main/triatletasenred.sport.es\/wp-json\/wp\/v2\/comments?post=95707"}],"version-history":[{"count":1,"href":"https:\/\/miurltemporal.com/main/triatletasenred.sport.es\/wp-json\/wp\/v2\/posts\/95707\/revisions"}],"predecessor-version":[{"id":95713,"href":"https:\/\/miurltemporal.com/main/triatletasenred.sport.es\/wp-json\/wp\/v2\/posts\/95707\/revisions\/95713"}],"wp:featuredmedia":[{"embeddable":true,"href":"https:\/\/miurltemporal.com/main/triatletasenred.sport.es\/wp-json\/wp\/v2\/media\/95708"}],"wp:attachment":[{"href":"https:\/\/miurltemporal.com/main/triatletasenred.sport.es\/wp-json\/wp\/v2\/media?parent=95707"}],"wp:term":[{"taxonomy":"category","embeddable":true,"href":"https:\/\/miurltemporal.com/main/triatletasenred.sport.es\/wp-json\/wp\/v2\/categories?post=95707"},{"taxonomy":"post_tag","embeddable":true,"href":"https:\/\/miurltemporal.com/main/triatletasenred.sport.es\/wp-json\/wp\/v2\/tags?post=95707"}],"curies":[{"name":"wp","href":"https:\/\/api.w.org\/{rel}","templated":true}]}}