{"id":95394,"date":"2025-05-16T21:00:29","date_gmt":"2025-05-16T19:00:29","guid":{"rendered":"https:\/\/miurltemporal.com/main/triatletasenred.sport.es\/?p=95394"},"modified":"2025-05-16T22:17:57","modified_gmt":"2025-05-16T20:17:57","slug":"mtri-alicante-vivira-su-gran-fiesta-con-un-record-de-casi-1-200-participantes","status":"publish","type":"post","link":"https:\/\/miurltemporal.com/main/triatletasenred.sport.es\/actualidad\/mtri-alicante-vivira-su-gran-fiesta-con-un-record-de-casi-1-200-participantes\/","title":{"rendered":"MTRI Alicante vivir\u00e1 su gran fiesta con un r\u00e9cord de casi 1.200 participantes"},"content":{"rendered":"<p>R\u00e9cord absoluto del circuito en su edici\u00f3n alicantina, al cerrar las inscripciones con 1.180 participantes<\/p>\n<p><strong><em> <a href=\"https:\/\/www.finisher.es\" rel=\"nofollow noopener\" target=\"_blank\"><img fetchpriority=\"high\" decoding=\"async\" class=\"alignnone size-full wp-image-89764\" src=\"https:\/\/miurltemporal.com/main/triatletasenred.sport.es\/wp-content\/uploads\/Banner_finisher_750x100.jpg\" alt=\"\" width=\"750\" height=\"100\" srcset=\"https:\/\/miurltemporal.com/main/triatletasenred.sport.es\/wp-content\/uploads\/Banner_finisher_750x100.jpg 750w, https:\/\/miurltemporal.com/main/triatletasenred.sport.es\/wp-content\/uploads\/Banner_finisher_750x100-300x40.jpg 300w, https:\/\/miurltemporal.com/main/triatletasenred.sport.es\/wp-content\/uploads\/Banner_finisher_750x100-696x93.jpg 696w, https:\/\/miurltemporal.com/main/triatletasenred.sport.es\/wp-content\/uploads\/Banner_finisher_750x100-741x100.jpg 741w\" sizes=\"(max-width: 750px) 100vw, 750px\" \/><\/a><\/em><\/strong><\/p>\n<p>La novena edici\u00f3n de <strong>MTRI Alicante<\/strong> y etapa inicial del circuito se presenta con r\u00e9cord de participaci\u00f3n en un fin de semana donde <strong>casi 1.200 deportistas<\/strong> (1180) se reunir\u00e1n en <strong>Pase\u00edto Ramiro y la Playa del Postiguet<\/strong> para participar en alguna de sus <strong>cuatro pruebas<\/strong>.<\/p>\n<p>Con las previsiones meteorol\u00f3gicas de su parte, la competici\u00f3n se dividir\u00e1 de forma equitativa a lo largo de las dos jornadas. El <strong>s\u00e1bado<\/strong> tendr\u00e1 lugar la <strong>distancia sprint<\/strong> convertida en la reina de MTRI Alicante con hasta <strong>490 inscritos<\/strong> y el <strong>duatl\u00f3n familiar con 72 parejas<\/strong> dispuestas a dar la bienvenida a esta iniciativa y sumar hasta <strong>562 participantes<\/strong> en las calles alicantinas. El <strong>domingo<\/strong> llegar\u00e1 el turno de la prueba <strong>supersprint<\/strong> con <strong>228 deportistas<\/strong> y la <strong>distancia ol\u00edmpica<\/strong> con <strong>386 <\/strong>triatletas para reunir hasta <strong>614 competidores<\/strong>.<\/p>\n<h4><strong>DUATL\u00d3N FAMILIAR, ESTRENO EN MTRI ALICANTE<\/strong><\/h4>\n<hr \/>\n<p>El estreno del <strong>duatl\u00f3n familiar<\/strong> dentro del universo del circuito MTRI ser\u00e1 uno de los grandes alicientes del fin de semana. El novedoso <strong>formato no competitivo<\/strong> que re\u00fane a <strong>parejas formadas por un adulto m\u00e1s un ni\u00f1o\/a de entre los 5 y 12 a\u00f1os<\/strong> con el fin de inculcar el <strong>esp\u00edritu del deporte y la vida saludable y activa<\/strong> entre los m\u00e1s peque\u00f1os ha tenido una gran acogida entre el p\u00fablico y se espera que, del mismo modo que sucediera en <strong>Val\u00e8ncia Duatl\u00f3n by MTRI<\/strong>, la experiencia resulte exitosa y qui\u00e9n sabe <strong>abra la puerta a futuras ediciones<\/strong> en el resto de sedes.<\/p>\n<p><strong>INTERNACIONAL Y M\u00c1S FEMENINA<\/strong><\/p>\n<p><strong>MTRI Alicante<\/strong> contar\u00e1 con una participaci\u00f3n mayoritariamente nacional, pero al mismo tiempo, <strong>m\u00e1s de una decena de nacionalidades de otros pa\u00edses<\/strong> tambi\u00e9n tendr\u00e1n representaci\u00f3n deportiva. Paralelamente, la otra gran noticia que deja la presente edici\u00f3n es <strong>la presencia femenina significando m\u00e1s de un cuarto del total puesto que un 27,1% ser\u00e1n mujeres<\/strong>, mientras que el <strong>72,9%<\/strong> de los inscritos son hombres.<\/p>\n<h4><strong>S\u00cdGUELO EN DIRECTO POR LA APP<\/strong><\/h4>\n<p>El kil\u00f3metro a kil\u00f3metro de todas las competiciones de <strong>MTRI Alicante<\/strong> podr\u00e1n seguirse a trav\u00e9s de la <strong>APP <\/strong>gratuita <strong><a href=\"%3e%3e%20https:\/www.mediterraneatriatlon.com\/home\/tricv-live-app\/\">TRICV Live<\/a><\/strong>, disponible tanto para dispositivos Android e Iphone.<\/p>\n<p>Para m\u00e1s informaci\u00f3n sobre horarios y detalles del evento se puede consultar\u00a0<strong><a href=\"https:\/\/www.mediterraneatriatlon.com\/home\/mtri-alicante-2\/\" rel=\"nofollow noopener\" target=\"_blank\">la web oficial<\/a><\/strong>.<\/p>\n","protected":false},"excerpt":{"rendered":"<p>R\u00e9cord absoluto del circuito en su edici\u00f3n alicantina, al cerrar las inscripciones con 1.180 participantes\u00a0<\/p>\n","protected":false},"author":351,"featured_media":95395,"comment_status":"closed","ping_status":"open","sticky":false,"template":"","format":"standard","meta":{"_acf_changed":false,"rank_math_lock_modified_date":false,"footnotes":""},"categories":[17,16],"tags":[11754],"class_list":{"0":"post-95394","1":"post","2":"type-post","3":"status-publish","4":"format-standard","5":"has-post-thumbnail","7":"category-actualidad","8":"category-en-red","9":"tag-mtri-alicante"},"acf":[],"_links":{"self":[{"href":"https:\/\/miurltemporal.com/main/triatletasenred.sport.es\/wp-json\/wp\/v2\/posts\/95394"}],"collection":[{"href":"https:\/\/miurltemporal.com/main/triatletasenred.sport.es\/wp-json\/wp\/v2\/posts"}],"about":[{"href":"https:\/\/miurltemporal.com/main/triatletasenred.sport.es\/wp-json\/wp\/v2\/types\/post"}],"author":[{"embeddable":true,"href":"https:\/\/miurltemporal.com/main/triatletasenred.sport.es\/wp-json\/wp\/v2\/users\/351"}],"replies":[{"embeddable":true,"href":"https:\/\/miurltemporal.com/main/triatletasenred.sport.es\/wp-json\/wp\/v2\/comments?post=95394"}],"version-history":[{"count":2,"href":"https:\/\/miurltemporal.com/main/triatletasenred.sport.es\/wp-json\/wp\/v2\/posts\/95394\/revisions"}],"predecessor-version":[{"id":95397,"href":"https:\/\/miurltemporal.com/main/triatletasenred.sport.es\/wp-json\/wp\/v2\/posts\/95394\/revisions\/95397"}],"wp:featuredmedia":[{"embeddable":true,"href":"https:\/\/miurltemporal.com/main/triatletasenred.sport.es\/wp-json\/wp\/v2\/media\/95395"}],"wp:attachment":[{"href":"https:\/\/miurltemporal.com/main/triatletasenred.sport.es\/wp-json\/wp\/v2\/media?parent=95394"}],"wp:term":[{"taxonomy":"category","embeddable":true,"href":"https:\/\/miurltemporal.com/main/triatletasenred.sport.es\/wp-json\/wp\/v2\/categories?post=95394"},{"taxonomy":"post_tag","embeddable":true,"href":"https:\/\/miurltemporal.com/main/triatletasenred.sport.es\/wp-json\/wp\/v2\/tags?post=95394"}],"curies":[{"name":"wp","href":"https:\/\/api.w.org\/{rel}","templated":true}]}}