{"id":95389,"date":"2025-05-16T19:45:17","date_gmt":"2025-05-16T17:45:17","guid":{"rendered":"https:\/\/miurltemporal.com/main/triatletasenred.sport.es\/?p=95389"},"modified":"2025-05-16T19:56:57","modified_gmt":"2025-05-16T17:56:57","slug":"alberto-bravo-atropellado-en-salamanca-mientras-entrenaba","status":"publish","type":"post","link":"https:\/\/miurltemporal.com/main/triatletasenred.sport.es\/actualidad\/alberto-bravo-atropellado-en-salamanca-mientras-entrenaba\/","title":{"rendered":"Alberto Bravo atropellado en Salamanca mientras entrenaba"},"content":{"rendered":"<p>El salmantino fue trasladado al hospital y afortunadamente su cuerpo no ha sufrido grandes consecuencias.<img fetchpriority=\"high\" decoding=\"async\" class=\"alignnone size-full wp-image-95095\" src=\"https:\/\/miurltemporal.com/main/triatletasenred.sport.es\/wp-content\/uploads\/be-levels-descuento.png\" alt=\"\" width=\"696\" height=\"147\" srcset=\"https:\/\/miurltemporal.com/main/triatletasenred.sport.es\/wp-content\/uploads\/be-levels-descuento.png 696w, https:\/\/miurltemporal.com/main/triatletasenred.sport.es\/wp-content\/uploads\/be-levels-descuento-300x63.png 300w\" sizes=\"(max-width: 696px) 100vw, 696px\" \/><\/p>\n<p>El triatleta <strong>Alberto Bravo S\u00e1nchez<\/strong> <strong>ha sido atropellado esta ma\u00f1ana mientras entrenaba en bici por carreteras salmantinas<\/strong>. Actualmente Alberto<strong> se encontraba terminando su preparaci\u00f3n para el Campeonato de Espa\u00f1a de Triatl\u00f3n Larga Distancia<\/strong> que se celebrar\u00e1 el <strong>s\u00e1bado 24 en Oropesa del Mar.<\/strong><\/p>\n<p>Todo ha ocurrido en <strong>Salamanca<\/strong>, cerca del <strong>instituto Fernando de Rojas<\/strong> a plena luz del d\u00eda, sobre las <strong>10:45 horas<\/strong>. El <strong>Servicio de Emergencias 112<\/strong> recibi\u00f3 un aviso por un accidente entre un turismo y una bici en la <strong>carretera de Aldealengua<\/strong>, solicitando asistencia para un ciclista herido que estaba consciente. <strong>Alberto Bravo fue atendido y trasladado al Hospital Cl\u00ednico Universitario de Salamanca, donde ha sido tratado de varios fuertes golpes en las articulaciones<\/strong>. Tras m\u00e1s de una hora en observaci\u00f3n, <strong>Alberto Bravo ha recibido el alta y se encuentra ya en su domicilio<\/strong> donde se recuperar\u00e1 de sus magulladuras.<\/p>\n<p><img decoding=\"async\" class=\"alignnone size-large wp-image-95391\" src=\"https:\/\/miurltemporal.com/main/triatletasenred.sport.es\/wp-content\/uploads\/Alberto-Bravo-hospital-819x1024.png\" alt=\"\" width=\"696\" height=\"870\" srcset=\"https:\/\/miurltemporal.com/main/triatletasenred.sport.es\/wp-content\/uploads\/Alberto-Bravo-hospital-819x1024.png 819w, https:\/\/miurltemporal.com/main/triatletasenred.sport.es\/wp-content\/uploads\/Alberto-Bravo-hospital-240x300.png 240w, https:\/\/miurltemporal.com/main/triatletasenred.sport.es\/wp-content\/uploads\/Alberto-Bravo-hospital-768x960.png 768w, https:\/\/miurltemporal.com/main/triatletasenred.sport.es\/wp-content\/uploads\/Alberto-Bravo-hospital-696x870.png 696w, https:\/\/miurltemporal.com/main/triatletasenred.sport.es\/wp-content\/uploads\/Alberto-Bravo-hospital-1068x1335.png 1068w, https:\/\/miurltemporal.com/main/triatletasenred.sport.es\/wp-content\/uploads\/Alberto-Bravo-hospital-336x420.png 336w, https:\/\/miurltemporal.com/main/triatletasenred.sport.es\/wp-content\/uploads\/Alberto-Bravo-hospital.png 1080w\" sizes=\"(max-width: 696px) 100vw, 696px\" \/><\/p>\n<p>Este mediod\u00eda\u00a0 <strong>el propio Alberto ha publicado la noticia en sus redes sociales<\/strong> y tras los hechos <strong>su participaci\u00f3n en la pr\u00f3ximo Campeonato de Espa\u00f1a de Triatl\u00f3n Larga Distancia es seria duda<\/strong>.<\/p>\n<h4>UN ROSTRO SOBRADAMENTE CONOCIDO DENTRO DEL TRIATL\u00d3N<\/h4>\n<hr \/>\n<p>Bravo es uno de los grandes especialistas charros del triatl\u00f3n y de los deportes de resistencia. Entre sus logros m\u00e1s destacados, el pasado a\u00f1o 2024, se proclam\u00f3 <strong>campe\u00f3n de Espa\u00f1a de 100 km<\/strong>, gan\u00f3 el <strong>Campeonato de Espa\u00f1a de SwinRun en 2022<\/strong> y acab\u00f3 en <strong>primera posici\u00f3n en el ranking nacional de triatl\u00f3n de media distancia en 2014<\/strong>.<\/p>\n<p>Adem\u00e1s, <strong>Alberto ha ganado m\u00faltiples triatlones en campeonatos de Castilla y Le\u00f3n de triatl\u00f3n en diversas modalidades<\/strong>.<\/p>\n<p>Desde <strong>Triatletas en Red<\/strong> <strong>le deseamos pronta recuperaci\u00f3n<\/strong> y que, a qui\u00e9n proceda, se tomen medidas urgentes para que esta lacra de los atropellos a ciclistas deje de castigarnos.<\/p>\n<p><iframe title=\"Se viene BATALL\u00d3N en IRONMAN Lanzarote | Challenge Salou, TriXilxes y LO DE SANDERS \ud83e\udd29\" width=\"696\" height=\"392\" src=\"https:\/\/www.youtube.com\/embed\/eKm8C5lwrsE?feature=oembed\" frameborder=\"0\" allow=\"accelerometer; autoplay; clipboard-write; encrypted-media; gyroscope; picture-in-picture; web-share\" referrerpolicy=\"strict-origin-when-cross-origin\" allowfullscreen><\/iframe><\/p>\n","protected":false},"excerpt":{"rendered":"<p>El salmantino fue trasladado al hospital y afortunadamente su cuerpo no ha sufrido grandes consecuencias.<\/p>\n","protected":false},"author":359,"featured_media":95390,"comment_status":"closed","ping_status":"open","sticky":false,"template":"","format":"standard","meta":{"_acf_changed":false,"rank_math_lock_modified_date":false,"footnotes":""},"categories":[17],"tags":[2320],"class_list":{"0":"post-95389","1":"post","2":"type-post","3":"status-publish","4":"format-standard","5":"has-post-thumbnail","7":"category-actualidad","8":"tag-alberto-bravo"},"acf":[],"_links":{"self":[{"href":"https:\/\/miurltemporal.com/main/triatletasenred.sport.es\/wp-json\/wp\/v2\/posts\/95389"}],"collection":[{"href":"https:\/\/miurltemporal.com/main/triatletasenred.sport.es\/wp-json\/wp\/v2\/posts"}],"about":[{"href":"https:\/\/miurltemporal.com/main/triatletasenred.sport.es\/wp-json\/wp\/v2\/types\/post"}],"author":[{"embeddable":true,"href":"https:\/\/miurltemporal.com/main/triatletasenred.sport.es\/wp-json\/wp\/v2\/users\/359"}],"replies":[{"embeddable":true,"href":"https:\/\/miurltemporal.com/main/triatletasenred.sport.es\/wp-json\/wp\/v2\/comments?post=95389"}],"version-history":[{"count":2,"href":"https:\/\/miurltemporal.com/main/triatletasenred.sport.es\/wp-json\/wp\/v2\/posts\/95389\/revisions"}],"predecessor-version":[{"id":95393,"href":"https:\/\/miurltemporal.com/main/triatletasenred.sport.es\/wp-json\/wp\/v2\/posts\/95389\/revisions\/95393"}],"wp:featuredmedia":[{"embeddable":true,"href":"https:\/\/miurltemporal.com/main/triatletasenred.sport.es\/wp-json\/wp\/v2\/media\/95390"}],"wp:attachment":[{"href":"https:\/\/miurltemporal.com/main/triatletasenred.sport.es\/wp-json\/wp\/v2\/media?parent=95389"}],"wp:term":[{"taxonomy":"category","embeddable":true,"href":"https:\/\/miurltemporal.com/main/triatletasenred.sport.es\/wp-json\/wp\/v2\/categories?post=95389"},{"taxonomy":"post_tag","embeddable":true,"href":"https:\/\/miurltemporal.com/main/triatletasenred.sport.es\/wp-json\/wp\/v2\/tags?post=95389"}],"curies":[{"name":"wp","href":"https:\/\/api.w.org\/{rel}","templated":true}]}}