{"id":95318,"date":"2025-05-12T12:58:29","date_gmt":"2025-05-12T10:58:29","guid":{"rendered":"https:\/\/miurltemporal.com/main/triatletasenred.sport.es\/?p=95318"},"modified":"2025-05-12T17:19:27","modified_gmt":"2025-05-12T15:19:27","slug":"curridori-y-davis-dan-la-sorpresa-en-el-dia-grande-de-lorenzo-en-challenge-salou","status":"publish","type":"post","link":"https:\/\/miurltemporal.com/main/triatletasenred.sport.es\/actualidad\/curridori-y-davis-dan-la-sorpresa-en-el-dia-grande-de-lorenzo-en-challenge-salou\/","title":{"rendered":"Curridori y Davis dan la \u2018sorpresa\u2019 en el d\u00eda grande de Lorenzo en Challenge Salou"},"content":{"rendered":"<p>La italiana y el brit\u00e1nico se imponen a los favoritos en una jornada donde Zaira Lorenzo fue la mejor de las noticias en la d\u00e9cima edici\u00f3n de la prueba.<\/p>\n<p><a href=\"https:\/\/www.inverseteams.com\/es\/?srsltid=AfmBOopcdN5zEVSQJD3fkV4Je_gbxU0qOyVuAnS_htxK60krBL72wKdR\" rel=\"nofollow noopener\" target=\"_blank\"><img fetchpriority=\"high\" decoding=\"async\" class=\"alignnone size-full wp-image-92965\" src=\"https:\/\/miurltemporal.com/main/triatletasenred.sport.es\/wp-content\/uploads\/banner-INVERSE-TRIATLON-TRIATLETAS-EN-RED-1.jpg\" alt=\"\" width=\"700\" height=\"150\" srcset=\"https:\/\/miurltemporal.com/main/triatletasenred.sport.es\/wp-content\/uploads\/banner-INVERSE-TRIATLON-TRIATLETAS-EN-RED-1.jpg 700w, https:\/\/miurltemporal.com/main/triatletasenred.sport.es\/wp-content\/uploads\/banner-INVERSE-TRIATLON-TRIATLETAS-EN-RED-1-300x64.jpg 300w, https:\/\/miurltemporal.com/main/triatletasenred.sport.es\/wp-content\/uploads\/banner-INVERSE-TRIATLON-TRIATLETAS-EN-RED-1-696x150.jpg 696w\" sizes=\"(max-width: 700px) 100vw, 700px\" \/><\/a><\/p>\n<p>Jornada grande en Salou que se visti\u00f3 con sus mejores gales para la celebraci\u00f3n del d\u00e9cimo aniversario de <strong>Challenge Salou<\/strong> en una fiesta a la que no falt\u00f3 la campeona del mundo Anne Haug, pero en la que, sin embargo, los reyes fueron otros.<\/p>\n<h4>CURRIDORI SUMA Y SIGUE EN EL ESTRENO DE LORENZO<\/h4>\n<hr \/>\n<p><strong>Anne Haug<\/strong> era el nombre sobre el que se constru\u00edan todos los vaticinios femeninos en la previa, pero en esa misma previa la alemana sufr\u00eda un peque\u00f1o accidente que iba a dejar su tobillo tocado. Pese a ello, como la estrella que es la triatleta tomaba la salida y ni su incidente le imped\u00eda continuar siendo la gran amenaza en una \u00e9lite que goz\u00f3 de un tremendo nivel mundial.<\/p>\n<p>La brit\u00e1nica <strong>Rosie Weston<\/strong> se destap\u00f3 en la nataci\u00f3n y la lider\u00f3 en solitario logrando un margen de medio minuto sobre la francesa <strong>Morgan Branchoux<\/strong> y de cuarenta sobre un grupo en el que <strong>Judith Corach\u00e1n y la propia Haug<\/strong> eran las deportistas m\u00e1s destacadas.<\/p>\n<p>Una primera composici\u00f3n de la carrera que cambi\u00f3 radicalmente en el segmento ciclista. Dispuesta a darlo todo, <strong>Haug regalaba una exhibici\u00f3n sobre la bicicleta que le llevaba a un s\u00f3lido liderato que solo el dolor le priv\u00f3 de mantener hasta la l\u00ednea final<\/strong> y le oblig\u00f3 a retirarse en la T2: \u201c<strong><em>Me fue imposible correr. Estoy devastada por no poder hacer justicia a Challenge Salou<\/em><\/strong>\u201d declar\u00f3 apenada la teutona.<\/p>\n<p>Con ella fuera de la ecuaci\u00f3n, lleg\u00f3 el protagonismo para <strong>Elisabetta Curridori, Marlene De Boer y Zaira Lorenzo<\/strong>. La italiana tomaba la cabeza al bajarse con algo <strong>m\u00e1s de un minuto de ventaja sobre la neerlandesa y m\u00e1s de siete sobre Lorenzo<\/strong> cuya remontada sobre las dos ruedas le hab\u00eda permitido posicionarse en tercera posici\u00f3n. Un TOP3 que permanecer\u00eda invariable en la carrera a pie.<\/p>\n<p>De este modo<strong>, Elisabetta Curridori<\/strong> inscribi\u00f3 su nombre como vencedora de la d\u00e9cima edici\u00f3n de Challenge Salou con un tiempo de 3:59:35. La italiana consegu\u00eda su segundo triunfo del a\u00f1o tras el conseguido en Infinitri 113 Pe\u00f1\u00edscola, pero la de suelo catal\u00e1n ten\u00eda algo especial seg\u00fan reflej\u00f3 al concluir la prueba: \u201c<strong><em>Creo que esta es la mejor victoria de mi carrera. Todo ha salido perfecto y me he sentido muy bien. Hoy he tenido una buena preparaci\u00f3n\u2026 y un poco de suerte. \u00a1Estoy feliz!<\/em><\/strong>\u201d, afirm\u00f3 una emocionada Curridori.<\/p>\n<p><strong>Marlene de Boer<\/strong> cop\u00f3 el segundo lugar (4:05:02), pero la que ten\u00eda mucho <strong>que celebrar era Zaira Lorenzo<\/strong> (4:11:25) que con su <strong>tercera posici\u00f3n<\/strong> consegu\u00eda su <strong>primer podio como profesional<\/strong>: \u201c<strong><em>Sin palabras. El d\u00eda empez\u00f3 con muchas dudas sobre la carrera y termin\u00f3 con uno de mis sue\u00f1os cumplidos: estar en un podio profesional<\/em><\/strong>\u201d escrib\u00eda la canaria en sus redes. Sexta fue Judith Corach\u00e1n.<\/p>\n<figure id=\"attachment_95320\" aria-describedby=\"caption-attachment-95320\" style=\"width: 640px\" class=\"wp-caption alignnone\"><img decoding=\"async\" class=\"size-large wp-image-95320\" src=\"https:\/\/miurltemporal.com/main/triatletasenred.sport.es\/wp-content\/uploads\/Zaira-Lorenzo-feliz-tras-su-primer-podio-profesional.-Fotografia-Zairalp1.jpg\" alt=\"\" width=\"640\" height=\"640\" srcset=\"https:\/\/miurltemporal.com/main/triatletasenred.sport.es\/wp-content\/uploads\/Zaira-Lorenzo-feliz-tras-su-primer-podio-profesional.-Fotografia-Zairalp1.jpg 640w, https:\/\/miurltemporal.com/main/triatletasenred.sport.es\/wp-content\/uploads\/Zaira-Lorenzo-feliz-tras-su-primer-podio-profesional.-Fotografia-Zairalp1-300x300.jpg 300w, https:\/\/miurltemporal.com/main/triatletasenred.sport.es\/wp-content\/uploads\/Zaira-Lorenzo-feliz-tras-su-primer-podio-profesional.-Fotografia-Zairalp1-150x150.jpg 150w, https:\/\/miurltemporal.com/main/triatletasenred.sport.es\/wp-content\/uploads\/Zaira-Lorenzo-feliz-tras-su-primer-podio-profesional.-Fotografia-Zairalp1-420x420.jpg 420w\" sizes=\"(max-width: 640px) 100vw, 640px\" \/><figcaption id=\"caption-attachment-95320\" class=\"wp-caption-text\">Zaira Lorenzo feliz tras su primer podio profesional. Fotograf\u00eda @Zairalp1.<\/figcaption><\/figure>\n<h4>DAVIS HACE REALIDAD SU SUE\u00d1O<\/h4>\n<hr \/>\n<p>En <strong>categor\u00eda masculina<\/strong> todos los ojos apuntaban a Jonathan Wayaffe, pero el belga tampoco iba a cumplir los pron\u00f3sticos en una carrera en la que en este caso <strong>las penalizaciones iban a ser tan determinantes como como cualquiera de los tres segmentos<\/strong> deportivos.<\/p>\n<p>La nataci\u00f3n fue la primera en seleccionar la prueba en un segmento en el que trece hombres liderados por el galo <strong>Malachi Cashmore<\/strong> y que inclu\u00eda a todos los favoritos iban a salir del agua con posibilidades reales de llevarse la victoria.<\/p>\n<p>Un horizonte demasiado abultado para el gusto de los m\u00e1s fuertes que en cuanto subieron a la bicicleta impusieron un ritmo agresivo que redujo la contienda a un mero tr\u00edo donde <strong>Thomas Davis<\/strong> marcaba la pauta y tanto <strong>Wayaffe<\/strong> como <strong>Quentin Barreau<\/strong> se dedicaron a seguir su rueda en una situaci\u00f3n beneficiosa que dej\u00f3 al d\u00fao formado <strong>Hugo Figuereido<\/strong> y <strong>Louis Buttrick<\/strong> a casi cinco minutos y al <strong>grupo de Alejandro Rodr\u00edguez<\/strong> a aproximadamente cinco minutos y medio de cabeza. Armon\u00eda delantera \u00fanicamente rota por los jueces quienes sancionaron con <strong>hasta dos penalties por drafting a<\/strong> <strong>Wayaffe<\/strong> <strong>y con uno a<\/strong> <strong>Barreau<\/strong> para dejar detenido al primero durante cuatro minutos y dos al segundo antes de comenzar el medio marat\u00f3n.<\/p>\n<p>Con ese margen en el bolsillo, <strong>Thomas Davis (3:34:28) se limit\u00f3 a gestionar la renta hasta meta<\/strong> y conquistar una prueba que supone el segundo triunfo profesional en la carrera del brit\u00e1nico. Adem\u00e1s, este hac\u00eda bueno el dicho de \u2018a la tercera va la vencida\u2019 y as\u00ed lo reflejaron sus palabras: \u201c<strong><em>Despu\u00e9s de dos terceros puestos aqu\u00ed, conseguir la victoria hoy es un sue\u00f1o hecho realidad. Sab\u00eda que ten\u00eda que escaparme en la bici y el plan ha funcionado. Ganar el d\u00e9cimo aniversario lo hace a\u00fan m\u00e1s especial<\/em><\/strong>\u201d, declar\u00f3 Davis.<\/p>\n<p>M\u00e1s pimienta tuvo la lucha por el podio. <strong>Quentin Barreau (3:35:34) se afan\u00f3 bald\u00edamente en reducir distancias con el ganador<\/strong>, pero pese a su esfuerzo se tuvo que conformar con la segunda posici\u00f3n. En cambio, a sus espaldas la lucha estaba servida. Tras haber ca\u00eddo hasta la cuarta plaza, <strong>Jonathan Wayaffe<\/strong> (3:36:34) ten\u00eda ganas de demostrar que solo las sanciones le hab\u00edan apartado de la victoria y con su mira puesta en Figuereido fue recortando la renta entre ambos hasta que finalmente <strong>el belga pudo superar al luso y marcharse para alzarse con el tercer puesto<\/strong>. Trat\u00f3 de ir m\u00e1s all\u00e1, pero le faltaron kil\u00f3metros. Por su parte, <strong>Alejandro Rodr\u00edguez (3:42:19) fue el mejor espa\u00f1ol al terminar en octava posici\u00f3n<\/strong>.<\/p>\n<p><iframe title=\"CHALLENGE SALOU 2025. \u00a1Asi hemos vivido su D\u00c9CIMO aniversario!\" width=\"696\" height=\"392\" src=\"https:\/\/www.youtube.com\/embed\/ZWUtlijSOf0?feature=oembed\" frameborder=\"0\" allow=\"accelerometer; autoplay; clipboard-write; encrypted-media; gyroscope; picture-in-picture; web-share\" referrerpolicy=\"strict-origin-when-cross-origin\" allowfullscreen><\/iframe><\/p>\n","protected":false},"excerpt":{"rendered":"<p>La italiana y el brit\u00e1nico se imponen a los favoritos en una jornada donde Zaira Lorenzo fue la mejor de las noticias en la d\u00e9cima edici\u00f3n de la prueba.<\/p>\n","protected":false},"author":351,"featured_media":95319,"comment_status":"closed","ping_status":"open","sticky":false,"template":"","format":"standard","meta":{"_acf_changed":false,"rank_math_lock_modified_date":false,"footnotes":""},"categories":[17,19,10639,1191],"tags":[7192,3091,11774,11773,11772],"class_list":{"0":"post-95318","1":"post","2":"type-post","3":"status-publish","4":"format-standard","5":"has-post-thumbnail","7":"category-actualidad","8":"category-competiciones","9":"category-portada","10":"category-triatlon","11":"tag-anne-haug","12":"tag-challenge-salou","13":"tag-elisabetta-curridori","14":"tag-thomas-davis","15":"tag-zaira-lorenzo"},"acf":[],"_links":{"self":[{"href":"https:\/\/miurltemporal.com/main/triatletasenred.sport.es\/wp-json\/wp\/v2\/posts\/95318"}],"collection":[{"href":"https:\/\/miurltemporal.com/main/triatletasenred.sport.es\/wp-json\/wp\/v2\/posts"}],"about":[{"href":"https:\/\/miurltemporal.com/main/triatletasenred.sport.es\/wp-json\/wp\/v2\/types\/post"}],"author":[{"embeddable":true,"href":"https:\/\/miurltemporal.com/main/triatletasenred.sport.es\/wp-json\/wp\/v2\/users\/351"}],"replies":[{"embeddable":true,"href":"https:\/\/miurltemporal.com/main/triatletasenred.sport.es\/wp-json\/wp\/v2\/comments?post=95318"}],"version-history":[{"count":4,"href":"https:\/\/miurltemporal.com/main/triatletasenred.sport.es\/wp-json\/wp\/v2\/posts\/95318\/revisions"}],"predecessor-version":[{"id":95325,"href":"https:\/\/miurltemporal.com/main/triatletasenred.sport.es\/wp-json\/wp\/v2\/posts\/95318\/revisions\/95325"}],"wp:featuredmedia":[{"embeddable":true,"href":"https:\/\/miurltemporal.com/main/triatletasenred.sport.es\/wp-json\/wp\/v2\/media\/95319"}],"wp:attachment":[{"href":"https:\/\/miurltemporal.com/main/triatletasenred.sport.es\/wp-json\/wp\/v2\/media?parent=95318"}],"wp:term":[{"taxonomy":"category","embeddable":true,"href":"https:\/\/miurltemporal.com/main/triatletasenred.sport.es\/wp-json\/wp\/v2\/categories?post=95318"},{"taxonomy":"post_tag","embeddable":true,"href":"https:\/\/miurltemporal.com/main/triatletasenred.sport.es\/wp-json\/wp\/v2\/tags?post=95318"}],"curies":[{"name":"wp","href":"https:\/\/api.w.org\/{rel}","templated":true}]}}