{"id":95214,"date":"2025-05-02T19:56:47","date_gmt":"2025-05-02T17:56:47","guid":{"rendered":"https:\/\/miurltemporal.com/main/triatletasenred.sport.es\/?p=95214"},"modified":"2025-05-02T19:56:47","modified_gmt":"2025-05-02T17:56:47","slug":"los-pros-reaccionan-al-regreso-del-mundial-a-kona-de-la-alegria-a-la-preocupacion","status":"publish","type":"post","link":"https:\/\/miurltemporal.com/main/triatletasenred.sport.es\/actualidad\/los-pros-reaccionan-al-regreso-del-mundial-a-kona-de-la-alegria-a-la-preocupacion\/","title":{"rendered":"Los PRO\u2019S reaccionan al regreso del mundial a Kona: de la alegr\u00eda a la preocupaci\u00f3n"},"content":{"rendered":"<p>Alud de respuestas al anuncio de Ironman en las que se entremezcla la satisfacci\u00f3n por la recuperaci\u00f3n de la tradici\u00f3n a la defensa del papel femenino. <img fetchpriority=\"high\" decoding=\"async\" class=\"alignnone size-full wp-image-93797\" src=\"https:\/\/miurltemporal.com/main/triatletasenred.sport.es\/wp-content\/uploads\/Ironman-lanzarote-banner-700-x-150.png\" alt=\"\" width=\"700\" height=\"150\" srcset=\"https:\/\/miurltemporal.com/main/triatletasenred.sport.es\/wp-content\/uploads\/Ironman-lanzarote-banner-700-x-150.png 700w, https:\/\/miurltemporal.com/main/triatletasenred.sport.es\/wp-content\/uploads\/Ironman-lanzarote-banner-700-x-150-300x64.png 300w, https:\/\/miurltemporal.com/main/triatletasenred.sport.es\/wp-content\/uploads\/Ironman-lanzarote-banner-700-x-150-696x150.png 696w\" sizes=\"(max-width: 700px) 100vw, 700px\" \/><\/p>\n<p>Hace menos de 48h se conoc\u00eda el regreso de Kona como sede \u00fanica del Mundial Ironman as\u00ed como la reunificaci\u00f3n de mujeres y hombres en un \u00fanico d\u00eda de competici\u00f3n. Un regreso a los or\u00edgenes que ha despertado una oleada de reacciones entre los y las triatletas profesionales que pese al entusiasmo general no ha sido un\u00e1nime.<\/p>\n<p>Unos sentimientos cuyo crisol abarca desde el positivo fervor por el retorno a esas ra\u00edces hasta \u00a0el lamento por no dar la oportunidad de coronar a los campeones mundiales en terrenos diversos, pero sobre todo la voz alzada de algunas triatletas sobre el impacto negativo que puede tener en los derechos de la participaci\u00f3n femenina.<\/p>\n<h4>SATISFACCI\u00d3N GENERAL DE LANGE, LAIDLOW O CHARLES-BARCLAY<\/h4>\n<hr \/>\n<p>Uno de los primeros en expresarse ha sido el vigente campe\u00f3n del mundo, el alem\u00e1n <strong>Patrick Lange<\/strong>.<\/p>\n<p>&#8220;<strong><em>Estoy absolutamente emocionado de ver que el Campeonato del Mundo de Ironman regresa a Kona como un evento de un d\u00eda<\/em><\/strong>&#8220;, ha afirmado en sus redes el tres veces campe\u00f3n en Haw\u00e1i quien en los \u00faltimos tiempos hab\u00eda sido una de las figuras m\u00e1s vocales al respecto. Algo que tambi\u00e9n ha hecho en el medio<em> Triathlete<\/em> al conocerse la noticia <strong><em>\u201c(Kona)<\/em><\/strong> <strong><em>Es el hogar espiritual de nuestro deporte, y correr codo con codo de nuevo en ese ic\u00f3nico circuito trae de vuelta la magia que hace que Kona sea tan especial. Este es el movimiento correcto para el futuro de Ironman<\/em><\/strong>&#8220;.<\/p>\n<figure id=\"attachment_92763\" aria-describedby=\"caption-attachment-92763\" style=\"width: 612px\" class=\"wp-caption alignnone\"><img decoding=\"async\" class=\"size-full wp-image-92763\" src=\"https:\/\/miurltemporal.com/main/triatletasenred.sport.es\/wp-content\/uploads\/Patrick-Lange-Kona-2024.jpg\" alt=\"\" width=\"612\" height=\"408\" srcset=\"https:\/\/miurltemporal.com/main/triatletasenred.sport.es\/wp-content\/uploads\/Patrick-Lange-Kona-2024.jpg 612w, https:\/\/miurltemporal.com/main/triatletasenred.sport.es\/wp-content\/uploads\/Patrick-Lange-Kona-2024-300x200.jpg 300w\" sizes=\"(max-width: 612px) 100vw, 612px\" \/><figcaption id=\"caption-attachment-92763\" class=\"wp-caption-text\">Fotograf\u00eda: Ezra Shaw para Getty Images e IRONMAN)<\/figcaption><\/figure>\n<p><strong>Sam Laidlow<\/strong> tambi\u00e9n ha mostrado su satisfacci\u00f3n \u201c<strong><em>Nuestro deporte es muy afortunado detener la historia y el patrimonio de Kona. Hoy marca un gran d\u00eda para el futuro del triatl\u00f3n<\/em><\/strong>\u201d. El por ahora \u00fanico vencedor masculino en Niza ha expresado su gratitud por aquello que Haw\u00e1i le ha \u2018regalado\u2019 cada vez que ha pisado la isla como triatleta. \u201c<strong><em>Kona me dio la carrera de mi vida en 2022. Y la lecci\u00f3n de mi vida en 2024.Estoy impaciente por saber qu\u00e9 ser\u00e1 lo pr\u00f3ximo, ya que volveremos a correr un d\u00eda al a\u00f1o en la Gran Isla<\/em><\/strong>\u201d.<\/p>\n<figure id=\"attachment_84852\" aria-describedby=\"caption-attachment-84852\" style=\"width: 828px\" class=\"wp-caption alignnone\"><img decoding=\"async\" class=\"size-full wp-image-84852\" src=\"https:\/\/miurltemporal.com/main/triatletasenred.sport.es\/wp-content\/uploads\/laidlow.jpeg\" alt=\"\" width=\"828\" height=\"552\" srcset=\"https:\/\/miurltemporal.com/main/triatletasenred.sport.es\/wp-content\/uploads\/laidlow.jpeg 828w, https:\/\/miurltemporal.com/main/triatletasenred.sport.es\/wp-content\/uploads\/laidlow-700x467.jpeg 700w, https:\/\/miurltemporal.com/main/triatletasenred.sport.es\/wp-content\/uploads\/laidlow-300x200.jpeg 300w, https:\/\/miurltemporal.com/main/triatletasenred.sport.es\/wp-content\/uploads\/laidlow-768x512.jpeg 768w, https:\/\/miurltemporal.com/main/triatletasenred.sport.es\/wp-content\/uploads\/laidlow-696x464.jpeg 696w, https:\/\/miurltemporal.com/main/triatletasenred.sport.es\/wp-content\/uploads\/laidlow-630x420.jpeg 630w\" sizes=\"(max-width: 828px) 100vw, 828px\" \/><figcaption id=\"caption-attachment-84852\" class=\"wp-caption-text\">(B. Zborowski\/Active Images pour Ironman)<\/figcaption><\/figure>\n<p>Otra de las m\u00e1s euf\u00f3ricas con el anuncio ha sido <strong>Lucy Charles-Barclay<\/strong> quien conquistara su \u00fanico t\u00edtulo en 2023, la \u00faltima mujer en hacerlo en Kona. \u201c<strong><em>Estoy m\u00e1s que emocionada de que el Campeonato del Mundo Ironman vuelva a ser una carrera de un d\u00eda en Kona a partir de 2026, reuniendo de nuevo a hombres y mujeres en el escenario m\u00e1s emblem\u00e1tico del triatl\u00f3n. Kona siempre ha estado en el coraz\u00f3n de mi viaje<\/em><\/strong>\u201d ha escrito la brit\u00e1nica en sus redes.<\/p>\n<p>Esta tambi\u00e9n ha reflejado contundentemente su parecer a trav\u00e9s de las sensaciones de aquella jornada donde por segunda ocasi\u00f3n la \u00e9lite masculina y la femenina compitieron en el mismo lugar, pero en distintas jornadas. \u201c<strong><em>Ganar el t\u00edtulo mundial en 2023, en un d\u00eda que celebraba a las mujeres, lo signific\u00f3 todo. Pero incluso entonces, ech\u00e9 de menos la sensaci\u00f3n de formar parte de algo m\u00e1s grande, de correr junto a los hombres, de compartir juntos los altibajos<\/em><\/strong>\u201d y a\u00f1ade \u201c<strong><em>Hay algo especialmente poderoso en Kona cuando todos estamos all\u00ed el mismo d\u00eda. Es m\u00e1s que una carrera, es donde se escriben las historias. Estoy deseando que vuelva esa magia<\/em><\/strong>\u201d.<\/p>\n<p><img loading=\"lazy\" decoding=\"async\" class=\"alignnone size-full wp-image-92419\" src=\"https:\/\/miurltemporal.com/main/triatletasenred.sport.es\/wp-content\/uploads\/Lucy-Charles-Barclay-2.png\" alt=\"\" width=\"960\" height=\"539\" srcset=\"https:\/\/miurltemporal.com/main/triatletasenred.sport.es\/wp-content\/uploads\/Lucy-Charles-Barclay-2.png 960w, https:\/\/miurltemporal.com/main/triatletasenred.sport.es\/wp-content\/uploads\/Lucy-Charles-Barclay-2-300x168.png 300w, https:\/\/miurltemporal.com/main/triatletasenred.sport.es\/wp-content\/uploads\/Lucy-Charles-Barclay-2-768x431.png 768w, https:\/\/miurltemporal.com/main/triatletasenred.sport.es\/wp-content\/uploads\/Lucy-Charles-Barclay-2-696x391.png 696w, https:\/\/miurltemporal.com/main/triatletasenred.sport.es\/wp-content\/uploads\/Lucy-Charles-Barclay-2-748x420.png 748w\" sizes=\"(max-width: 960px) 100vw, 960px\" \/><\/p>\n<h4>LA MESURA DIPLOM\u00c1TICA A PERO VOCAL DE PHILIPP<\/h4>\n<hr \/>\n<p>Una reacci\u00f3n mucho m\u00e1s comedida ha tenido <strong>Laura Philipp<\/strong>, actual campeona femenina y quien tras esta decisi\u00f3n pasara a ser la \u00fanica mujer en subirse a lo m\u00e1s alto en Niza. Un hecho que le apena \u201c<strong><em>Es triste. Hubiese sido emocionante haber competido de nuevo ah\u00ed y ver a otra mujer correr todav\u00eda m\u00e1s r\u00e1pido de lo que yo lo hice. Me gustaba la idea de ir rotando las localizaciones del Mundial y prepararme para nuevos trazados<\/em><\/strong>\u201d.<\/p>\n<p>Un pensamiento que no quita su alegr\u00eda por reunirse de nuevo con la \u00e9lite masculina. &#8220;<strong><em>Es emocionante que tanto hombres como mujeres regresen a Kona y especialmente emocionante que el mundial 70.3 tenga lugar en Niza<\/em><\/strong>&#8220;, ha dicho en sus redes. &#8220;<strong><em>Este lugar tiene un lugar especial en mi coraz\u00f3n, y estoy seguro de que va a ser espectacular<\/em><\/strong>\u201d.<\/p>\n<p>No obstante, la alemana ha recordado su postura respecto a la separaci\u00f3n de d\u00edas de carrera\u00a0 &#8220;<strong><em>Fui una gran defensora de dar a las mujeres su propio d\u00eda, pero tambi\u00e9n respeto la opini\u00f3n de la comunidad, y creo que es genial que Ironman haya escuchado lo que la mayor\u00eda de la gente quiere<\/em><\/strong>\u201d. Una independencia perdida, pero en la que mantiene la fe sobre el protagonismo femenino \u201c<strong><em>Tengo mucha confianza en que seguir\u00e1n haciendo todo lo posible para garantizar unas carreras justas para las mujeres profesionales<\/em><\/strong>&#8220;.<\/p>\n<h4>LA CARA Y CRUZ DE DANIELLE LEWIS SOBRE COMPARTIR CARRERA Y EL PROTAGONISMO CON LOS HOMBRES EN KONA<\/h4>\n<hr \/>\n<p>En otra l\u00ednea se ha manifestado Danielle Lewis &#8220;<strong><em>Personalmente, realmente no me importa d\u00f3nde se celebren los Campeonatos Mundiales, pero creo que lo importante es que los hombres y las mujeres est\u00e9n en el mismo lugar<\/em><\/strong>\u201c. Una medida importante en su caso, con su pareja como triatleta amateur.<\/p>\n<p>Adem\u00e1s, la estadounidense verbaliz\u00f3 el porqu\u00e9 de su postura pro separaci\u00f3n de 24h entre la carrera masculina y la femenina \u201c<strong><em>En mi mundo ideal, prefiero un formato de dos d\u00edas porque me gusta apoyar a los hombres y ver la carrera como fan\u00e1tica del triatl\u00f3n, y creo que el formato de dos d\u00edas brinda un poco m\u00e1s de oportunidad de cobertura tanto para los hombres como para las mujeres. Sin embargo, Ironman ha dicho que tienen algunas cosas m\u00e1s innovadoras que vendr\u00e1n para proporcionar una cobertura igualitaria, as\u00ed que espero que eso sea cierto<\/em><\/strong>&#8220;.<\/p>\n<p><img loading=\"lazy\" decoding=\"async\" class=\"alignnone size-large wp-image-95215\" src=\"https:\/\/miurltemporal.com/main/triatletasenred.sport.es\/wp-content\/uploads\/Danielle-Lewis-1024x683.jpg\" alt=\"\" width=\"696\" height=\"464\" srcset=\"https:\/\/miurltemporal.com/main/triatletasenred.sport.es\/wp-content\/uploads\/Danielle-Lewis-1024x683.jpg 1024w, https:\/\/miurltemporal.com/main/triatletasenred.sport.es\/wp-content\/uploads\/Danielle-Lewis-300x200.jpg 300w, https:\/\/miurltemporal.com/main/triatletasenred.sport.es\/wp-content\/uploads\/Danielle-Lewis-768x512.jpg 768w, https:\/\/miurltemporal.com/main/triatletasenred.sport.es\/wp-content\/uploads\/Danielle-Lewis-696x464.jpg 696w, https:\/\/miurltemporal.com/main/triatletasenred.sport.es\/wp-content\/uploads\/Danielle-Lewis-1068x712.jpg 1068w, https:\/\/miurltemporal.com/main/triatletasenred.sport.es\/wp-content\/uploads\/Danielle-Lewis-630x420.jpg 630w, https:\/\/miurltemporal.com/main/triatletasenred.sport.es\/wp-content\/uploads\/Danielle-Lewis.jpg 1080w\" sizes=\"(max-width: 696px) 100vw, 696px\" \/><\/p>\n<h5>S\u00cd A LOS SLOTS NO IGUALITARIOS<\/h5>\n<p>Si bien Lewis cuestiona esa reunificaci\u00f3n s\u00ed muestra partidaria de la distribuci\u00f3n &#8220;proporcional&#8221; y no igualitaria para hombres y mujeres: &#8220;<strong><em>En cuanto a los n\u00fameros, estoy seguro de que hay preocupaciones con el hecho de que vuelva a ser un evento de un solo d\u00eda. Las mujeres pueden sentir que estamos retrocediendo en el deporte, pero personalmente, y esta es probablemente una opini\u00f3n impopular, creo que los espacios que se asignan proporcionalmente [al n\u00famero de inscripciones] es algo bueno<\/em><\/strong>&#8220;.<\/p>\n<h4>TAMARA JEWETT Y SARA GROSS CONTUNDENTES: \u201c<em>SUPONE UN REGRESO A LOS 90\u2019S<\/em>\u201d<\/h4>\n<hr \/>\n<p>Mucho m\u00e1s duras con estos cambios han sido <strong>Tamara Jewett<\/strong> y <strong>Sara Gross<\/strong>, la ex triatleta profesional que lanz\u00f3 la campa\u00f1a \u201c<strong>50 Women to Kona<\/strong>\u201d en pos de la i<strong>gualdad de asignaci\u00f3n de plazas en Haw\u00e1i<\/strong>.<\/p>\n<p>La mujer que el pasado fin de semana certific\u00f3 su billete a Kona con su sexto puesto en Ironman Texas ha expresado su desgrado con la decisi\u00f3n de Ironman pese a entender los compromisos que la envuelven. \u201c<strong><em>Personalmente no me gustan que el campeonato masculino y femenino tenga lugar el mismo d\u00eda. Tampoco que Niza acoja tanto mundiales 70.3. Amo que ese Mundial sea una carrera diferente cada a\u00f1o<\/em><\/strong>\u201d.<\/p>\n<p>Adem\u00e1s, ha sido de las pocas en mostrar su preocupaci\u00f3n por la distribuci\u00f3n de slots amateurs y su apoyo a las AG femeninas. <strong><em>\u201c\u00bfPor qu\u00e9 la 2\u00aa y 3\u00aa mujer en un evento tienen menos oportunidades para clasificarse para los mundiales que el 2\u00ba y 3\u00ba hombre si todos ellos son del mismo calibre como triatletas?<\/em><\/strong>\u201d.<\/p>\n<p>\u201c<strong><em>Si el problema es cubrir plazas para Kona, \u00bfqu\u00e9 tal un sistema en el que las plazas extra se asignen a hombres y mujeres atletas AG hombres y mujeres, y que las plazas extra s\u00f3lo se asignen a los hombres si las mujeres no ocupan todas las plazas (e hipot\u00e9ticamente a la inversa)?<\/em><\/strong>\u201d y contin\u00faa antes de concluir su defensa del espacio femenino \u201c<strong><em>Soy esc\u00e9ptica, bas\u00e1ndome en mi propia experiencia de que m\u00e1s gente en un evento signifique que el evento sea significativamente m\u00e1s competitivo &#8211; podr\u00eda ser o no dependiendo de la starlist = no parece buen indicador<\/em><\/strong>\u201d.<\/p>\n<p><img loading=\"lazy\" decoding=\"async\" class=\"alignnone size-large wp-image-95216\" src=\"https:\/\/miurltemporal.com/main/triatletasenred.sport.es\/wp-content\/uploads\/Tamara-Jewett-1024x682.jpeg\" alt=\"\" width=\"696\" height=\"464\" srcset=\"https:\/\/miurltemporal.com/main/triatletasenred.sport.es\/wp-content\/uploads\/Tamara-Jewett-1024x682.jpeg 1024w, https:\/\/miurltemporal.com/main/triatletasenred.sport.es\/wp-content\/uploads\/Tamara-Jewett-300x200.jpeg 300w, https:\/\/miurltemporal.com/main/triatletasenred.sport.es\/wp-content\/uploads\/Tamara-Jewett-768x512.jpeg 768w, https:\/\/miurltemporal.com/main/triatletasenred.sport.es\/wp-content\/uploads\/Tamara-Jewett-696x464.jpeg 696w, https:\/\/miurltemporal.com/main/triatletasenred.sport.es\/wp-content\/uploads\/Tamara-Jewett-1068x712.jpeg 1068w, https:\/\/miurltemporal.com/main/triatletasenred.sport.es\/wp-content\/uploads\/Tamara-Jewett-630x420.jpeg 630w, https:\/\/miurltemporal.com/main/triatletasenred.sport.es\/wp-content\/uploads\/Tamara-Jewett.jpeg 1280w\" sizes=\"(max-width: 696px) 100vw, 696px\" \/><\/p>\n<h5>&#8220;<em>ES UNA REVERSI\u00d3N DEL PROCESO<\/em>&#8220;<\/h5>\n<p>Por su parte Gross ha sido tremendamente contundente \u201c<strong><em>Desafortunadamente, esta decisi\u00f3n se produce a expensas de la igualdad de acceso para las mujeres aficionadas. Y no ten\u00eda por qu\u00e9 ser as\u00ed<\/em><\/strong>&#8221; ha dicho en un comunicado publicado en Instagram.<\/p>\n<p>Tambi\u00e9n ha afirmado que la decisi\u00f3n de no distribuir esos espacios de manera uniforme entre hombres y mujeres es \u201c<em><strong>una &#8220;reversi\u00f3n&#8221; del progreso realizado en los \u00faltimos a\u00f1os<\/strong><\/em>\u201d y\u00a0 supone \u201c<strong><em>el regreso a una pol\u00edtica de clasificaci\u00f3n que naci\u00f3 en los a\u00f1os 90, una \u00e9poca en la que los deportes femeninos todav\u00eda eran una ocurrencia tard\u00eda<\/em><\/strong>&#8221; antes de &#8220;<strong><em>Estamos en 2025, los deportes femeninos est\u00e1n experimentando un crecimiento masivo y las mujeres merecen algo mejor<\/em><\/strong>&#8220;.<\/p>\n<p><iframe title=\"Benito pone en jaque a Blummenfelt en Texas | IRONMAN 70.3 Valencia | Mar\u00eda Varo Campeona de Europa\" width=\"696\" height=\"392\" src=\"https:\/\/www.youtube.com\/embed\/56dxxyuFrLk?feature=oembed\" frameborder=\"0\" allow=\"accelerometer; autoplay; clipboard-write; encrypted-media; gyroscope; picture-in-picture; web-share\" referrerpolicy=\"strict-origin-when-cross-origin\" allowfullscreen><\/iframe><\/p>\n","protected":false},"excerpt":{"rendered":"<p>Alud de respuestas al anuncio de Ironman en las que se entremezcla la satisfacci\u00f3n por la recuperaci\u00f3n de la tradici\u00f3n a la defensa del papel femenino en peligro.<\/p>\n","protected":false},"author":351,"featured_media":92820,"comment_status":"closed","ping_status":"open","sticky":false,"template":"","format":"standard","meta":{"_acf_changed":false,"rank_math_lock_modified_date":false,"footnotes":""},"categories":[17,10639],"tags":[404,8084],"class_list":{"0":"post-95214","1":"post","2":"type-post","3":"status-publish","4":"format-standard","5":"has-post-thumbnail","7":"category-actualidad","8":"category-portada","9":"tag-ironman","10":"tag-mundial-kona"},"acf":[],"_links":{"self":[{"href":"https:\/\/miurltemporal.com/main/triatletasenred.sport.es\/wp-json\/wp\/v2\/posts\/95214"}],"collection":[{"href":"https:\/\/miurltemporal.com/main/triatletasenred.sport.es\/wp-json\/wp\/v2\/posts"}],"about":[{"href":"https:\/\/miurltemporal.com/main/triatletasenred.sport.es\/wp-json\/wp\/v2\/types\/post"}],"author":[{"embeddable":true,"href":"https:\/\/miurltemporal.com/main/triatletasenred.sport.es\/wp-json\/wp\/v2\/users\/351"}],"replies":[{"embeddable":true,"href":"https:\/\/miurltemporal.com/main/triatletasenred.sport.es\/wp-json\/wp\/v2\/comments?post=95214"}],"version-history":[{"count":2,"href":"https:\/\/miurltemporal.com/main/triatletasenred.sport.es\/wp-json\/wp\/v2\/posts\/95214\/revisions"}],"predecessor-version":[{"id":95218,"href":"https:\/\/miurltemporal.com/main/triatletasenred.sport.es\/wp-json\/wp\/v2\/posts\/95214\/revisions\/95218"}],"wp:featuredmedia":[{"embeddable":true,"href":"https:\/\/miurltemporal.com/main/triatletasenred.sport.es\/wp-json\/wp\/v2\/media\/92820"}],"wp:attachment":[{"href":"https:\/\/miurltemporal.com/main/triatletasenred.sport.es\/wp-json\/wp\/v2\/media?parent=95214"}],"wp:term":[{"taxonomy":"category","embeddable":true,"href":"https:\/\/miurltemporal.com/main/triatletasenred.sport.es\/wp-json\/wp\/v2\/categories?post=95214"},{"taxonomy":"post_tag","embeddable":true,"href":"https:\/\/miurltemporal.com/main/triatletasenred.sport.es\/wp-json\/wp\/v2\/tags?post=95214"}],"curies":[{"name":"wp","href":"https:\/\/api.w.org\/{rel}","templated":true}]}}