{"id":95155,"date":"2025-04-26T21:31:51","date_gmt":"2025-04-26T19:31:51","guid":{"rendered":"https:\/\/miurltemporal.com/main/triatletasenred.sport.es\/?p=95155"},"modified":"2025-04-27T00:10:48","modified_gmt":"2025-04-26T22:10:48","slug":"solo-blummenfelt-pudo-con-un-pletorico-antonio-benito-en-ironman-texas","status":"publish","type":"post","link":"https:\/\/miurltemporal.com/main/triatletasenred.sport.es\/competiciones\/solo-blummenfelt-pudo-con-un-pletorico-antonio-benito-en-ironman-texas\/","title":{"rendered":"Solo Blummenfelt pudo con un plet\u00f3rico Antonio Benito en Ironman Texas"},"content":{"rendered":"<p>El espa\u00f1ol da una exhibici\u00f3n f\u00edsica y estrat\u00e9gica en una carrera en la que su inteligencia y saber sufrir solo se vio superada por un Blummenfelt de otro planeta.<\/p>\n<p><a href=\"https:\/\/tidd.ly\/4hRre6T\" rel=\"nofollow noopener\" target=\"_blank\"><img fetchpriority=\"high\" decoding=\"async\" class=\"alignnone size-full wp-image-94752\" src=\"https:\/\/miurltemporal.com/main/triatletasenred.sport.es\/wp-content\/uploads\/Hoka_700x100px_Bondi9.jpg\" alt=\"\" width=\"700\" height=\"100\" srcset=\"https:\/\/miurltemporal.com/main/triatletasenred.sport.es\/wp-content\/uploads\/Hoka_700x100px_Bondi9.jpg 700w, https:\/\/miurltemporal.com/main/triatletasenred.sport.es\/wp-content\/uploads\/Hoka_700x100px_Bondi9-300x43.jpg 300w, https:\/\/miurltemporal.com/main/triatletasenred.sport.es\/wp-content\/uploads\/Hoka_700x100px_Bondi9-696x100.jpg 696w\" sizes=\"(max-width: 700px) 100vw, 700px\" \/><\/a><\/p>\n<p><strong>Antonio Benito<\/strong> ha vuelto a escribir una hoja m\u00e1s en ese libro llamado trayectoria deportiva que afortunadamente parece no tener techo. No conquist\u00f3 <strong>The Woodlands<\/strong>, ni <strong>Ironman Texas<\/strong>, pero gan\u00f3 algo m\u00e1s importante, ratificar sin discusi\u00f3n alguna su lugar como uno de los candidatos por derecho a pelear por todo en Ironman.<\/p>\n<p>El ciudadreale\u00f1o firm\u00f3 una actuaci\u00f3n que habla de su <strong>regularidad y poder\u00edo en todos los segmentos y departamentos, aquel que habla de f\u00edsico, pero tambi\u00e9n de astucia t\u00e1ctica<\/strong> en una carrera en la que <strong>Blummenfelt ha metido miedo<\/strong> y en la que la bicicleta seleccion\u00f3 a los elegidos antes de regalarnos un registro nunca visto que despu\u00e9s copi\u00f3 la carrera a pie.<\/p>\n<h4>TABLAS EN UNA NATACI\u00d3N CON POCOS PERJUDICADOS<\/h4>\n<hr \/>\n<p>Se promet\u00edan unas aguas dulces y tranquilas en el <strong>lago Woodlands<\/strong> y el canal hacia <strong>Town Green Park<\/strong> y a pesar de los dimes y diretes propios de la competici\u00f3n y la perdida del gorro por parte de <strong>Antonio Benito<\/strong> lo fueron tanto para el \u2018mel\u00f3n\u2019 como para <strong>un grupo de una veintena de triatletas que de manera cohesionada llegaron de forma conjunta a una T1 liderados por Andrea Salvisberg<\/strong> y en la que el tomellosano siempre se mantuvo adelante, igual que un<strong> Kristian Blummenfelt<\/strong> y especialmente un <strong>Gustav Iden<\/strong> que respond\u00edan a las primeras de cambio en el segmento m\u00e1s fr\u00e1gil del d\u00fao noruego. Tambi\u00e9n lo hicieron otros como <strong>Ben Kanute, Kieran Lindars, Rudy Von Berg, Kristian H\u00f8genhaug o Matthew Marquardt<\/strong>. Cerca de ellos nadaron hombres como Daniel B\u00e6kkeg\u00e5rd y Robert Kallin quienes pod\u00edan dar por buena una distancia de segundos totalmente asumible.<\/p>\n<p>Distinta pero esperada suerte tuvieron <strong>Matt Hanson, Cameron Wurf y Leon Chevalier<\/strong> que sal\u00edan del agua con desventaja que sobrepasaba los <strong>tres minutos<\/strong> y particularmente un<strong> Trevor Foley<\/strong> que se dej\u00f3 <strong>siete minutos<\/strong> en ella.<\/p>\n<h4>UN BENITO PERFECTO EN LA RULETA RUSA CICLISTA DE R\u00c9CORD<\/h4>\n<hr \/>\n<p>El resultado de esa nataci\u00f3n cambi\u00f3 el desarrollo de un segmento sobre las dos ruedas donde los tres ciclistas llamados a dominar el terreno quedaron neutralizados. <strong>Ni un desafortunado Marquardt, ni Kallin que en lugar de recuperar los escasos segundos que le separaban de la cabeza y asaltar las primeras posiciones ced\u00eda minutos pudieron brillar en el primer cuarto del parcial en el lugar en el que acostumbran<\/strong>. En ese contexto, H\u00f8genhaug volaba solo o mejor dicho atado a un Blummenfelt que sin la obligaci\u00f3n de remontar tom\u00f3 el control en los primeros compases de la bicicleta.<\/p>\n<p>Con el redil \u2018domado\u2019 y sin riesgo de rebeli\u00f3n dentro de ese <strong>TOP15,<\/strong> el noruego permiti\u00f3 los relevos de Iden e incluso puntualmente los de H\u00f8genhaug. Una situaci\u00f3n complaciente y, estrat\u00e9gicamente, aparentemente controladora del \u2018toro\u2019 con la que <strong>Benito siempre bien colocado en las posiciones punteras pareci\u00f3 c\u00f3modo<\/strong>.<\/p>\n<h5>THOMPSON PRENDI\u00d3 LA MECHA DEPORTIVA&#8230; E IDEN LA GAFE<\/h5>\n<p><strong>Nick Thompson<\/strong> fue el encargado de hacer despertar la carrera poco despu\u00e9s de sobrepasar el ecuador del segmento cuando <strong>este australiano rompi\u00f3 la tensa calma reinante<\/strong> con un relevo que dej\u00f3 ser tal para convertirse en un incremento del ritmo que le permiti\u00f3 abrir un hueco de poco m\u00e1s de medio minuto. Pero su movimiento, solo fue el acicate para comprobar una nueva realidad que se hab\u00eda fraguado silenciosamente<strong>. Kallin hab\u00eda fallado al inicio, pero el sueco con mucho trabajo lograba integrarse en el grupo. Lo mismo suced\u00eda con otros especialistas como Wurf y un Chevalier que tambi\u00e9n lo consegu\u00eda<\/strong>. En ese instante todav\u00eda no se sab\u00eda, pero Cameron estaba forjando una actuaci\u00f3n que entrar\u00eda en los anales de Ironman.<\/p>\n<p>Nuevo escenario en el que <strong>Iden<\/strong> iba a ser el protagonista involuntario. Heredando el mal fario de Blummenfelt en Oceanside, Texas pagaba al noruego con un <strong>pinchazo en la rueda delantera<\/strong> cuando rodaba en tercera posici\u00f3n. No obstante, mientras que el incidente mec\u00e1nico sesg\u00f3 cualquier opci\u00f3n del \u2018toro\u2019, <strong>la suerte de contar casualmente con una ayuda inmediata de los mec\u00e1nicos ha hecho que Gustav solo perdiese unos metros, pero no la carrera<\/strong>.<\/p>\n<h5>LOS CICLISTAS IMPONEN SU LEY Y BENITO SE AMPARA A ELLA<\/h5>\n<h5><span style=\"color: #222222; font-family: Verdana, BlinkMacSystemFont, -apple-system, 'Segoe UI', Roboto, Oxygen, Ubuntu, Cantarell, 'Open Sans', 'Helvetica Neue', sans-serif; font-size: 15px;\">Sin embargo, el antiguo campe\u00f3n del mundo a\u00fan no hab\u00eda podido retomar el golpe de pedal correcto cuando la prueba tom\u00f3 un nuevo rumbo en la parte final de la etapa ciclista y ah\u00ed los tres t\u00f3tems del segmento por fin pod\u00edan efectuar su movimiento (tard\u00edo). <\/span><strong style=\"color: #222222; font-family: Verdana, BlinkMacSystemFont, -apple-system, 'Segoe UI', Roboto, Oxygen, Ubuntu, Cantarell, 'Open Sans', 'Helvetica Neue', sans-serif; font-size: 15px;\">Kallin, H\u00f8genhaug y Wurf seleccionaban el grupo y solo Benito y Blummenfelt y posteriormente Von Berg con mucho esfuerzo fueron capaces de adherirse a sus sombras<\/strong><span style=\"color: #222222; font-family: Verdana, BlinkMacSystemFont, -apple-system, 'Segoe UI', Roboto, Oxygen, Ubuntu, Cantarell, 'Open Sans', 'Helvetica Neue', sans-serif; font-size: 15px;\"> antes de que estos abriesen un <\/span><strong style=\"color: #222222; font-family: Verdana, BlinkMacSystemFont, -apple-system, 'Segoe UI', Roboto, Oxygen, Ubuntu, Cantarell, 'Open Sans', 'Helvetica Neue', sans-serif; font-size: 15px;\">agujero de un minuto<\/strong><span style=\"color: #222222; font-family: Verdana, BlinkMacSystemFont, -apple-system, 'Segoe UI', Roboto, Oxygen, Ubuntu, Cantarell, 'Open Sans', 'Helvetica Neue', sans-serif; font-size: 15px;\"> respecto a <\/span><strong style=\"color: #222222; font-family: Verdana, BlinkMacSystemFont, -apple-system, 'Segoe UI', Roboto, Oxygen, Ubuntu, Cantarell, 'Open Sans', 'Helvetica Neue', sans-serif; font-size: 15px;\">Casper Stornes y Wilhelm Hirsch<\/strong><span style=\"color: #222222; font-family: Verdana, BlinkMacSystemFont, -apple-system, 'Segoe UI', Roboto, Oxygen, Ubuntu, Cantarell, 'Open Sans', 'Helvetica Neue', sans-serif; font-size: 15px;\">. Dos perd\u00edan <\/span><strong style=\"color: #222222; font-family: Verdana, BlinkMacSystemFont, -apple-system, 'Segoe UI', Roboto, Oxygen, Ubuntu, Cantarell, 'Open Sans', 'Helvetica Neue', sans-serif; font-size: 15px;\">Kanute o B\u00e6kkeg\u00e5rd<\/strong><span style=\"color: #222222; font-family: Verdana, BlinkMacSystemFont, -apple-system, 'Segoe UI', Roboto, Oxygen, Ubuntu, Cantarell, 'Open Sans', 'Helvetica Neue', sans-serif; font-size: 15px;\">. Y en esos instantes de ruptura, <\/span><strong style=\"color: #222222; font-family: Verdana, BlinkMacSystemFont, -apple-system, 'Segoe UI', Roboto, Oxygen, Ubuntu, Cantarell, 'Open Sans', 'Helvetica Neue', sans-serif; font-size: 15px;\">Chevalier era el gran damnificado al vivir una pesadilla<\/strong><span style=\"color: #222222; font-family: Verdana, BlinkMacSystemFont, -apple-system, 'Segoe UI', Roboto, Oxygen, Ubuntu, Cantarell, 'Open Sans', 'Helvetica Neue', sans-serif; font-size: 15px;\"> cuando el<\/span><em style=\"color: #222222; font-family: Verdana, BlinkMacSystemFont, -apple-system, 'Segoe UI', Roboto, Oxygen, Ubuntu, Cantarell, 'Open Sans', 'Helvetica Neue', sans-serif; font-size: 15px;\"> cockpit<\/em><span style=\"color: #222222; font-family: Verdana, BlinkMacSystemFont, -apple-system, 'Segoe UI', Roboto, Oxygen, Ubuntu, Cantarell, 'Open Sans', 'Helvetica Neue', sans-serif; font-size: 15px;\"> amenaz\u00f3 con desprenderse.<\/span><\/h5>\n<p>Pero todav\u00eda restaba un \u00faltimo cap\u00edtulo antes de cambiar de acto. <strong>Los dos <em>aussies<\/em> iban a volar en solitario ante un H\u00f8genhaug que se ve\u00eda sometido a las vicisitudes externas y un tr\u00edo (junto a Kallin) te\u00f3ricamente m\u00e1s potente en lo que estaba por llegar que los dos oce\u00e1nicos<\/strong>. Se acab\u00f3 la bici y con \u00e9l la exhibici\u00f3n de un Wurf que instauraba un nuevo r\u00e9cord mundial<\/p>\n<figure id=\"attachment_95157\" aria-describedby=\"caption-attachment-95157\" style=\"width: 696px\" class=\"wp-caption alignnone\"><img decoding=\"async\" class=\"size-large wp-image-95157\" src=\"https:\/\/miurltemporal.com/main/triatletasenred.sport.es\/wp-content\/uploads\/Cameron-Wurf-record-ciclismo-Ironman-en-Texas-1024x576.jpg\" alt=\"\" width=\"696\" height=\"392\" srcset=\"https:\/\/miurltemporal.com/main/triatletasenred.sport.es\/wp-content\/uploads\/Cameron-Wurf-record-ciclismo-Ironman-en-Texas-1024x576.jpg 1024w, https:\/\/miurltemporal.com/main/triatletasenred.sport.es\/wp-content\/uploads\/Cameron-Wurf-record-ciclismo-Ironman-en-Texas-300x169.jpg 300w, https:\/\/miurltemporal.com/main/triatletasenred.sport.es\/wp-content\/uploads\/Cameron-Wurf-record-ciclismo-Ironman-en-Texas-768x432.jpg 768w, https:\/\/miurltemporal.com/main/triatletasenred.sport.es\/wp-content\/uploads\/Cameron-Wurf-record-ciclismo-Ironman-en-Texas-696x392.jpg 696w, https:\/\/miurltemporal.com/main/triatletasenred.sport.es\/wp-content\/uploads\/Cameron-Wurf-record-ciclismo-Ironman-en-Texas-1068x601.jpg 1068w, https:\/\/miurltemporal.com/main/triatletasenred.sport.es\/wp-content\/uploads\/Cameron-Wurf-record-ciclismo-Ironman-en-Texas-747x420.jpg 747w, https:\/\/miurltemporal.com/main/triatletasenred.sport.es\/wp-content\/uploads\/Cameron-Wurf-record-ciclismo-Ironman-en-Texas.jpg 1280w\" sizes=\"(max-width: 696px) 100vw, 696px\" \/><figcaption id=\"caption-attachment-95157\" class=\"wp-caption-text\">Cameron Wurf ha establecido un nuevo r\u00e9cord ciclista en distancia Ironman en Texas. Imagen: Ironman.<\/figcaption><\/figure>\n<p>As\u00ed se llegaba a una <strong>T2<\/strong> a la que <strong>Antonio Benito<\/strong> accedi\u00f3 en un lugar preferencial tras haber hecho gala de una elegancia tan sutil como efectiva para <strong>saber estar en el lugar correcto en el momento indicado<\/strong>.<\/p>\n<h4>BLUMMENFELT EST\u00c1 DE VUELTA CON UN ESTRATOSF\u00c9RICO MARAT\u00d3N \u00a12:34:03!<\/h4>\n<hr \/>\n<p>Lo que dura un caramelo en la puerta de un colegio tard\u00f3 la carrera a pie en eliminar de la ecuaci\u00f3n a Kallin e inmediatamente despu\u00e9s <strong>posicionar a Benito y Blummenfelt por delante de Thompson y Wurf<\/strong>.<\/p>\n<p>Ante s\u00ed, el triatl\u00f3n espa\u00f1ol tuvo un escenario con el que so\u00f1aba desde hace muchos meses, pero que en esta ocasi\u00f3n carec\u00eda del componente on\u00edrico, <strong>Benito iba a luchar por la victoria con una estrella como Kristian Blummenfelt.<\/strong> El \u2018toro\u2019 no concedi\u00f3 ning\u00fan instante de tregua y consciente del marat\u00f3n del \u2018mel\u00f3n\u2019 quiso estar al frente, tratando de llevar al l\u00edmite al de Tomelloso. Este no se arrug\u00f3 y cuando recobr\u00f3 el pulso le devolvi\u00f3 la jugada en un intercambio de posiciones que con cada zancada hablaba el juego mental.<\/p>\n<p>Uno que <strong>Blummenfelt decidi\u00f3 concluir abruptamente antes del primer 10K cuando su presi\u00f3n sobre el espa\u00f1ol fue tal que Benito no pudo m\u00e1s que dejarle marchar<\/strong>. En un visto y no visto la brecha entre ambos alcanz\u00f3 el minuto y el de BMC quedaba separado por id\u00e9ntico tiempo de ese primer lugar tan apetecible como peligroso (gran riesgo de desfallecer) como de una tercera plaza por la que peleaban Von Berg y Thompson.<\/p>\n<p>Osado, el espa\u00f1ol opt\u00f3 por lo primero pero su atrevimiento fue tan exitoso como breve antes de retornar a la diferencia original. A partir de ah\u00ed, la distancia entre ambos fue creciendo de forma sostenida. Sin embargo, mientras esta aumentaba la preocupaci\u00f3n por sus perseguidores se aligeraba de forma proporcional al espacio abierto con ellos. Pasado el medio marat\u00f3n, <strong>Von Berg era el due\u00f1o provisional del \u00faltimo escal\u00f3n del podio<\/strong> a tres minutos de Benito. No obstante, <strong>B\u00e6kkeg\u00e5rd era el hombre al que seguir<\/strong> tras haber escalado hasta la cuarta plaza y fijar un ritmo \u00fanicamente mejorado por \u2018Blu\u2019.<\/p>\n<p>La din\u00e1mica progresiva finaliz\u00f3 poco antes del \u2018<strong>muro\u2019 de los 30K<\/strong> cuando un <strong>Blummenfelt desencadenado destap\u00f3 el tarro de las esencias<\/strong> para brillar con un ritmo endemoniado con el que ampliaba a m\u00e1s de ocho minutos su dominio. <strong>El noruego volaba y no parar\u00eda hasta levantar la cinta con nuevo r\u00e9cord texano de la carrera a pie (2:34:03) . <\/strong>Por su parte, <strong>Benito se consum\u00eda carcomido por los problemas f\u00edsicos que m\u00e1s tarde confesar\u00eda haber sufrido, lo que permiti\u00f3 a Von Berg y B\u00e6kkeg\u00e5rd aprovechar su crisis para acercarse a menos de dos minutos<\/strong>.<\/p>\n<p><img decoding=\"async\" class=\"alignnone size-large wp-image-91990\" src=\"https:\/\/miurltemporal.com/main/triatletasenred.sport.es\/wp-content\/uploads\/Kristian-Blummenfelt-Campeon-Europa-IRONMAN-1024x585.png\" alt=\"\" width=\"696\" height=\"398\" srcset=\"https:\/\/miurltemporal.com/main/triatletasenred.sport.es\/wp-content\/uploads\/Kristian-Blummenfelt-Campeon-Europa-IRONMAN-1024x585.png 1024w, https:\/\/miurltemporal.com/main/triatletasenred.sport.es\/wp-content\/uploads\/Kristian-Blummenfelt-Campeon-Europa-IRONMAN-300x171.png 300w, https:\/\/miurltemporal.com/main/triatletasenred.sport.es\/wp-content\/uploads\/Kristian-Blummenfelt-Campeon-Europa-IRONMAN-768x439.png 768w, https:\/\/miurltemporal.com/main/triatletasenred.sport.es\/wp-content\/uploads\/Kristian-Blummenfelt-Campeon-Europa-IRONMAN-1536x877.png 1536w, https:\/\/miurltemporal.com/main/triatletasenred.sport.es\/wp-content\/uploads\/Kristian-Blummenfelt-Campeon-Europa-IRONMAN-696x398.png 696w, https:\/\/miurltemporal.com/main/triatletasenred.sport.es\/wp-content\/uploads\/Kristian-Blummenfelt-Campeon-Europa-IRONMAN-1068x610.png 1068w, https:\/\/miurltemporal.com/main/triatletasenred.sport.es\/wp-content\/uploads\/Kristian-Blummenfelt-Campeon-Europa-IRONMAN-735x420.png 735w, https:\/\/miurltemporal.com/main/triatletasenred.sport.es\/wp-content\/uploads\/Kristian-Blummenfelt-Campeon-Europa-IRONMAN.png 1600w\" sizes=\"(max-width: 696px) 100vw, 696px\" \/><\/p>\n<h4>BENITO SE GRAD\u00daA Y SE SIENTA EN LA MESA DE LOS MEJORES<\/h4>\n<hr \/>\n<p>Definitivamente, defender con u\u00f1as y dientes la segunda posici\u00f3n o el podio se revel\u00f3 como la \u00faltima misi\u00f3n de Antonio en Ironman Texas. <strong>Frente a frente dos tendencias radicalmente opuestas que pon\u00edan en juego el tercer podio de Benito en Ironman y el billete al Mundial de Niza<\/strong>. Este \u00faltimo totalmente asegurado siempre y cuando cruzase la meta entre los cinco primeros, algo a priori garantizado dado el contexto.<\/p>\n<p>Lo suyo fue una agon\u00eda contenida a ojos del espectador comprimida en esos 90 segundos, que despu\u00e9s resultaron ser 60 segundos que lo separaban de Von Berg, pero como todo buen mago, <strong>Antonio ten\u00eda guardado un \u00faltimo as bajo la manga, ese \u00faltimo <em>rush<\/em> con el que sorprender a confiados y sufridores para sellar una segunda posici\u00f3n de oro<\/strong>.<\/p>\n<p>Porque <strong>Antonio Benito dej\u00f3 de ser hace mucho una ilusi\u00f3n y hoy se ha sentado en esa mesa reservada exclusivamente a un campe\u00f3n del mundo que desea regresar al trono, al vigente bronce mundial<\/strong> y a un espa\u00f1ol que quien sabe si el pr\u00f3ximo mes de septiembre descubre el peso de cualquiera de los metales que se repartir\u00e1n en el podio de la Costa Azul francesa.<\/p>\n<h4><em>&#8220;LA MEJOR ACTUACI\u00d3N DE MI VIDA&#8221;<\/em><\/h4>\n<hr \/>\n<p>Las palabras no son balad\u00ed. <strong>Antonio Benito<\/strong> confesaba segundos despu\u00e9s de entrar en meta que la de hoy hab\u00eda sido &#8220;<strong><em>la mejor carrera<\/em><\/strong>&#8221; de su vida. No es para menos puesto que ha parado el crono de <strong>Ironman Texas<\/strong> en <strong>7:32:23<\/strong> y se ha marcado un marat\u00f3n en <strong>2:41:56<\/strong>, la tercera mejor del d\u00eda tras las del plusmarquista <strong>Blummenfelt<\/strong> y el <strong>2:41:01<\/strong> de <strong>B\u00e6kkeg\u00e5rd<\/strong>.<\/p>\n<p>N\u00fameros jam\u00e1s vistos en su carrera y con los que borra de un plumazo los registros globales de Ironman Vitoria-Gasteiz (7:36:38). Todo ello, &#8220;<strong><em>sufriendo calambres a partir de la segunda mitad del marat\u00f3n<\/em><\/strong>&#8220;.<\/p>\n<p>Venci\u00f3 el &#8216;toro&#8217; pero en tierras texanas Antonio se doctor\u00f3 como digno cowboy de Ironman.<\/p>\n<p><iframe title=\"\u201cEsto es otro deporte\u201d: As\u00ed ha preparado Miriam Casillas su debut en IRONMAN 70.3\" width=\"696\" height=\"392\" src=\"https:\/\/www.youtube.com\/embed\/JF-s0GUbBkw?feature=oembed\" frameborder=\"0\" allow=\"accelerometer; autoplay; clipboard-write; encrypted-media; gyroscope; picture-in-picture; web-share\" referrerpolicy=\"strict-origin-when-cross-origin\" allowfullscreen><\/iframe><\/p>\n","protected":false},"excerpt":{"rendered":"<p>El espa\u00f1ol da una exhibici\u00f3n f\u00edsica y estrat\u00e9gica en una carrera en la que su inteligencia y saber sufrir solo se vio superada por un Blummenfelt de otro planeta.<\/p>\n","protected":false},"author":351,"featured_media":95143,"comment_status":"closed","ping_status":"open","sticky":false,"template":"","format":"standard","meta":{"_acf_changed":false,"rank_math_lock_modified_date":false,"footnotes":""},"categories":[17,19,10639,1191],"tags":[3812,7415,4626],"class_list":{"0":"post-95155","1":"post","2":"type-post","3":"status-publish","4":"format-standard","5":"has-post-thumbnail","7":"category-actualidad","8":"category-competiciones","9":"category-portada","10":"category-triatlon","11":"tag-antonio-benito","12":"tag-blummenfelt","13":"tag-ironman-texas"},"acf":[],"_links":{"self":[{"href":"https:\/\/miurltemporal.com/main/triatletasenred.sport.es\/wp-json\/wp\/v2\/posts\/95155"}],"collection":[{"href":"https:\/\/miurltemporal.com/main/triatletasenred.sport.es\/wp-json\/wp\/v2\/posts"}],"about":[{"href":"https:\/\/miurltemporal.com/main/triatletasenred.sport.es\/wp-json\/wp\/v2\/types\/post"}],"author":[{"embeddable":true,"href":"https:\/\/miurltemporal.com/main/triatletasenred.sport.es\/wp-json\/wp\/v2\/users\/351"}],"replies":[{"embeddable":true,"href":"https:\/\/miurltemporal.com/main/triatletasenred.sport.es\/wp-json\/wp\/v2\/comments?post=95155"}],"version-history":[{"count":3,"href":"https:\/\/miurltemporal.com/main/triatletasenred.sport.es\/wp-json\/wp\/v2\/posts\/95155\/revisions"}],"predecessor-version":[{"id":95164,"href":"https:\/\/miurltemporal.com/main/triatletasenred.sport.es\/wp-json\/wp\/v2\/posts\/95155\/revisions\/95164"}],"wp:featuredmedia":[{"embeddable":true,"href":"https:\/\/miurltemporal.com/main/triatletasenred.sport.es\/wp-json\/wp\/v2\/media\/95143"}],"wp:attachment":[{"href":"https:\/\/miurltemporal.com/main/triatletasenred.sport.es\/wp-json\/wp\/v2\/media?parent=95155"}],"wp:term":[{"taxonomy":"category","embeddable":true,"href":"https:\/\/miurltemporal.com/main/triatletasenred.sport.es\/wp-json\/wp\/v2\/categories?post=95155"},{"taxonomy":"post_tag","embeddable":true,"href":"https:\/\/miurltemporal.com/main/triatletasenred.sport.es\/wp-json\/wp\/v2\/tags?post=95155"}],"curies":[{"name":"wp","href":"https:\/\/api.w.org\/{rel}","templated":true}]}}