{"id":94543,"date":"2025-03-12T15:27:27","date_gmt":"2025-03-12T14:27:27","guid":{"rendered":"https:\/\/miurltemporal.com/main/triatletasenred.sport.es\/?p=94543"},"modified":"2025-03-12T15:27:27","modified_gmt":"2025-03-12T14:27:27","slug":"willier-supersonica-slr","status":"publish","type":"post","link":"https:\/\/miurltemporal.com/main/triatletasenred.sport.es\/actualidad\/willier-supersonica-slr\/","title":{"rendered":"\u00bfQuieres hacerte con la cabra de Willier? \u00a130.000\u20ac tienen la culpa!"},"content":{"rendered":"<p data-start=\"83\" data-end=\"512\">La nueva Willier Supersonica SLR pretende marcar un antes y un despu\u00e9s en el mundo del ciclismo contrarreloj y ahora la marca pone su nueva joya en el mercado por un importe prohibitivo&#8230; aparentemente.<\/p>\n<p data-start=\"83\" data-end=\"512\"><a href=\"https:\/\/www.inverseteams.com\/es\/?srsltid=AfmBOopcdN5zEVSQJD3fkV4Je_gbxU0qOyVuAnS_htxK60krBL72wKdR\" rel=\"nofollow noopener\" target=\"_blank\"><img fetchpriority=\"high\" decoding=\"async\" class=\"aligncenter size-full wp-image-92965\" src=\"https:\/\/miurltemporal.com/main/triatletasenred.sport.es\/wp-content\/uploads\/banner-INVERSE-TRIATLON-TRIATLETAS-EN-RED-1.jpg\" alt=\"\" width=\"700\" height=\"150\" srcset=\"https:\/\/miurltemporal.com/main/triatletasenred.sport.es\/wp-content\/uploads\/banner-INVERSE-TRIATLON-TRIATLETAS-EN-RED-1.jpg 700w, https:\/\/miurltemporal.com/main/triatletasenred.sport.es\/wp-content\/uploads\/banner-INVERSE-TRIATLON-TRIATLETAS-EN-RED-1-300x64.jpg 300w, https:\/\/miurltemporal.com/main/triatletasenred.sport.es\/wp-content\/uploads\/banner-INVERSE-TRIATLON-TRIATLETAS-EN-RED-1-696x150.jpg 696w\" sizes=\"(max-width: 700px) 100vw, 700px\" \/><\/a><\/p>\n<h4 data-start=\"83\" data-end=\"512\"><div id=\"ez-toc-container\" class=\"ez-toc-v2_0_69_1 counter-hierarchy ez-toc-counter ez-toc-grey ez-toc-container-direction\">\n<div class=\"ez-toc-title-container\">\n<p class=\"ez-toc-title\" style=\"cursor:inherit\">Table of Contents<\/p>\n<span class=\"ez-toc-title-toggle\"><a href=\"#\" class=\"ez-toc-pull-right ez-toc-btn ez-toc-btn-xs ez-toc-btn-default ez-toc-toggle\" aria-label=\"Toggle Table of Content\"><span class=\"ez-toc-js-icon-con\"><span class=\"\"><span class=\"eztoc-hide\" style=\"display:none;\">Toggle<\/span><span class=\"ez-toc-icon-toggle-span\"><svg style=\"fill: #999;color:#999\" xmlns=\"http:\/\/www.w3.org\/2000\/svg\" class=\"list-377408\" width=\"20px\" height=\"20px\" viewBox=\"0 0 24 24\" fill=\"none\"><path d=\"M6 6H4v2h2V6zm14 0H8v2h12V6zM4 11h2v2H4v-2zm16 0H8v2h12v-2zM4 16h2v2H4v-2zm16 0H8v2h12v-2z\" fill=\"currentColor\"><\/path><\/svg><svg style=\"fill: #999;color:#999\" class=\"arrow-unsorted-368013\" xmlns=\"http:\/\/www.w3.org\/2000\/svg\" width=\"10px\" height=\"10px\" viewBox=\"0 0 24 24\" version=\"1.2\" baseProfile=\"tiny\"><path d=\"M18.2 9.3l-6.2-6.3-6.2 6.3c-.2.2-.3.4-.3.7s.1.5.3.7c.2.2.4.3.7.3h11c.3 0 .5-.1.7-.3.2-.2.3-.5.3-.7s-.1-.5-.3-.7zM5.8 14.7l6.2 6.3 6.2-6.3c.2-.2.3-.5.3-.7s-.1-.5-.3-.7c-.2-.2-.4-.3-.7-.3h-11c-.3 0-.5.1-.7.3-.2.2-.3.5-.3.7s.1.5.3.7z\"\/><\/svg><\/span><\/span><\/span><\/a><\/span><\/div>\n<nav><ul class='ez-toc-list ez-toc-list-level-1 ' ><li class='ez-toc-page-1 ez-toc-heading-level-4'><a class=\"ez-toc-link ez-toc-heading-1\" href=\"https:\/\/miurltemporal.com/main/triatletasenred.sport.es\/actualidad\/willier-supersonica-slr\/#Contexto\" title=\"Contexto\">Contexto<\/a><\/li><li class='ez-toc-page-1 ez-toc-heading-level-4'><a class=\"ez-toc-link ez-toc-heading-2\" href=\"https:\/\/miurltemporal.com/main/triatletasenred.sport.es\/actualidad\/willier-supersonica-slr\/#Diseno_y_Aerodinamica_de_Ultima_Generacion\" title=\"Dise\u00f1o y Aerodin\u00e1mica de \u00daltima Generaci\u00f3n\">Dise\u00f1o y Aerodin\u00e1mica de \u00daltima Generaci\u00f3n<\/a><\/li><li class='ez-toc-page-1 ez-toc-heading-level-4'><a class=\"ez-toc-link ez-toc-heading-3\" href=\"https:\/\/miurltemporal.com/main/triatletasenred.sport.es\/actualidad\/willier-supersonica-slr\/#Innovacion_Tecnologica_y_Materiales_de_Alta_Gama\" title=\"Innovaci\u00f3n Tecnol\u00f3gica y Materiales de Alta Gama\">Innovaci\u00f3n Tecnol\u00f3gica y Materiales de Alta Gama<\/a><\/li><li class='ez-toc-page-1 ez-toc-heading-level-4'><a class=\"ez-toc-link ez-toc-heading-4\" href=\"https:\/\/miurltemporal.com/main/triatletasenred.sport.es\/actualidad\/willier-supersonica-slr\/#Un_precio_al_alcance_de_%E2%80%A6_%C2%A1Casi_nadie\" title=\"Un precio al alcance de &#8230; \u00a1Casi nadie!\">Un precio al alcance de &#8230; \u00a1Casi nadie!<\/a><\/li><\/ul><\/nav><\/div>\n<\/h4>\n<h4 data-start=\"83\" data-end=\"512\"><span class=\"ez-toc-section\" id=\"Contexto\"><\/span>Contexto<span class=\"ez-toc-section-end\"><\/span><\/h4>\n<p data-start=\"83\" data-end=\"512\">Tras haber sido probada en el circuito profesional con la Groupama-FDJ y el ciclista Stefan Kung, esta bicicleta se presenta ahora para la venta al p\u00fablico, ofreciendo la oportunidad de experimentar en primera persona la tecnolog\u00eda y el rendimiento que hasta ahora solo estaban al alcance de los grandes equipos.<\/p>\n<h4 data-start=\"514\" data-end=\"561\"><span class=\"ez-toc-section\" id=\"Diseno_y_Aerodinamica_de_Ultima_Generacion\"><\/span>Dise\u00f1o y Aerodin\u00e1mica de \u00daltima Generaci\u00f3n<span class=\"ez-toc-section-end\"><\/span><\/h4>\n<p data-start=\"563\" data-end=\"1076\">Seg\u00fan a gente de Willier, la Supersonica SLR es el resultado de una intensa investigaci\u00f3n en aerodin\u00e1mica y materiales compuestos, pensada para optimizar cada detalle en la b\u00fasqueda de la m\u00e1xima eficiencia. El dise\u00f1o ha sido desarrollado no solo para reducir la resistencia al viento, sino tambi\u00e9n para proporcionar una estabilidad y rigidez excepcionales. Su geometr\u00eda, estudiada en base a las demandas de las pruebas contrarreloj, permite al ciclista adoptar una posici\u00f3n de alta performance sin sacrificar la comodidad en tramos largos.<\/p>\n<p data-start=\"1078\" data-end=\"1454\">El trabajo en la aerodin\u00e1mica se refleja en cada componente, desde la integraci\u00f3n de tubos hasta la cuidada terminaci\u00f3n de los bordes, minimizando las turbulencias.<\/p>\n<p data-start=\"1078\" data-end=\"1454\">Cada l\u00ednea y curva ha sido dise\u00f1ada meticulosamente para conseguir una reducci\u00f3n significativa de la resistencia, lo que se traduce en una mejora en tiempos y en la eficiencia en competiciones de alto nivel a la altura de muy pocas bicis, insisto, seg\u00fan la marca.<\/p>\n<p data-start=\"1078\" data-end=\"1454\"><img decoding=\"async\" class=\"aligncenter size-large wp-image-94544\" src=\"https:\/\/miurltemporal.com/main/triatletasenred.sport.es\/wp-content\/uploads\/wilier-supersonica-kung-1024x668.webp\" alt=\"\" width=\"696\" height=\"454\" srcset=\"https:\/\/miurltemporal.com/main/triatletasenred.sport.es\/wp-content\/uploads\/wilier-supersonica-kung-1024x668.webp 1024w, https:\/\/miurltemporal.com/main/triatletasenred.sport.es\/wp-content\/uploads\/wilier-supersonica-kung-300x196.webp 300w, https:\/\/miurltemporal.com/main/triatletasenred.sport.es\/wp-content\/uploads\/wilier-supersonica-kung-768x501.webp 768w, https:\/\/miurltemporal.com/main/triatletasenred.sport.es\/wp-content\/uploads\/wilier-supersonica-kung-1536x1002.webp 1536w, https:\/\/miurltemporal.com/main/triatletasenred.sport.es\/wp-content\/uploads\/wilier-supersonica-kung-696x454.webp 696w, https:\/\/miurltemporal.com/main/triatletasenred.sport.es\/wp-content\/uploads\/wilier-supersonica-kung-1068x696.webp 1068w, https:\/\/miurltemporal.com/main/triatletasenred.sport.es\/wp-content\/uploads\/wilier-supersonica-kung-644x420.webp 644w, https:\/\/miurltemporal.com/main/triatletasenred.sport.es\/wp-content\/uploads\/wilier-supersonica-kung.webp 1595w\" sizes=\"(max-width: 696px) 100vw, 696px\" \/><\/p>\n<h4 data-start=\"1456\" data-end=\"1509\"><span class=\"ez-toc-section\" id=\"Innovacion_Tecnologica_y_Materiales_de_Alta_Gama\"><\/span>Innovaci\u00f3n Tecnol\u00f3gica y Materiales de Alta Gama<span class=\"ez-toc-section-end\"><\/span><\/h4>\n<p data-start=\"1511\" data-end=\"1948\">Uno de los grandes atractivos de la Supersonica SLR es el empleo de materiales avanzados. La estructura de carbono de alta densidad garantiza una ligereza que acompa\u00f1a al ciclista en cada ascenso y en cada aceleraci\u00f3n. Adem\u00e1s, la bicicleta incorpora innovadoras t\u00e9cnicas de fabricaci\u00f3n que permiten combinar una est\u00e9tica impecable con una resistencia mec\u00e1nica superior, esencial para soportar las exigencias del contrarreloj profesional.<\/p>\n<p data-start=\"1950\" data-end=\"2395\">El desarrollo de esta bicicleta ha contado con la colaboraci\u00f3n de expertos en aerodin\u00e1mica y biomec\u00e1nica, logrando que el dise\u00f1o se adapte a las necesidades del deportista moderno. Desde el primer boceto hasta la versi\u00f3n final, se ha buscado un equilibrio entre innovaci\u00f3n y funcionalidad, lo que convierte a la Supersonica SLR en una herramienta indispensable para aquellos que buscan marcar la diferencia en sus entrenamientos y competiciones.<\/p>\n<h4 data-start=\"2397\" data-end=\"2456\"><span class=\"ez-toc-section\" id=\"Un_precio_al_alcance_de_%E2%80%A6_%C2%A1Casi_nadie\"><\/span>Un precio al alcance de &#8230; \u00a1Casi nadie!<span class=\"ez-toc-section-end\"><\/span><\/h4>\n<p data-start=\"2458\" data-end=\"2939\">Con un precio en torno a los 32.400 euros de venta al p\u00fablico parece casi imposible que nos encontremos alguna de estas por las carreteras si bien los m\u00e1s viejos del lugar tampoco hubi\u00e9ramos imaginado nunca pagar 5000\u20ac por una bici de carretera, algo ahora de lo m\u00e1s normal y mucho menos 300\u20ac por unas zapatillas para correr.<\/p>\n<p data-start=\"2458\" data-end=\"2939\">Eso s\u00ed, los acoples del manillar 100% personalizables elaborados mediante impresi\u00f3n 3D en titanio o carbono tras el escaneo de tu fisionom\u00eda para fabricarlos a medida .Un servicio que Wilier pone al alcance de cualquier ciclista, con pasta, \u00a0que busque ara\u00f1ar al m\u00e1ximo la aerodin\u00e1mica.<\/p>\n<p><iframe title=\"Javier Sola, Entrenador y nexo deportivo de Tadej Pogacar, Hayden Wilde y Marta S\u00e1nchez\" width=\"696\" height=\"392\" src=\"https:\/\/www.youtube.com\/embed\/0VnWVXg1kPs?feature=oembed\" frameborder=\"0\" allow=\"accelerometer; autoplay; clipboard-write; encrypted-media; gyroscope; picture-in-picture; web-share\" referrerpolicy=\"strict-origin-when-cross-origin\" allowfullscreen><\/iframe><\/p>\n<p data-start=\"2458\" data-end=\"2939\">\n","protected":false},"excerpt":{"rendered":"<p>La nueva Willier Supersonica SLR pretende marcar un antes y un despu\u00e9s en el mundo del ciclismo contrarreloj y ahora la marca pone su nueva joya en el mercado por un importe prohibitivo&#8230; aparentemente.<\/p>\n","protected":false},"author":2,"featured_media":90908,"comment_status":"closed","ping_status":"open","sticky":false,"template":"","format":"standard","meta":{"_acf_changed":false,"rank_math_lock_modified_date":false,"footnotes":""},"categories":[17],"tags":[],"class_list":{"0":"post-94543","1":"post","2":"type-post","3":"status-publish","4":"format-standard","5":"has-post-thumbnail","7":"category-actualidad"},"acf":[],"_links":{"self":[{"href":"https:\/\/miurltemporal.com/main/triatletasenred.sport.es\/wp-json\/wp\/v2\/posts\/94543"}],"collection":[{"href":"https:\/\/miurltemporal.com/main/triatletasenred.sport.es\/wp-json\/wp\/v2\/posts"}],"about":[{"href":"https:\/\/miurltemporal.com/main/triatletasenred.sport.es\/wp-json\/wp\/v2\/types\/post"}],"author":[{"embeddable":true,"href":"https:\/\/miurltemporal.com/main/triatletasenred.sport.es\/wp-json\/wp\/v2\/users\/2"}],"replies":[{"embeddable":true,"href":"https:\/\/miurltemporal.com/main/triatletasenred.sport.es\/wp-json\/wp\/v2\/comments?post=94543"}],"version-history":[{"count":1,"href":"https:\/\/miurltemporal.com/main/triatletasenred.sport.es\/wp-json\/wp\/v2\/posts\/94543\/revisions"}],"predecessor-version":[{"id":94546,"href":"https:\/\/miurltemporal.com/main/triatletasenred.sport.es\/wp-json\/wp\/v2\/posts\/94543\/revisions\/94546"}],"wp:featuredmedia":[{"embeddable":true,"href":"https:\/\/miurltemporal.com/main/triatletasenred.sport.es\/wp-json\/wp\/v2\/media\/90908"}],"wp:attachment":[{"href":"https:\/\/miurltemporal.com/main/triatletasenred.sport.es\/wp-json\/wp\/v2\/media?parent=94543"}],"wp:term":[{"taxonomy":"category","embeddable":true,"href":"https:\/\/miurltemporal.com/main/triatletasenred.sport.es\/wp-json\/wp\/v2\/categories?post=94543"},{"taxonomy":"post_tag","embeddable":true,"href":"https:\/\/miurltemporal.com/main/triatletasenred.sport.es\/wp-json\/wp\/v2\/tags?post=94543"}],"curies":[{"name":"wp","href":"https:\/\/api.w.org\/{rel}","templated":true}]}}