{"id":94366,"date":"2025-02-28T09:50:54","date_gmt":"2025-02-28T08:50:54","guid":{"rendered":"https:\/\/miurltemporal.com/main/triatletasenred.sport.es\/?p=94366"},"modified":"2025-02-28T09:50:54","modified_gmt":"2025-02-28T08:50:54","slug":"wilde-quiero-encontrar-ese-1-en-mi-rendimiento-que-todavia-me-falta","status":"publish","type":"post","link":"https:\/\/miurltemporal.com/main/triatletasenred.sport.es\/actualidad\/wilde-quiero-encontrar-ese-1-en-mi-rendimiento-que-todavia-me-falta\/","title":{"rendered":"Wilde: &#8220;Quiero encontrar ese 1% en mi rendimiento que todav\u00eda me falta&#8221;"},"content":{"rendered":"<p>El neozeland\u00e9s profundiza en una entrevista en un 2025 plagado de cambios, sus objetivos a corto y medio plazo, su mayor frustraci\u00f3n o las nuevas din\u00e1micas de entrenamiento.<\/p>\n<p><a href=\"https:\/\/tidd.ly\/4dZfvC1\" rel=\"nofollow noopener\" target=\"_blank\"><img fetchpriority=\"high\" decoding=\"async\" class=\"alignnone wp-image-92332 size-full\" src=\"https:\/\/miurltemporal.com/main/triatletasenred.sport.es\/wp-content\/uploads\/Banner-HOKA700x100px_Mach-X-2.jpg\" alt=\"\" width=\"700\" height=\"100\" srcset=\"https:\/\/miurltemporal.com/main/triatletasenred.sport.es\/wp-content\/uploads\/Banner-HOKA700x100px_Mach-X-2.jpg 700w, https:\/\/miurltemporal.com/main/triatletasenred.sport.es\/wp-content\/uploads\/Banner-HOKA700x100px_Mach-X-2-300x43.jpg 300w, https:\/\/miurltemporal.com/main/triatletasenred.sport.es\/wp-content\/uploads\/Banner-HOKA700x100px_Mach-X-2-696x100.jpg 696w\" sizes=\"(max-width: 700px) 100vw, 700px\" \/><\/a><\/p>\n<p><strong>Hayden Wilde<\/strong> ha compartido con World Triathlon sus objetivos y cambios para un 2025 en el que su asalto al Circuito T100 y la Media Distancia y su compatibilizaci\u00f3n con las Series Mundiales centra toda su atenci\u00f3n en una temporada que con un enfoque renovado de sus entrenamientos gracias a un nuevo equipo t\u00e9cnico entre los que se encuentra Javier Sola.<\/p>\n<p>Triunfante as\u00ed es como ha comenzado esa nueva etapa el neozeland\u00e9s gracias a su <a href=\"https:\/\/miurltemporal.com/main/triatletasenred.sport.es\/actualidad\/wilde-obligado-a-sacar-su-clase-para-ganar-las-series-mundiales-de-abu-dabi\/\"><strong>victoria en la cita inaugural de las Series Mundiales de Abu Dabi<\/strong><\/a> el pasado 15 de febrero para poner en marcha un curso que se extender\u00e1 hasta el mes de diciembre con la disputa de la <strong>Gran Final de T100<\/strong> y para el que se siente \u201c<strong><em>Muy motivado y con nuevos objetivos<\/em><\/strong>&#8220;.<\/p>\n<h4><em>&#8220;CON MIS NUEVOS ENTRENADORES QUIERO ENCONTRAR ESE 1% EN MI RENDIMIENTO<strong>&#8220;<\/strong><\/em><\/h4>\n<hr \/>\n<p>Nuevo cap\u00edtulo en su carrera marcado por el adi\u00f3s a m\u00e1s de una d\u00e9cada de trabajo con <strong>Craig<\/strong> y la <a href=\"https:\/\/miurltemporal.com/main/triatletasenred.sport.es\/actualidad\/bomba-wilde-se-pone-bajo-las-ordenes-del-entrenador-de-pogacar-javier-sola\/\">llegada del potent\u00edsimo tr\u00edo que forman <strong>Fred Vergnoux, Gary Lough <\/strong>y el ya mencionado <strong>Javier Sola<\/strong><\/a>.<\/p>\n<p>Wilde se ha deshecho en elogios para con su antiguo preparador con el que considera que ha tenido un <strong>\u00e9xito \u201cirreal\u201d y m\u00e1s all\u00e1 de lo imaginable<\/strong>. En este sentido, el querer cerrar su carrera sin arrepentimientos ha pesado en su decisi\u00f3n. \u201c<strong><em>Quiero terminarla sabiendo que he hecho todo lo posible e irme sin tener ning\u00fan \u00aby si&#8230;\u00bb o qu\u00e9 podr\u00eda haber hecho algo mejor o algo m\u00e1s en mi cabeza<\/em><\/strong>\u201d. De hecho, aclara que es ese deseo el que le impulsa a dar este cambio radical en el que \u00a0\u201c<strong><em>Explorar y ver si hay algo m\u00e1s. Ese 1% en mi rendimiento que todav\u00eda puedo encontrar con mi nuevo equipo<\/em><\/strong>\u201d<\/p>\n<h4>LOS \u00c1NGELES 2028 ENTRE CEJA Y CEJA<\/h4>\n<hr \/>\n<p>En ese sentido, tambi\u00e9n ha querido aclarar que el cambio de entrenadores no est\u00e1 relacionado con su transici\u00f3n a la media o larga distancia, puesto que Wilde asegura tener su vista fijada en los <strong>Juegos Ol\u00edmpicos de Los \u00c1ngeles 2028<\/strong>. &#8220;<strong><em>Es mi gran objetivo. S\u00e9 que podr\u00eda ser la peor idea que he tenido, pero al menos s\u00e9 que cuando termine, lo he hecho bien<\/em><\/strong>&#8220;, reflexiona sobre su compromiso con la distancia ol\u00edmpica.<\/p>\n<h4><em>&#8220;ES FRUSTRANTE NO HABER GANADO TODAV\u00cdA LAS SERIES MUNDIALES&#8221;<\/em><\/h4>\n<p>De hecho, en ese sentido Wilde se sincera \u201c<strong><em>Es frustrante haber tenido 4 oportunidades de ganar las Series Mundiales y no haberlo conseguido todav\u00eda<\/em><\/strong>\u201d. Tal es su espina con esta competici\u00f3n que afirma necesitar ganar el t\u00edtulo de las Series Mundiales al menos una vez en su carera y que es esa espina clavada con este campeonato el que le \u201c<strong><em>mantiene despierto por la noche<\/em><\/strong>\u201d. Tanto es as\u00ed que reconoce que si bien en <strong>las ambiciones iniciales de 2025 no entraba luchar por \u00e9l, ya no descarta hacerlo<\/strong>, puesto que tal y como sucedido con Abu Dabi al aproximarse cada cita podr\u00eda repensarse acudir o no a ellas.<\/p>\n<p>Es m\u00e1s, Wilde ha profundizado en el porqu\u00e9 de su \u201cfracaso\u201d. Nada m\u00e1s y nada menos que su <strong>estrategia de carrera<\/strong> y considera que \u201c<strong><em>necesita bajar el ritmo<\/em><\/strong>\u201d en ciertas ocasiones. Al mismo tiempo que conf\u00eda en que su nuevo equipo lo haga ser \u201c<strong><em>un poco m\u00e1s disciplinado y pensar en lo que hago en las carreras<\/em><\/strong>\u201d.<\/p>\n<h4><em>&#8220;ME HE CENTRADO TANTO EN LA NATACI\u00d3N QUE HE CONDICIONADO MI BICI Y MI CARRERA A PIE&#8221;<\/em><\/h4>\n<hr \/>\n<p>Un cambio que pasa por ese <strong>triunvirato t\u00e9cnico<\/strong> que representa un enfoque innovador en su entrenamiento. &#8220;<strong><em>Es un experimento, pero est\u00e1 funcionando realmente bien<\/em><\/strong>&#8221; y del que destaca la importancia de la comunicaci\u00f3n y la colaboraci\u00f3n a cuatro bandas.<\/p>\n<p>Uno de los cambios m\u00e1s significativos en su preparaci\u00f3n es el adi\u00f3s a la nataci\u00f3n como centro neur\u00e1lgico de la misma. \u201c<strong><em>Me he centrado tanto en la nataci\u00f3n que probablemente ha dificultado mi rendimiento en la bici y en la carrera<\/em><\/strong>\u201d. Una vez consolidada su mejora y confianza en este segmento, Wilde confirma que el nuevo enfoque pasa por \u201c<strong><em>volver a mis puntos fuertes de correr y montar en bic<\/em><\/strong>i\u201d. Una nueva din\u00e1mica con la que asegura disfrutar y de la que espera le proporcione \u201c<strong><em>esa chispa extra en el nuevo ciclo ol\u00edmpico<\/em><\/strong>\u201d.<\/p>\n<p><iframe title=\"HOKA CIELO X1 2.0 : Review Completa En Espa\u00f1ol\" width=\"696\" height=\"392\" src=\"https:\/\/www.youtube.com\/embed\/zOXUDotrPjI?feature=oembed\" frameborder=\"0\" allow=\"accelerometer; autoplay; clipboard-write; encrypted-media; gyroscope; picture-in-picture; web-share\" referrerpolicy=\"strict-origin-when-cross-origin\" allowfullscreen><\/iframe><\/p>\n","protected":false},"excerpt":{"rendered":"<p>El neozeland\u00e9s profundiza en una entrevista en un 2025 plagado de cambios, sus objetivos a corto y medio plazo, su mayor frustraci\u00f3n o las nuevas din\u00e1micas de entrenamiento.<\/p>\n","protected":false},"author":351,"featured_media":94367,"comment_status":"closed","ping_status":"open","sticky":false,"template":"","format":"standard","meta":{"_acf_changed":false,"rank_math_lock_modified_date":false,"footnotes":""},"categories":[17,10639],"tags":[7632,4473,11667],"class_list":{"0":"post-94366","1":"post","2":"type-post","3":"status-publish","4":"format-standard","5":"has-post-thumbnail","7":"category-actualidad","8":"category-portada","9":"tag-hayden-wilde","10":"tag-series-mundiales","11":"tag-series-mundiales-wilde"},"acf":[],"_links":{"self":[{"href":"https:\/\/miurltemporal.com/main/triatletasenred.sport.es\/wp-json\/wp\/v2\/posts\/94366"}],"collection":[{"href":"https:\/\/miurltemporal.com/main/triatletasenred.sport.es\/wp-json\/wp\/v2\/posts"}],"about":[{"href":"https:\/\/miurltemporal.com/main/triatletasenred.sport.es\/wp-json\/wp\/v2\/types\/post"}],"author":[{"embeddable":true,"href":"https:\/\/miurltemporal.com/main/triatletasenred.sport.es\/wp-json\/wp\/v2\/users\/351"}],"replies":[{"embeddable":true,"href":"https:\/\/miurltemporal.com/main/triatletasenred.sport.es\/wp-json\/wp\/v2\/comments?post=94366"}],"version-history":[{"count":1,"href":"https:\/\/miurltemporal.com/main/triatletasenred.sport.es\/wp-json\/wp\/v2\/posts\/94366\/revisions"}],"predecessor-version":[{"id":94369,"href":"https:\/\/miurltemporal.com/main/triatletasenred.sport.es\/wp-json\/wp\/v2\/posts\/94366\/revisions\/94369"}],"wp:featuredmedia":[{"embeddable":true,"href":"https:\/\/miurltemporal.com/main/triatletasenred.sport.es\/wp-json\/wp\/v2\/media\/94367"}],"wp:attachment":[{"href":"https:\/\/miurltemporal.com/main/triatletasenred.sport.es\/wp-json\/wp\/v2\/media?parent=94366"}],"wp:term":[{"taxonomy":"category","embeddable":true,"href":"https:\/\/miurltemporal.com/main/triatletasenred.sport.es\/wp-json\/wp\/v2\/categories?post=94366"},{"taxonomy":"post_tag","embeddable":true,"href":"https:\/\/miurltemporal.com/main/triatletasenred.sport.es\/wp-json\/wp\/v2\/tags?post=94366"}],"curies":[{"name":"wp","href":"https:\/\/api.w.org\/{rel}","templated":true}]}}