{"id":94138,"date":"2025-02-12T18:25:32","date_gmt":"2025-02-12T17:25:32","guid":{"rendered":"https:\/\/miurltemporal.com/main/triatletasenred.sport.es\/?p=94138"},"modified":"2025-02-12T18:21:05","modified_gmt":"2025-02-12T17:21:05","slug":"vasco-vilaca-world-triathlon-no-ha-sabido-adaptarse-a-los-nuevos-tiempos","status":"publish","type":"post","link":"https:\/\/miurltemporal.com/main/triatletasenred.sport.es\/actualidad\/vasco-vilaca-world-triathlon-no-ha-sabido-adaptarse-a-los-nuevos-tiempos\/","title":{"rendered":"Vasco Vila\u00e7a: &#8220;World Triathlon no ha sabido adaptarse a los nuevos tiempos&#8221;"},"content":{"rendered":"<p>El portugu\u00e9s radiograf\u00eda el gran problema actual de World Triathlon versus la MD y LD antes del inicio de unas Series Mundiales marcadas por una gran inc\u00f3gnita.<\/p>\n<p><img fetchpriority=\"high\" decoding=\"async\" class=\"alignnone size-full wp-image-93798\" src=\"https:\/\/miurltemporal.com/main/triatletasenred.sport.es\/wp-content\/uploads\/Volcano-banner-700-x-150.png\" alt=\"\" width=\"700\" height=\"150\" srcset=\"https:\/\/miurltemporal.com/main/triatletasenred.sport.es\/wp-content\/uploads\/Volcano-banner-700-x-150.png 700w, https:\/\/miurltemporal.com/main/triatletasenred.sport.es\/wp-content\/uploads\/Volcano-banner-700-x-150-300x64.png 300w, https:\/\/miurltemporal.com/main/triatletasenred.sport.es\/wp-content\/uploads\/Volcano-banner-700-x-150-696x150.png 696w\" sizes=\"(max-width: 700px) 100vw, 700px\" \/><\/p>\n<p><strong>Vasco Vila\u00e7a<\/strong> (26) ha pasado por los micr\u00f3fonos del podcast <strong><em>All in Triathlon<\/em><\/strong> de Jelle Geens y Aaron Royle para desmenuzar los <strong>puntos clave de su calendario<\/strong>, el <strong>escenario que se dibuja en la nueva temporada de las Series Mundiales de Triathlon<\/strong>, su visi\u00f3n de los movimientos como empresa de <strong>World Triathlon<\/strong> y ha dado respuesta a la pregunta cada vez m\u00e1s habitual <strong>\u00bfdar\u00e1 el salto a la MD?<\/strong><\/p>\n<p>Quinto en los Juegos Ol\u00edmpicos de Par\u00eds, podio en Hamburgo y uno de los habituales en esa primera l\u00ednea que en ocasiones opaca el duelo Alex Yee \u2013 Hayden Wilde, Vila\u00e7a tiene claro que este 2025 va a ser un a\u00f1o diferente y cuyos cambios van a empezar a verse en las <strong>Series Mundiales de Abu Dabi<\/strong> este mismo s\u00e1bado <strong>15 de febrero<\/strong>.<\/p>\n<h4><em>&#8220;SI VARIA LA DIN\u00c1MICA DE CARRERA, LO CAMBIA TODO PARA EL PR\u00d3XIMO CICLO&#8221;<\/em><\/h4>\n<hr \/>\n<p>Seg\u00fan explica el portugu\u00e9s conocer \u201c<em><strong>la din\u00e1mica<\/strong><\/em>\u201d ser\u00e1 el <strong>principal inter\u00e9s de la cita inaugural de las Series Mundiales<\/strong>. Bajo el punto de vista del afincado en Ctalunya, la ausencia total o parcial de algunos de los favoritos enfocados en este a\u00f1o post ol\u00edmpico en otros objetivos y la llegada un buen pu\u00f1ado de triatleta nuevo abre la puerta a un escenario desconocido donde la \u201cdin\u00e1mica podr\u00eda cambiar\u201d y argumenta: \u201c<strong><em>Si la din\u00e1mica cambia, puede cambiar muchas cosas como qui\u00e9n est\u00e1 al frente etc. Adem\u00e1s, ser\u00e1 interesante entender, cuanta importancia le dan los Yee, Wilde o Hauser a las Series Mundiales para comprender la situaci\u00f3n<\/em><\/strong>\u201d.<\/p>\n<p>A nivel m\u00e1s competitivo, Vila\u00e7a lo escenifica con el siguiente ejemplo: \u201c<strong><em>Hasta ahora lo importante era la carrera a pie. Ahora no sabemos si habr\u00e1 una gran diferencia en los niveles de nataci\u00f3n que rompa la carrera definitivamente, o estaremos en grupo y ser\u00e1 la bicicleta la que marque las diferencias o lo seguir\u00e1 haciendo el \u00faltimo segmento<\/em><\/strong>\u201d. Para \u00e9l, <strong>entender cu\u00e1l es la din\u00e1mica de poder podr\u00eda cambiar en el pr\u00f3ximo ciclo ol\u00edmpico<\/strong>.<\/p>\n<h4>&#8220;<em>WORLD TRIATHLON NO HA SABIDO ADAPATARSE A LOS NUEVOS TIEMPOS DE T100, IRONMAN<\/em>&#8221; <em>O CHALLENGE<\/em>&#8220;<\/h4>\n<hr \/>\n<p>La cohabitaci\u00f3n de World Triathlon, T100, Ironman o Challenge y los efectos del poder que la Media y Larga Distancia est\u00e1 adquiriendo a nivel medi\u00e1tico ha sido otro de los grandes asuntos en los que Vila\u00e7a no ha tenido problemas en mojarse.<\/p>\n<p>De hecho, el luso se ha mostrado especialmente cr\u00edtico con World Triathlon: \u201c<strong><em>World Triathlon no ha sido capaz de adaptarse a los nuevos tiempos&#8230; A la velocidad que est\u00e1 creciendo el triatl\u00f3n<\/em><\/strong>\u201d es la contundente reflexi\u00f3n del luso. Y ahonda en el tema \u201c<strong><em>La larga distancia se aprovecha de eso. Si t\u00fa no creces, vamos a tomar su cuota de mercado, \u00bfsabes?\u201d.<\/em><\/strong> Un argumento fundamentado en lo econ\u00f3mico \u201c<strong><em>Hace 10 a\u00f1os, 15 a\u00f1os, el el dinero era bueno, el problema es que si tienes en cuenta la inflaci\u00f3n y el crecimiento normal de la empresa, estamos retrocediendo<\/em><\/strong>\u201d y finaliza \u201c<strong>Entre los mejores, ya sabes, todav\u00eda hay una buena cantidad de dinero pero falta profundidad. M\u00e1s all\u00e1 del TOP10 el dinero no llega muy lejos y es muy dif\u00edcil conseguir esta capacidad para los patrocinadores etc<\/strong>\u201d.<\/p>\n<h5><em>&#8220;M\u00c1S ALL\u00c1 DEL TOP4 NO HAY VISIBILIDAD EN CORTA, ALGO QUE LA LARGA S\u00cd HA LOGRADO&#8221;<\/em><\/h5>\n<p>Algo que afecta a la visibilidad y desarrollo de triatletas potenciales \u201c<strong><em>En la distancia corta no hay visibilidad m\u00e1s all\u00e1 de los tres-cuatro mejores y eso provoca que el resto no parezcan lo realmente buenos que son y son muy buenos, pero esa falta hace que ya no tengan acceso a patrocinios<\/em><\/strong>\u201d. Por el contrario, alaba objetivamente el movimiento empresarial de T100 e Ironman \u201c<strong>Es interesante la forma en que la larga distancia ha sido capaz de venderse a s\u00ed misma para crear un mercado tan grande, siendo capaces de dar visibilidad a todos los atletas, que luego ha posibilitado triatletas se conviertan en profesionales<\/strong>\u201d.<\/p>\n<h5><em>&#8220;EL NIVEL EN CORTA SIGUE MEJORANDO Y LO DEMUESTRAN EN MD&#8221;<\/em><\/h5>\n<p>Retroceso en lo econ\u00f3mico, que no en lo puramente deportivo que va a m\u00e1s, pero que seg\u00fan \u00e9l se ve perjudicado por lo esgrimido anteriormente. \u201c<strong><em>El nivel en las series mundiales es muy bueno y sigue mejorando. La mejor muestra de ello es que cuando los triatletas de \u00e9lite mundial en corta pasan a media distancia directamente luchan por los t\u00edtulos, hayan triunfado o no en corta<\/em><\/strong> (Wilde o Youri Keulen como ejemplo de ambos casos)\u201d.<\/p>\n<h4>EL TRONO DE YEE ENTRE CEJA Y CEJA<\/h4>\n<hr \/>\n<p>Sin embargo, ese primer test y din\u00e1mica puede ser ilusoria, puesto que propio Vila\u00e7a reconoce que el de Emiratos \u00c1rabes no est\u00e1 entre sus objetivos al encontrarse \u201c<strong><em>en mitad de la preparaci\u00f3n\u201d <\/em><\/strong>y solo acude para<strong><em> \u201csumar puntos, una mejor colocaci\u00f3n en los pontones futuros y adquirir experiencia\u201d. <\/em><\/strong>La meta a final de a\u00f1o es \u201c<strong><em>pelear por el t\u00edtulo de las Series Mundiales o al menos una medalla<\/em><\/strong>\u201d. Para ello, Vasco apuesta por \u201c<strong><em>Yokohama, Italia, Hamburgo y la Gran Final de Wollongong<\/em><\/strong>\u201d.<\/p>\n<p>Adem\u00e1s, considera que de una mala noticia como lo es el descenso del n\u00famero de eventos que comprenden las Series Mundiales se puede extraer una lectura positiva que afecta a la igualdad de cara a la resoluci\u00f3n final \u201c<strong><em>En cierto modo, si hay menos carreras creo que vamos a estar m\u00e1s cerca en puntos. \u00a0Eso har\u00e1 que la gran final sea m\u00e1s importante y el ganador de la gran final ser\u00e1 probablemente el ganador del Campeonato del Mundo<\/em><\/strong>\u201d.<\/p>\n<h4>\u201c<em>PUEDE QUE INTENT\u00c9 UN 70.3<\/em>\u201d<\/h4>\n<hr \/>\n<p>Vila\u00e7a nos es ajeno al \u2018veneno\u2019 de la MD y tras mucho insistir por parte de Geens y Royle, el portugu\u00e9s ha dado la primicia \u201c<strong><em>Puedo decir que puede que intente el 70.3. este a\u00f1o<\/em><\/strong>\u201d. No obstante, no ha querido dar m\u00e1s pistas de cu\u00e1ndo ni d\u00f3nde. Lo que s\u00ed ha dejado patente son sus dudas al respecto \u201c<strong><em>Honestamente, no estoy s\u00ed soy el tipo indicado<\/em><\/strong>\u201d. Una sorprendente declaraci\u00f3n en la que sus compa\u00f1eros han tratado de ahondar y lo han conseguido. \u201c<strong><em>En (MD) podr\u00edan correr as\u00ed siempre a 3\u201900\u201d, 3\u201910\u201d y eso es lo que no soy. Me encanta la velocidad, pero nunca tuve esas cosas<\/em><\/strong>\u201d un miedo al que Royle y Geens le dec\u00edan era cuesti\u00f3n de trabajo y costumbre.<\/p>\n<p>De este modo Vasco Vila\u00e7a deja en el aire si finalmente dar\u00e1 o no el salto moment\u00e1neo a los Ironman 70.3.<\/p>\n<p><iframe title=\"Triatl\u00f3n En Vena 209 : Se abre la veda de DUATL\u00d3N | Favoritos a las SERIES MUNDIALES 2025\" width=\"696\" height=\"392\" src=\"https:\/\/www.youtube.com\/embed\/d6WnBLaBhy0?feature=oembed\" frameborder=\"0\" allow=\"accelerometer; autoplay; clipboard-write; encrypted-media; gyroscope; picture-in-picture; web-share\" referrerpolicy=\"strict-origin-when-cross-origin\" allowfullscreen><\/iframe><\/p>\n","protected":false},"excerpt":{"rendered":"<p>El portugu\u00e9s radiograf\u00eda el gran problema actual de World Triathlon versus la MD y LD antes del inicio de unas Series Mundiales marcadas por una gran inc\u00f3gnita.<\/p>\n","protected":false},"author":351,"featured_media":94142,"comment_status":"closed","ping_status":"open","sticky":false,"template":"","format":"standard","meta":{"_acf_changed":false,"rank_math_lock_modified_date":false,"footnotes":""},"categories":[17,10639],"tags":[11622,4473,10671,8155],"class_list":{"0":"post-94138","1":"post","2":"type-post","3":"status-publish","4":"format-standard","5":"has-post-thumbnail","7":"category-actualidad","8":"category-portada","9":"tag-sereis-mundiales-vilaca","10":"tag-series-mundiales","11":"tag-vasco-vilaca","12":"tag-world-triathlon"},"acf":[],"_links":{"self":[{"href":"https:\/\/miurltemporal.com/main/triatletasenred.sport.es\/wp-json\/wp\/v2\/posts\/94138"}],"collection":[{"href":"https:\/\/miurltemporal.com/main/triatletasenred.sport.es\/wp-json\/wp\/v2\/posts"}],"about":[{"href":"https:\/\/miurltemporal.com/main/triatletasenred.sport.es\/wp-json\/wp\/v2\/types\/post"}],"author":[{"embeddable":true,"href":"https:\/\/miurltemporal.com/main/triatletasenred.sport.es\/wp-json\/wp\/v2\/users\/351"}],"replies":[{"embeddable":true,"href":"https:\/\/miurltemporal.com/main/triatletasenred.sport.es\/wp-json\/wp\/v2\/comments?post=94138"}],"version-history":[{"count":4,"href":"https:\/\/miurltemporal.com/main/triatletasenred.sport.es\/wp-json\/wp\/v2\/posts\/94138\/revisions"}],"predecessor-version":[{"id":94144,"href":"https:\/\/miurltemporal.com/main/triatletasenred.sport.es\/wp-json\/wp\/v2\/posts\/94138\/revisions\/94144"}],"wp:featuredmedia":[{"embeddable":true,"href":"https:\/\/miurltemporal.com/main/triatletasenred.sport.es\/wp-json\/wp\/v2\/media\/94142"}],"wp:attachment":[{"href":"https:\/\/miurltemporal.com/main/triatletasenred.sport.es\/wp-json\/wp\/v2\/media?parent=94138"}],"wp:term":[{"taxonomy":"category","embeddable":true,"href":"https:\/\/miurltemporal.com/main/triatletasenred.sport.es\/wp-json\/wp\/v2\/categories?post=94138"},{"taxonomy":"post_tag","embeddable":true,"href":"https:\/\/miurltemporal.com/main/triatletasenred.sport.es\/wp-json\/wp\/v2\/tags?post=94138"}],"curies":[{"name":"wp","href":"https:\/\/api.w.org\/{rel}","templated":true}]}}