{"id":94127,"date":"2025-02-12T18:35:15","date_gmt":"2025-02-12T17:35:15","guid":{"rendered":"https:\/\/miurltemporal.com/main/triatletasenred.sport.es\/?p=94127"},"modified":"2025-02-12T18:36:03","modified_gmt":"2025-02-12T17:36:03","slug":"cancelada-la-copa-de-europa-de-mellila","status":"publish","type":"post","link":"https:\/\/miurltemporal.com/main/triatletasenred.sport.es\/actualidad\/cancelada-la-copa-de-europa-de-mellila\/","title":{"rendered":"RECTIFICACI\u00d3N: la Copa de Europa de Mellila no se cancela, pasa a ser el Europeo Sprint"},"content":{"rendered":"<p>El evento iba a disputarse el tercer fin de semana de marzo en lo que ven\u00eda siendo una cita habitual de World Triathlon y se sustituye para albergar el Campeonato de Europa triatl\u00f3n Sprint.<\/p>\n<p><a href=\"https:\/\/bit.ly\/42hYujK\" rel=\"nofollow noopener\" target=\"_blank\"><img fetchpriority=\"high\" decoding=\"async\" class=\"alignnone size-full wp-image-93770\" src=\"https:\/\/miurltemporal.com/main/triatletasenred.sport.es\/wp-content\/uploads\/INVERSETEAMS-BANNER-REBAJAS-TRIATLETAS-EN-RED.jpg\" alt=\"\" width=\"700\" height=\"200\" \/><\/a><\/p>\n<p>En la jornada de ayer (11 febrero), nos hac\u00edamos eco de la <strong>cancelaci\u00f3n de la Copa de Europa de Melilla y la Copa de Europa Junior de Triatl\u00f3n<\/strong> en el calendario oficial de World Triathlon fijado inicialmente para el <strong>16 de marzo.<\/strong><\/p>\n<p><strong>Se trata de un ERROR de esta que aqu\u00ed escribe<\/strong> y tal y como s\u00ed hac\u00edamos referencia dicha prueba se transforma para convertirse en el <strong>Campeonato de Europa de Triatl\u00f3n Sprint y de Relevos Mixtos en Elite, Sub 23 y Junior. <\/strong>Un acontecimiento que por primera vez en su historia se celebrar\u00e1 en la <strong>Ciudad Aut\u00f3noma de Melilla<\/strong> entre el <strong>19 y 20 de julio <\/strong>y pone a la localidad melillense en primer plano del triatl\u00f3n internacional.<\/p>\n<p>El reto de la organizaci\u00f3n de dicho evento correr\u00e1 a cargo de la localidad melillense junto con la <strong>Federaci\u00f3n Espa\u00f1ola de Triatl\u00f3n<\/strong> y la <strong>ETU<\/strong> y tomar\u00e1n el relevo de la ciudad turca de Balikesir, donde <strong>Nicola Azzano<\/strong> y <strong>Sandra Dodet<\/strong> lograron el t\u00edtulo en categor\u00eda absoluta.<\/p>\n<h4>LOS BRIT\u00c1NICOS DOMINARON LA COPA DE EUROPA DE MELILLA EN 2024<\/h4>\n<hr \/>\n<p>Al recordar la edici\u00f3n de 2024, la prueba dej\u00f3 los triunfos del brit\u00e1nico <strong>Cameron Main<\/strong> y la francesa <strong>Emma Lombardi<\/strong> en unas carreras que tambi\u00e9n vibr\u00f3 con el regreso al podio de <strong>Chente Hern\u00e1ndez<\/strong> despu\u00e9s de casi un lustro lesionado o con la presencia de estrellas internacionales de la talla de <strong>Kate Waugh<\/strong> y <strong>Sophie Coldwell<\/strong> \u2013 ambas completaron el TOP3 femenino \u2013 o <strong>Alissa K\u00f6nig<\/strong> y <strong>Bianca Seregni<\/strong>.<\/p>\n<p><iframe title=\"Triatl\u00f3n En Vena 209 : Se abre la veda de DUATL\u00d3N | Favoritos a las SERIES MUNDIALES 2025\" width=\"696\" height=\"392\" src=\"https:\/\/www.youtube.com\/embed\/d6WnBLaBhy0?feature=oembed\" frameborder=\"0\" allow=\"accelerometer; autoplay; clipboard-write; encrypted-media; gyroscope; picture-in-picture; web-share\" referrerpolicy=\"strict-origin-when-cross-origin\" allowfullscreen><\/iframe><\/p>\n","protected":false},"excerpt":{"rendered":"<p>El evento iba a disputarse el tercer fin de semana de marzo en lo que ven\u00eda siendo una cita habitual de World Triathlon y se sustituye para albergar el Campeonato de Europa triatl\u00f3n Sprint.<\/p>\n","protected":false},"author":351,"featured_media":94130,"comment_status":"closed","ping_status":"open","sticky":false,"template":"","format":"standard","meta":{"_acf_changed":false,"rank_math_lock_modified_date":false,"footnotes":""},"categories":[17,19,1191],"tags":[6774],"class_list":{"0":"post-94127","1":"post","2":"type-post","3":"status-publish","4":"format-standard","5":"has-post-thumbnail","7":"category-actualidad","8":"category-competiciones","9":"category-triatlon","10":"tag-copa-de-europa-de-melilla"},"acf":[],"_links":{"self":[{"href":"https:\/\/miurltemporal.com/main/triatletasenred.sport.es\/wp-json\/wp\/v2\/posts\/94127"}],"collection":[{"href":"https:\/\/miurltemporal.com/main/triatletasenred.sport.es\/wp-json\/wp\/v2\/posts"}],"about":[{"href":"https:\/\/miurltemporal.com/main/triatletasenred.sport.es\/wp-json\/wp\/v2\/types\/post"}],"author":[{"embeddable":true,"href":"https:\/\/miurltemporal.com/main/triatletasenred.sport.es\/wp-json\/wp\/v2\/users\/351"}],"replies":[{"embeddable":true,"href":"https:\/\/miurltemporal.com/main/triatletasenred.sport.es\/wp-json\/wp\/v2\/comments?post=94127"}],"version-history":[{"count":6,"href":"https:\/\/miurltemporal.com/main/triatletasenred.sport.es\/wp-json\/wp\/v2\/posts\/94127\/revisions"}],"predecessor-version":[{"id":94146,"href":"https:\/\/miurltemporal.com/main/triatletasenred.sport.es\/wp-json\/wp\/v2\/posts\/94127\/revisions\/94146"}],"wp:featuredmedia":[{"embeddable":true,"href":"https:\/\/miurltemporal.com/main/triatletasenred.sport.es\/wp-json\/wp\/v2\/media\/94130"}],"wp:attachment":[{"href":"https:\/\/miurltemporal.com/main/triatletasenred.sport.es\/wp-json\/wp\/v2\/media?parent=94127"}],"wp:term":[{"taxonomy":"category","embeddable":true,"href":"https:\/\/miurltemporal.com/main/triatletasenred.sport.es\/wp-json\/wp\/v2\/categories?post=94127"},{"taxonomy":"post_tag","embeddable":true,"href":"https:\/\/miurltemporal.com/main/triatletasenred.sport.es\/wp-json\/wp\/v2\/tags?post=94127"}],"curies":[{"name":"wp","href":"https:\/\/api.w.org\/{rel}","templated":true}]}}