{"id":93966,"date":"2025-01-30T21:45:58","date_gmt":"2025-01-30T20:45:58","guid":{"rendered":"https:\/\/miurltemporal.com/main/triatletasenred.sport.es\/?p=93966"},"modified":"2025-01-30T21:45:58","modified_gmt":"2025-01-30T20:45:58","slug":"the-millars-uci-gran-fondo-crece-y-se-consolida-en-su-segunda-edicion","status":"publish","type":"post","link":"https:\/\/miurltemporal.com/main/triatletasenred.sport.es\/cicloturismo\/the-millars-uci-gran-fondo-crece-y-se-consolida-en-su-segunda-edicion\/","title":{"rendered":"The Millars UCI Gran Fondo crece y se consolida en su segunda edici\u00f3n"},"content":{"rendered":"<p>La cicloturista castellonense vive un incremento de la participaci\u00f3n y la presencia internacional domina las inscripciones.<\/p>\n<p><a href=\"https:\/\/www.finisher.es\" rel=\"nofollow noopener\" target=\"_blank\"><img fetchpriority=\"high\" decoding=\"async\" class=\"alignnone size-full wp-image-89764\" src=\"https:\/\/miurltemporal.com/main/triatletasenred.sport.es\/wp-content\/uploads\/Banner_finisher_750x100.jpg\" alt=\"\" width=\"750\" height=\"100\" srcset=\"https:\/\/miurltemporal.com/main/triatletasenred.sport.es\/wp-content\/uploads\/Banner_finisher_750x100.jpg 750w, https:\/\/miurltemporal.com/main/triatletasenred.sport.es\/wp-content\/uploads\/Banner_finisher_750x100-300x40.jpg 300w, https:\/\/miurltemporal.com/main/triatletasenred.sport.es\/wp-content\/uploads\/Banner_finisher_750x100-696x93.jpg 696w, https:\/\/miurltemporal.com/main/triatletasenred.sport.es\/wp-content\/uploads\/Banner_finisher_750x100-741x100.jpg 741w\" sizes=\"(max-width: 750px) 100vw, 750px\" \/><\/a><\/p>\n<p><strong>The Millars UCI Gran Fondo<\/strong> goza de los \u00faltimos compases antes de que el <strong>pr\u00f3ximo 9 de marzo<\/strong> albergue en <strong>Castell\u00f3n de la Plana<\/strong> la <strong>segunda edici\u00f3n<\/strong> de una cicloturista cuyos n\u00fameros respaldan la buena salud de un evento que proyecta convertirse en uno de los cl\u00e1sicos anuales de una zona que se ha posicionado como referente deportivo y turista para profesionales y aficionados.<\/p>\n<h4>LOS INTERNACIONALES BASE DEL CRECIMIENTO E IMPACTO ECON\u00d3MICO<\/h4>\n<hr \/>\n<p>Un atractivo especialmente llamativo fuera de las fronteras espa\u00f1oles. Los <strong>cicloturistas internacionales se erigen una vez m\u00e1s en los portadores del peso principal de la participaci\u00f3n<\/strong> como ya sucediera el curso pasado y de hecho, la potencia.<\/p>\n<p>En esta ocasi\u00f3n, la organizaci\u00f3n ha comunicado que ya <strong>se han sobrepasado los 1.400 ciclistas procedentes de 27 pa\u00edses diferentes que se dieron cita en 2024 en Vila-Real<\/strong>. En la actualidad, y a falta de m\u00e1s de un mes para cerrar inscripciones <strong>The Millars UCI Gran Fondo la prueba cuenta con 33 nacionalidades representadas, siendo Reino Unido la primera despu\u00e9s de Espa\u00f1a<\/strong>, seguido de cerca por Francia, Pa\u00edses Bajos y B\u00e9lgica.<\/p>\n<p>Seg\u00fan la concejala de Deportes de Castell\u00f3n, <strong>Maica Hurtado<\/strong>, <strong>se preve\u00eda que m\u00e1s de 5.000 personas<\/strong> entre participantes, acompa\u00f1antes, t\u00e9cnicos y p\u00fablico asistiesen al evento, reportando <strong>un beneficio superior a los 2 millones de euros<\/strong> en sectores como la hosteler\u00eda, la restauraci\u00f3n y el transporte. Previsiblemente estas cifras aumenten en consonancia al incremento de inscritos.<\/p>\n<h4>LA MONTA\u00d1A REINA DE THE MILLARS<\/h4>\n<hr \/>\n<p>Respecto al recorrido <strong>The Millars UCI Gran Fondo repite su apuesta por aprovechar y explotar la orograf\u00eda monta\u00f1osa de la provincia castellonense<\/strong> para ofrecer un circuito tan exigente como atractivo visualmente hablando. En t\u00e9rminos num\u00e9ricos, la prueba constar\u00e1 de <strong>158,1 kil\u00f3metros y aproximadamente 2.208 metros de ascenso positivo<\/strong> en los que adentrar\u00e1n en el <strong>Parque Natural de la Sierra de Espad\u00e1n<\/strong> y las subidas a los <strong>Altos<\/strong> <strong>de A\u00edn y del Salto del Caballo<\/strong> ser\u00e1n dos de los platos fuertes de la jornada. Ruta que en las pr\u00f3ximas semanas, analizaremos al mil\u00edmetro.<\/p>\n<p>Por el momento, os dejamos con la <a href=\"https:\/\/miurltemporal.com/main/triatletasenred.sport.es\/cicloturismo\/asi-vivimos-la-primera-edicion-de-the-millars-uci-world-series-gran-fondo\/\">cr\u00f3nica en primera persona de nuestro paso por la primera edici\u00f3n<\/a>.<\/p>\n<h4>LA AMBICI\u00d3N POR EL ARCO\u00cdRIS<\/h4>\n<hr \/>\n<p>Tal y como sucediera el curso pasado, los participantes se distribuir\u00e1n en <strong>20 categor\u00edas de edad<\/strong> en las que cada en cada una de ellas, el <strong>25% m\u00e1s r\u00e1pido se clasificar\u00e1 para el Mundial de Gran Fondo<\/strong> que est\u00e1 temporada se celebrar\u00e1 en <strong>Lorne<\/strong>, a lo largo de la Great Ocean Road en Victoria (Australia) entre el 16 y el 19 de octubre.<\/p>\n<h4>UN COLORIDO OBSEQUIO<\/h4>\n<hr \/>\n<p>Consigan o no el pasaporte a tierras oce\u00e1nicas, todos aquellos que participen en The Millars UCI Gran Fondo Castell\u00f3n recibir\u00e1n un <strong>maillot de manga larga<\/strong> como parte de su inscripci\u00f3n, una de las novedades de esta segunda edici\u00f3n.<\/p>\n<h4>\u00daLTIMAS INSCRIPCIONES<\/h4>\n<hr \/>\n<p>A falta de poco m\u00e1s de cuatro semanas, \u00fanicamente quedan <strong>150 dorsales disponibles<\/strong> para The Millars UCI Gran Fondo. Todos aquellos interesados que deseen hacerse con uno de ellos tienen tiempo hasta el <strong>26 de febrero<\/strong> o hasta que se agoten.<\/p>\n<p><a href=\"https:\/\/www.millarsgranfondo.com\/inscripciones\/\" rel=\"nofollow noopener\" target=\"_blank\"><span class=\"td_btn td_btn_md td_default_btn\">INSCRIPCIONES<\/span><\/a><\/p>\n<p><iframe title=\"A fondo con la Biomec\u00e1nica ciclista | Yago Alcalde - Ciclismo &amp; Rendimiento\" width=\"696\" height=\"392\" src=\"https:\/\/www.youtube.com\/embed\/eI9OjZ-3UMQ?feature=oembed\" frameborder=\"0\" allow=\"accelerometer; autoplay; clipboard-write; encrypted-media; gyroscope; picture-in-picture; web-share\" referrerpolicy=\"strict-origin-when-cross-origin\" allowfullscreen><\/iframe><\/p>\n","protected":false},"excerpt":{"rendered":"<p>La cicloturista castellonense vive un incremento de la participaci\u00f3n y la presencia internacional domina las inscripciones.<\/p>\n","protected":false},"author":351,"featured_media":93967,"comment_status":"closed","ping_status":"open","sticky":false,"template":"","format":"standard","meta":{"_acf_changed":false,"rank_math_lock_modified_date":false,"footnotes":""},"categories":[17,2833,19],"tags":[11583],"class_list":{"0":"post-93966","1":"post","2":"type-post","3":"status-publish","4":"format-standard","5":"has-post-thumbnail","7":"category-actualidad","8":"category-cicloturismo","9":"category-competiciones","10":"tag-the-millars-uci-gran-fondo"},"acf":[],"_links":{"self":[{"href":"https:\/\/miurltemporal.com/main/triatletasenred.sport.es\/wp-json\/wp\/v2\/posts\/93966"}],"collection":[{"href":"https:\/\/miurltemporal.com/main/triatletasenred.sport.es\/wp-json\/wp\/v2\/posts"}],"about":[{"href":"https:\/\/miurltemporal.com/main/triatletasenred.sport.es\/wp-json\/wp\/v2\/types\/post"}],"author":[{"embeddable":true,"href":"https:\/\/miurltemporal.com/main/triatletasenred.sport.es\/wp-json\/wp\/v2\/users\/351"}],"replies":[{"embeddable":true,"href":"https:\/\/miurltemporal.com/main/triatletasenred.sport.es\/wp-json\/wp\/v2\/comments?post=93966"}],"version-history":[{"count":1,"href":"https:\/\/miurltemporal.com/main/triatletasenred.sport.es\/wp-json\/wp\/v2\/posts\/93966\/revisions"}],"predecessor-version":[{"id":93968,"href":"https:\/\/miurltemporal.com/main/triatletasenred.sport.es\/wp-json\/wp\/v2\/posts\/93966\/revisions\/93968"}],"wp:featuredmedia":[{"embeddable":true,"href":"https:\/\/miurltemporal.com/main/triatletasenred.sport.es\/wp-json\/wp\/v2\/media\/93967"}],"wp:attachment":[{"href":"https:\/\/miurltemporal.com/main/triatletasenred.sport.es\/wp-json\/wp\/v2\/media?parent=93966"}],"wp:term":[{"taxonomy":"category","embeddable":true,"href":"https:\/\/miurltemporal.com/main/triatletasenred.sport.es\/wp-json\/wp\/v2\/categories?post=93966"},{"taxonomy":"post_tag","embeddable":true,"href":"https:\/\/miurltemporal.com/main/triatletasenred.sport.es\/wp-json\/wp\/v2\/tags?post=93966"}],"curies":[{"name":"wp","href":"https:\/\/api.w.org\/{rel}","templated":true}]}}