{"id":93743,"date":"2025-01-14T09:37:09","date_gmt":"2025-01-14T08:37:09","guid":{"rendered":"https:\/\/miurltemporal.com/main/triatletasenred.sport.es\/?p=93743"},"modified":"2025-01-14T09:37:09","modified_gmt":"2025-01-14T08:37:09","slug":"inverse-y-la-real-federacion-espanola-de-ciclismo-separan-sus-caminos","status":"publish","type":"post","link":"https:\/\/miurltemporal.com/main/triatletasenred.sport.es\/actualidad\/inverse-y-la-real-federacion-espanola-de-ciclismo-separan-sus-caminos\/","title":{"rendered":"Inverse y la Real Federaci\u00f3n Espa\u00f1ola de Ciclismo separan sus caminos"},"content":{"rendered":"<p>Tras 15 a\u00f1os de colaboraci\u00f3n ininterrumpida, esta decisi\u00f3n marca el cierre de un ciclo lleno de \u00e9xitos.<\/p>\n<p><a href=\"https:\/\/bit.ly\/4folNvT\" rel=\"nofollow noopener\" target=\"_blank\"><img fetchpriority=\"high\" decoding=\"async\" class=\"alignnone size-full wp-image-92965\" src=\"https:\/\/miurltemporal.com/main/triatletasenred.sport.es\/wp-content\/uploads\/banner-INVERSE-TRIATLON-TRIATLETAS-EN-RED-1.jpg\" alt=\"\" width=\"700\" height=\"150\" srcset=\"https:\/\/miurltemporal.com/main/triatletasenred.sport.es\/wp-content\/uploads\/banner-INVERSE-TRIATLON-TRIATLETAS-EN-RED-1.jpg 700w, https:\/\/miurltemporal.com/main/triatletasenred.sport.es\/wp-content\/uploads\/banner-INVERSE-TRIATLON-TRIATLETAS-EN-RED-1-300x64.jpg 300w, https:\/\/miurltemporal.com/main/triatletasenred.sport.es\/wp-content\/uploads\/banner-INVERSE-TRIATLON-TRIATLETAS-EN-RED-1-696x150.jpg 696w\" sizes=\"(max-width: 700px) 100vw, 700px\" \/><\/a><\/p>\n<p><strong>Inverse<\/strong>, marca l\u00edder europea en ropa ciclista, triatl\u00f3n, trail y running ha comunicado la <strong>finalizaci\u00f3n del acuerdo de patrocinio<\/strong> con la <strong>Real Federaci\u00f3n Espa\u00f1ola de Ciclismo<\/strong> (RFEC) y las diferentes selecciones de ciclismo de Espa\u00f1a en las \u00faltimas horas.<\/p>\n<p>De este modo, <strong>se pone fin a 15 a\u00f1os de una relaci\u00f3n que comenz\u00f3 en 2010<\/strong> y que llev\u00f3 a <strong>Inverse a vestir a la RFEC en todas las especialidades y competiciones del ciclismo mundial<\/strong>. Durante ese tiempo, los colores de Espa\u00f1a unidos a Inverse han brillado en escenarios como los Juegos Ol\u00edmpicos, Campeonatos del Mundo y Europeos. Tal y como se\u00f1alan desde la marca catalana \u201c<em><strong>Cada medalla y cada victoria han sido un reflejo del esfuerzo, la pasi\u00f3n y el talento de los deportistas, valores que tambi\u00e9n definen a Inverse como marca<\/strong><\/em>\u201d. No obstante, si un triunfo ha quedado en la retina del aficionado es el de <strong>Alejandro Valverde en el Mundial de Ciclismo en Ruta en Innsbruck en 2018<\/strong>. O m\u00e1s recientemente en noviembre, la hist\u00f3rica <strong>plata de Felipe Orts en el Europeo de Ciclocross de Pontevedra<\/strong>.<\/p>\n<h4>UN LEGADO DE INNOVACI\u00d3N Y COLABORACI\u00d3N<\/h4>\n<hr \/>\n<p>M\u00e1s all\u00e1 de los resultados deportivos, el v\u00ednculo entre Inverse y la RFEC as\u00ed como con los mejores ciclistas del pa\u00eds, ha permitido a la marca <strong>desarrollar e innovar t\u00e9cnicas que se adapten a las necesidad del alto rendimiento as\u00ed como evolucionar continuamente en el dise\u00f1o y tecnolog\u00eda de sus producto<\/strong>s.<\/p>\n<p>Por todo ello, desde Inverse agradecen \u201c<strong><em>profundamente a la RFEC y a los ciclistas de la selecci\u00f3n espa\u00f1ola por la confianza depositada durante todos estos a\u00f1os, as\u00ed como a los aficionados que han acompa\u00f1ado cada kil\u00f3metro recorrid<\/em>o<\/strong>\u201d en un cierre de una etapa que esperan no signifique un \u201c<strong><em>adi\u00f3s, sino un hasta pronto<\/em>\u201d<\/strong>.<\/p>\n<p>Adem\u00e1s, con la mirada puesta en el futuro <strong>Inverse<\/strong> asegura que \u201c<strong><em>seguir\u00e1 apostando por el ciclismo y el deporte en general<\/em><\/strong>\u201d, reforzando su compromiso con los atletas y aficionados que comparten la pasi\u00f3n por las dos ruedas.<\/p>\n<p><iframe title=\"Bicis de Carretera por Menos de 2000\u20ac en 2025: Las Mejores Opciones \ud83d\udc4c\ud83c\udffb\" width=\"696\" height=\"392\" src=\"https:\/\/www.youtube.com\/embed\/Z84hejGxE_4?feature=oembed\" frameborder=\"0\" allow=\"accelerometer; autoplay; clipboard-write; encrypted-media; gyroscope; picture-in-picture; web-share\" referrerpolicy=\"strict-origin-when-cross-origin\" allowfullscreen><\/iframe><\/p>\n","protected":false},"excerpt":{"rendered":"<p>Tras 15 a\u00f1os de colaboraci\u00f3n ininterrumpida, esta decisi\u00f3n marca el cierre de un ciclo lleno de \u00e9xitos.<\/p>\n","protected":false},"author":351,"featured_media":93744,"comment_status":"closed","ping_status":"open","sticky":false,"template":"","format":"standard","meta":{"_acf_changed":false,"rank_math_lock_modified_date":false,"footnotes":""},"categories":[17,2833,10639],"tags":[2056,11539],"class_list":{"0":"post-93743","1":"post","2":"type-post","3":"status-publish","4":"format-standard","5":"has-post-thumbnail","7":"category-actualidad","8":"category-cicloturismo","9":"category-portada","11":"tag-real-federacion-espanola-ciclismo"},"acf":[],"_links":{"self":[{"href":"https:\/\/miurltemporal.com/main/triatletasenred.sport.es\/wp-json\/wp\/v2\/posts\/93743"}],"collection":[{"href":"https:\/\/miurltemporal.com/main/triatletasenred.sport.es\/wp-json\/wp\/v2\/posts"}],"about":[{"href":"https:\/\/miurltemporal.com/main/triatletasenred.sport.es\/wp-json\/wp\/v2\/types\/post"}],"author":[{"embeddable":true,"href":"https:\/\/miurltemporal.com/main/triatletasenred.sport.es\/wp-json\/wp\/v2\/users\/351"}],"replies":[{"embeddable":true,"href":"https:\/\/miurltemporal.com/main/triatletasenred.sport.es\/wp-json\/wp\/v2\/comments?post=93743"}],"version-history":[{"count":2,"href":"https:\/\/miurltemporal.com/main/triatletasenred.sport.es\/wp-json\/wp\/v2\/posts\/93743\/revisions"}],"predecessor-version":[{"id":93746,"href":"https:\/\/miurltemporal.com/main/triatletasenred.sport.es\/wp-json\/wp\/v2\/posts\/93743\/revisions\/93746"}],"wp:featuredmedia":[{"embeddable":true,"href":"https:\/\/miurltemporal.com/main/triatletasenred.sport.es\/wp-json\/wp\/v2\/media\/93744"}],"wp:attachment":[{"href":"https:\/\/miurltemporal.com/main/triatletasenred.sport.es\/wp-json\/wp\/v2\/media?parent=93743"}],"wp:term":[{"taxonomy":"category","embeddable":true,"href":"https:\/\/miurltemporal.com/main/triatletasenred.sport.es\/wp-json\/wp\/v2\/categories?post=93743"},{"taxonomy":"post_tag","embeddable":true,"href":"https:\/\/miurltemporal.com/main/triatletasenred.sport.es\/wp-json\/wp\/v2\/tags?post=93743"}],"curies":[{"name":"wp","href":"https:\/\/api.w.org\/{rel}","templated":true}]}}