{"id":93685,"date":"2025-01-09T18:34:11","date_gmt":"2025-01-09T17:34:11","guid":{"rendered":"https:\/\/miurltemporal.com/main/triatletasenred.sport.es\/?p=93685"},"modified":"2025-01-09T18:34:11","modified_gmt":"2025-01-09T17:34:11","slug":"el-maraton-de-barcelona-bate-record-de-inscritos-con-27-000-participantes","status":"publish","type":"post","link":"https:\/\/miurltemporal.com/main/triatletasenred.sport.es\/actualidad\/el-maraton-de-barcelona-bate-record-de-inscritos-con-27-000-participantes\/","title":{"rendered":"El marat\u00f3n de Barcelona bate r\u00e9cord de inscritos con 27.000 participantes"},"content":{"rendered":"<p>El evento de la Ciudad Condal agota inscripciones y se suma al furor generalizado que est\u00e1n viviendo las pruebas de dicha distancia.<\/p>\n<p><a href=\"https:\/\/tidd.ly\/4dZfvC1\" rel=\"nofollow noopener\" target=\"_blank\"><img fetchpriority=\"high\" decoding=\"async\" class=\"alignnone size-full wp-image-92332\" src=\"https:\/\/miurltemporal.com/main/triatletasenred.sport.es\/wp-content\/uploads\/Banner-HOKA700x100px_Mach-X-2.jpg\" alt=\"\" width=\"700\" height=\"100\" srcset=\"https:\/\/miurltemporal.com/main/triatletasenred.sport.es\/wp-content\/uploads\/Banner-HOKA700x100px_Mach-X-2.jpg 700w, https:\/\/miurltemporal.com/main/triatletasenred.sport.es\/wp-content\/uploads\/Banner-HOKA700x100px_Mach-X-2-300x43.jpg 300w, https:\/\/miurltemporal.com/main/triatletasenred.sport.es\/wp-content\/uploads\/Banner-HOKA700x100px_Mach-X-2-696x100.jpg 696w\" sizes=\"(max-width: 700px) 100vw, 700px\" \/><\/a><\/p>\n<p><strong>&#8220;<em>El pr\u00f3ximo 16 de marzo esperamos celebrar la Marat\u00f3 de los r\u00e9cords<\/em>&#8220;<\/strong> es la orgullosa declaraci\u00f3n de <strong>Mauro Llorens<\/strong>, el director de la prueba. No es para menos y es que, al igual que sucediera en las \u00faltimas semanas con Valencia y Sevilla, el <strong>Zurich Marat\u00f3n de Barcelona<\/strong> ha vendido todos los <strong>27.000 dorsales<\/strong> que pon\u00eda en liza para su <strong>46\u00aa edici\u00f3n<\/strong>.<\/p>\n<p>Un <em>sold out<\/em> a m\u00e1s de dos meses vista que <strong>llega despu\u00e9s de que la cita catalana alcanzase sobradamente los 25.000 dorsales previstos inicialmente y ampliase en 2.000 m\u00e1s el cupo<\/strong> para este 2025 replicando el fen\u00f3meno que\u00a0 ya se vivi\u00f3 en la capital hispalense. Unos n\u00fameros con los que <strong>supera holgadamente los 20.385 corredores de 2016<\/strong> y que hasta la fecha supon\u00edan la cifra r\u00e9cord para el evento barcelon\u00e9s. En otras palabras, casi una d\u00e9cada despu\u00e9s, habr\u00e1 <strong>un 32% m\u00e1s de atletas<\/strong> recorriendo las calles m\u00e1s emblem\u00e1ticas de la capital.<\/p>\n<p>De esta forma, <strong>Zurich Marat\u00f3n de Barcelona se consolida como el segundo evento m\u00e1s multitudinario a nivel espa\u00f1ol<\/strong> <strong>detr\u00e1s del Marat\u00f3n de Valencia<\/strong> que el pasado 1 de diciembre congreg\u00f3 a <strong>35.000 competidores.<\/strong><\/p>\n<p>Pasada la crisis que este tipo de pruebas tuvieron que hacer frente en contexto post pand\u00e9mico, parece que la fiebre por los 42.195 regresa m\u00e1s fuerte que nunca en todo el territorio. Un <strong>crecimiento generalizado que seg\u00fan califica Llorens est\u00e1 siendo &#8220;<em>exponencial<\/em>&#8220;,<\/strong> y cuya radiograf\u00eda se explica indudablemente desde el <strong>derrotero internacionalista<\/strong> que ha tomado Barcelona. Un grupo que el <strong>curso pasado<\/strong> ya signific\u00f3 el <strong>57%<\/strong> de los participantes.<\/p>\n<p><iframe title=\"Bicis de Carretera por Menos de 2000\u20ac en 2025: Las Mejores Opciones \ud83d\udc4c\ud83c\udffb\" width=\"696\" height=\"392\" src=\"https:\/\/www.youtube.com\/embed\/Z84hejGxE_4?feature=oembed\" frameborder=\"0\" allow=\"accelerometer; autoplay; clipboard-write; encrypted-media; gyroscope; picture-in-picture; web-share\" referrerpolicy=\"strict-origin-when-cross-origin\" allowfullscreen><\/iframe><\/p>\n","protected":false},"excerpt":{"rendered":"<p>El evento de la Ciudad Condal agota inscripciones y se suma al furor generalizado que est\u00e1n viviendo las pruebas de dicha distancia.<\/p>\n","protected":false},"author":351,"featured_media":93689,"comment_status":"closed","ping_status":"open","sticky":false,"template":"","format":"standard","meta":{"_acf_changed":false,"rank_math_lock_modified_date":false,"footnotes":""},"categories":[17,1192],"tags":[11526],"class_list":{"0":"post-93685","1":"post","2":"type-post","3":"status-publish","4":"format-standard","5":"has-post-thumbnail","7":"category-actualidad","8":"category-running","9":"tag-zurich-marato-barcelona-2025"},"acf":[],"_links":{"self":[{"href":"https:\/\/miurltemporal.com/main/triatletasenred.sport.es\/wp-json\/wp\/v2\/posts\/93685"}],"collection":[{"href":"https:\/\/miurltemporal.com/main/triatletasenred.sport.es\/wp-json\/wp\/v2\/posts"}],"about":[{"href":"https:\/\/miurltemporal.com/main/triatletasenred.sport.es\/wp-json\/wp\/v2\/types\/post"}],"author":[{"embeddable":true,"href":"https:\/\/miurltemporal.com/main/triatletasenred.sport.es\/wp-json\/wp\/v2\/users\/351"}],"replies":[{"embeddable":true,"href":"https:\/\/miurltemporal.com/main/triatletasenred.sport.es\/wp-json\/wp\/v2\/comments?post=93685"}],"version-history":[{"count":1,"href":"https:\/\/miurltemporal.com/main/triatletasenred.sport.es\/wp-json\/wp\/v2\/posts\/93685\/revisions"}],"predecessor-version":[{"id":93690,"href":"https:\/\/miurltemporal.com/main/triatletasenred.sport.es\/wp-json\/wp\/v2\/posts\/93685\/revisions\/93690"}],"wp:featuredmedia":[{"embeddable":true,"href":"https:\/\/miurltemporal.com/main/triatletasenred.sport.es\/wp-json\/wp\/v2\/media\/93689"}],"wp:attachment":[{"href":"https:\/\/miurltemporal.com/main/triatletasenred.sport.es\/wp-json\/wp\/v2\/media?parent=93685"}],"wp:term":[{"taxonomy":"category","embeddable":true,"href":"https:\/\/miurltemporal.com/main/triatletasenred.sport.es\/wp-json\/wp\/v2\/categories?post=93685"},{"taxonomy":"post_tag","embeddable":true,"href":"https:\/\/miurltemporal.com/main/triatletasenred.sport.es\/wp-json\/wp\/v2\/tags?post=93685"}],"curies":[{"name":"wp","href":"https:\/\/api.w.org\/{rel}","templated":true}]}}