{"id":93494,"date":"2024-12-18T12:07:34","date_gmt":"2024-12-18T11:07:34","guid":{"rendered":"https:\/\/miurltemporal.com/main/triatletasenred.sport.es\/?p=93494"},"modified":"2024-12-18T12:07:34","modified_gmt":"2024-12-18T11:07:34","slug":"antonio-benito-ficha-por-bmc-un-paso-mas","status":"publish","type":"post","link":"https:\/\/miurltemporal.com/main/triatletasenred.sport.es\/actualidad\/antonio-benito-ficha-por-bmc-un-paso-mas\/","title":{"rendered":"Antonio Benito ficha por BMC: &#8220;Un paso m\u00e1s&#8221;"},"content":{"rendered":"<p>El manchego firma para la pr\u00f3xima temporada con la marca de bicicletas y equipo de triatl\u00f3n suizo.<\/p>\n<p><a href=\"https:\/\/bit.ly\/3ze32ee\" rel=\"nofollow noopener\" target=\"_blank\"><img fetchpriority=\"high\" decoding=\"async\" class=\"alignnone size-full wp-image-91161\" src=\"https:\/\/miurltemporal.com/main/triatletasenred.sport.es\/wp-content\/uploads\/banner-inverse-verano-24b.jpg\" alt=\"\" width=\"700\" height=\"150\" srcset=\"https:\/\/miurltemporal.com/main/triatletasenred.sport.es\/wp-content\/uploads\/banner-inverse-verano-24b.jpg 700w, https:\/\/miurltemporal.com/main/triatletasenred.sport.es\/wp-content\/uploads\/banner-inverse-verano-24b-300x64.jpg 300w, https:\/\/miurltemporal.com/main/triatletasenred.sport.es\/wp-content\/uploads\/banner-inverse-verano-24b-696x150.jpg 696w\" sizes=\"(max-width: 700px) 100vw, 700px\" \/><\/a><\/p>\n<p>El salto internacional de Antonio Benito parece imparable y su impacto y resultados m\u00e1s all\u00e1 de las fronteras espa\u00f1olas ha captado el inter\u00e9s de <strong>BMC <em>Pro Triathlon Team\u00a0<\/em><\/strong>para el cual competir\u00e1 y le proveer\u00e1 la bicicleta en 2025.<\/p>\n<h4>&#8220;OPORTUNIDAD INCRE\u00cdBLE PARA SEGUIR MEJORANDO MI CARRERA&#8221;<\/h4>\n<hr \/>\n<p>La reacci\u00f3n de Benito no se ha hecho esperar y una vez oficializado por parte de BMC, el espa\u00f1ol ha <a href=\"https:\/\/www.instagram.com\/reel\/DDttaqENRkB\/?utm_source=ig_web_copy_link&amp;igsh=MzRlODBiNWFlZA==\" rel=\"nofollow noopener\" target=\"_blank\">expresado en redes<\/a> su emoci\u00f3n por este cambio en su vida profesional. &#8220;<em><strong>Emocionado de anunciar que me he unido a <a class=\"x1i10hfl xjbqb8w x1ejq31n xd10rxx x1sy0etr x17r0tee x972fbf xcfux6l x1qhh985 xm0m39n x9f619 x1ypdohk xt0psk2 xe8uvvx xdj266r x11i5rnm xat24cr x1mh8g0r xexx8yu x4uap5 x18d9i69 xkhd6sd x16tdsg8 x1hl2dhg xggy1nq x1a2a7pz notranslate _a6hd\" tabindex=\"0\" role=\"link\" href=\"https:\/\/www.instagram.com\/bmcprotri\/\" rel=\"nofollow noopener\" target=\"_blank\">@bmcprotri<\/a> para la pr\u00f3xima temporada! Otro paso en este incre\u00edble viaje &#8220;<\/strong><\/em>.<\/p>\n<p>Algo m\u00e1s se explayaba para con la comunicaci\u00f3n de BMC donde Benito se\u00f1alaba el porqu\u00e9 de su elecci\u00f3n &#8220;<strong><em>Estoy emocionado de unirme al BMC Pro Triathlon Team porque ofrece una oportunidad incre\u00edble para seguir mejorando mi carrera deportiva, adem\u00e1s de la oportunidad de estar rodeado de grandes atletas y un personal incre\u00edble<\/em><\/strong>&#8220;.<\/p>\n<h5>OBJETIVOS DEFINIDOS: LA DIANA EN NIZA<\/h5>\n<p>As\u00ed como los objetivos que se propone mientras &#8220;pilote&#8221; su nuevo &#8220;juguete&#8221;: &#8220;<strong>Espero seguir mejorando y rendir al m\u00e1s alto nivel en las competiciones internacionales&#8221;<\/strong>, mientras que ya apunta a Niza como su meta principal: &#8220;<strong><em>Para la temporada 2025, mis ambiciones son claras: quiero competir al m\u00e1s alto nivel en las principales pruebas de triatl\u00f3n de media y larga distancia. Con especial foco en el Campeonato del Mundo de Ironman<\/em><\/strong>&#8220;.<\/p>\n<h5>EL POTENCIAL INTERNACIONAL DE BMC CLAVE<\/h5>\n<p>Adem\u00e1s, el espa\u00f1ol ha querido incidir en la importancia y el <strong>peso de BMC como estructura y lo que esto implica de log\u00edstica, apoyo y planificaci\u00f3n a nivel internacional <\/strong>se refiere &#8220;<strong><em>Como equipo, es incre\u00edble contar con su apoyo, desde la preparaci\u00f3n f\u00edsica hasta la estrategia de carrera. Tener a este grupo de profesionales detr\u00e1s de m\u00ed me motivar\u00e1 a lograr mis metas. Juntos, podemos trabajar para optimizar cada detalle y lograr el m\u00e1ximo rendimiento&#8221;.<\/em><\/strong><\/p>\n<p>Benito no llega solo, sino que lo hace acompa\u00f1ado de Laura Madsen y Miguel Hidalgo. All\u00ed coincidir\u00e1 con <strong>Lucy Byram, Sam Dickinson, Thor Bendix Madsen y Cl\u00e9ment Mignon.\u00a0<\/strong> En cambio, Chris Leiferman, Kristian H\u00f8genhaug y Lucy Buckingham lo abandonan.<\/p>\n<h5>LA HUELLA DE DAPENA<\/h5>\n<p>Con la confirmaci\u00f3n hecha, cabe recordar que para Benito esta no ser\u00e1 una organizaci\u00f3n extra\u00f1a. Si bien ser\u00e1 su primer contacto, lo cierto es que existe un nexo de uni\u00f3n previo y es que sigue los pasos de su entrenador, el extriatleta <strong>Pablo Dapena quien a finales de 2018 oficializaba su relaci\u00f3n con los helv\u00e9ticos.<\/strong><\/p>\n<h4>ADI\u00d3S AL BINOMIO CON ORBEA<\/h4>\n<hr \/>\n<p>De esta forma, Benito finaliza su vinculaci\u00f3n de dos a\u00f1os con <strong>Orbea.<\/strong> Su uni\u00f3n se sell\u00f3 en <strong>2023<\/strong>, un curso despu\u00e9s del salto del &#8220;mel\u00f3n&#8221; a la media distancia y en la recientemente clausurada temporada <strong>2024<\/strong>, el espa\u00f1ol utiliz\u00f3 de <a href=\"https:\/\/miurltemporal.com/main/triatletasenred.sport.es\/actualidad\/la-nueva-maquina-de-antonio-benito\/\">manera habitual una <strong>Orbea Ordu<\/strong><\/a>.<\/p>\n<p><iframe title=\"Reaccionamos al Mundial IRONMAN 70.3 Taupo Con Pello Osoro\" width=\"696\" height=\"392\" src=\"https:\/\/www.youtube.com\/embed\/f-PiAwj03N0?feature=oembed\" frameborder=\"0\" allow=\"accelerometer; autoplay; clipboard-write; encrypted-media; gyroscope; picture-in-picture; web-share\" referrerpolicy=\"strict-origin-when-cross-origin\" allowfullscreen><\/iframe><\/p>\n","protected":false},"excerpt":{"rendered":"<p>El manchego firma para la pr\u00f3xima temporada con la marca de bicicletas y equipo de triatl\u00f3n suizo.<\/p>\n","protected":false},"author":351,"featured_media":92779,"comment_status":"closed","ping_status":"open","sticky":false,"template":"","format":"standard","meta":{"_acf_changed":false,"rank_math_lock_modified_date":false,"footnotes":""},"categories":[17,4375,10639],"tags":[3812,11498],"class_list":{"0":"post-93494","1":"post","2":"type-post","3":"status-publish","4":"format-standard","5":"has-post-thumbnail","7":"category-actualidad","8":"category-bicicletas","9":"category-portada","10":"tag-antonio-benito","11":"tag-antonio-benito-bmc"},"acf":[],"_links":{"self":[{"href":"https:\/\/miurltemporal.com/main/triatletasenred.sport.es\/wp-json\/wp\/v2\/posts\/93494"}],"collection":[{"href":"https:\/\/miurltemporal.com/main/triatletasenred.sport.es\/wp-json\/wp\/v2\/posts"}],"about":[{"href":"https:\/\/miurltemporal.com/main/triatletasenred.sport.es\/wp-json\/wp\/v2\/types\/post"}],"author":[{"embeddable":true,"href":"https:\/\/miurltemporal.com/main/triatletasenred.sport.es\/wp-json\/wp\/v2\/users\/351"}],"replies":[{"embeddable":true,"href":"https:\/\/miurltemporal.com/main/triatletasenred.sport.es\/wp-json\/wp\/v2\/comments?post=93494"}],"version-history":[{"count":2,"href":"https:\/\/miurltemporal.com/main/triatletasenred.sport.es\/wp-json\/wp\/v2\/posts\/93494\/revisions"}],"predecessor-version":[{"id":93498,"href":"https:\/\/miurltemporal.com/main/triatletasenred.sport.es\/wp-json\/wp\/v2\/posts\/93494\/revisions\/93498"}],"wp:featuredmedia":[{"embeddable":true,"href":"https:\/\/miurltemporal.com/main/triatletasenred.sport.es\/wp-json\/wp\/v2\/media\/92779"}],"wp:attachment":[{"href":"https:\/\/miurltemporal.com/main/triatletasenred.sport.es\/wp-json\/wp\/v2\/media?parent=93494"}],"wp:term":[{"taxonomy":"category","embeddable":true,"href":"https:\/\/miurltemporal.com/main/triatletasenred.sport.es\/wp-json\/wp\/v2\/categories?post=93494"},{"taxonomy":"post_tag","embeddable":true,"href":"https:\/\/miurltemporal.com/main/triatletasenred.sport.es\/wp-json\/wp\/v2\/tags?post=93494"}],"curies":[{"name":"wp","href":"https:\/\/api.w.org\/{rel}","templated":true}]}}