{"id":93473,"date":"2024-12-17T17:24:40","date_gmt":"2024-12-17T16:24:40","guid":{"rendered":"https:\/\/miurltemporal.com/main/triatletasenred.sport.es\/?p=93473"},"modified":"2024-12-17T17:24:40","modified_gmt":"2024-12-17T16:24:40","slug":"navarra-tendra-un-centro-de-tecnificacion-nacional-de-triatlon-en-2025","status":"publish","type":"post","link":"https:\/\/miurltemporal.com/main/triatletasenred.sport.es\/actualidad\/navarra-tendra-un-centro-de-tecnificacion-nacional-de-triatlon-en-2025\/","title":{"rendered":"Navarra tendr\u00e1 un centro de tecnificaci\u00f3n nacional de Triatl\u00f3n en 2025"},"content":{"rendered":"<p>La comunidad navarra contin\u00faa impulsando el triatl\u00f3n con la firma de este nuevo convenio con la Federaci\u00f3n Espa\u00f1ola de Triatl\u00f3n.<\/p>\n<p><a href=\"https:\/\/bit.ly\/4folNvT\" rel=\"nofollow noopener\" target=\"_blank\"><img fetchpriority=\"high\" decoding=\"async\" class=\"alignnone size-full wp-image-92965\" src=\"https:\/\/miurltemporal.com/main/triatletasenred.sport.es\/wp-content\/uploads\/banner-INVERSE-TRIATLON-TRIATLETAS-EN-RED-1.jpg\" alt=\"\" width=\"700\" height=\"150\" srcset=\"https:\/\/miurltemporal.com/main/triatletasenred.sport.es\/wp-content\/uploads\/banner-INVERSE-TRIATLON-TRIATLETAS-EN-RED-1.jpg 700w, https:\/\/miurltemporal.com/main/triatletasenred.sport.es\/wp-content\/uploads\/banner-INVERSE-TRIATLON-TRIATLETAS-EN-RED-1-300x64.jpg 300w, https:\/\/miurltemporal.com/main/triatletasenred.sport.es\/wp-content\/uploads\/banner-INVERSE-TRIATLON-TRIATLETAS-EN-RED-1-696x150.jpg 696w\" sizes=\"(max-width: 700px) 100vw, 700px\" \/><\/a><\/p>\n<p>Hace apenas unos d\u00edas se presentaba el primer <a href=\"https:\/\/miurltemporal.com/main/triatletasenred.sport.es\/actualidad\/nace-el-circuito-navarro-riojano-de-triatlon-2025\/\">Circuito Navarro-Riojano<\/a> para la temporada 2025, ahora el territorio foral refuerza su apuesta por este deporte al anunciar que el <strong>Instituto Navarro del Deporte y de la Actividad F\u00edsica<\/strong> (INDAF) y las <strong>federaciones Navarra y Espa\u00f1ola de Triatl\u00f3n<\/strong> han sellado un acuerdo por el cual <strong>un m\u00e1ximo de 10 triatletas auton\u00f3micos podr\u00e1n desarrollar su potencial dentro de un programa de tecnificaci\u00f3n estatal en el Estadio Larrabide de Pamplona en 2025.<\/strong><\/p>\n<h4>PRESERVACI\u00d3N DE LA CANTERA NAVARRA<\/h4>\n<hr \/>\n<p>El Director Gerente del INDAF,<strong> Jorge Aguirre<\/strong>, ha se\u00f1alado la importancia de este centro que va a permitir \u201c<strong><em>retener el talento del triatl\u00f3n navarro en nuestra comunidad acercando entrenamientos de alto nivel a nuestros deportistas de manera que se vean beneficiados tambi\u00e9n las personas t\u00e9cnicas que las entrenan<\/em><\/strong>\u201d.<\/p>\n<h5>LOS CRITERIOS DE SELECCI\u00d3N<\/h5>\n<p>Seg\u00fan se establece en el acuerdo alcanzado, <strong>el programa seleccionar\u00e1 a un m\u00e1ximo de 6 deportistas en r\u00e9gimen de internado, la mitad al menos de origen navarro; y hasta a un m\u00e1ximo de cuatro de forma externa,<\/strong> tambi\u00e9n navarros; pertenecientes a las <strong>categor\u00edas juvenil de segundo a\u00f1o, junior, sub-23 o absoluta<\/strong>, y que cuenten con licencia federativa en equipos de la Comunidad Foral.<\/p>\n<h4>FETRI E INDAF, ROLES\u00a0 DE COLABORACI\u00d3N BIEN DEFINIDOS<\/h4>\n<hr \/>\n<p>Sin embargo, la selecci\u00f3n de los triatletas depender\u00e1 exclusivamente de la Federaci\u00f3n Espa\u00f1ola de Triatl\u00f3n que ser\u00e1 quien establezca los requisitos m\u00ednimos de acceso y convocatorias a dichas becas. Adem\u00e1s, el compromiso de la <strong>FETRI<\/strong> va m\u00e1s all\u00e1 y ser\u00e1 el organismo <strong>responsable de la contrataci\u00f3n del personal t\u00e9cnico, del suministro de materiales y de la planificaci\u00f3n deportiva, as\u00ed como de la evaluaci\u00f3n del rendimiento de las personas<\/strong> participantes en el programa.<\/p>\n<h5>DEPORTE Y ESTUDIOS SE DAN LA MANO<\/h5>\n<p>Rendimiento deportivo, pero tambi\u00e9n acad\u00e9mico y es que, tal y como se\u00f1alan, la actividad f\u00edsica deber\u00e1 ir acompa\u00f1ada de una adecuada formaci\u00f3n acad\u00e9mica, de tal forma que se garantice la formaci\u00f3n integral de los y las deportistas.<\/p>\n<h5>EL PAPEL DE LA INDAF<\/h5>\n<p>Por su parte, el INDAF pondr\u00e1 a disposici\u00f3n de este programa las instalaciones del <strong>Centro de Tecnificaci\u00f3n de Larrabide, el Centro de Estudios, Investigaci\u00f3n y Medicina del Deporte (CEIMD) y la Residencia Fuerte del Pr\u00edncipe<\/strong>.<\/p>\n<h5>M\u00c1S ACTIVIDADES<\/h5>\n<p>Adicionalmente, el convenio tambi\u00e9n incluye el <strong>compromiso de la FETRI de desarrollar en el Estadio Larrabide otras actividades de tecnificaci\u00f3n deportiva<\/strong> como podr\u00eda ser alguna de las concentraciones estivales contempladas en el Plan Nacional de Tecnificaci\u00f3n Deportiva.<\/p>\n<p><iframe title=\"Reaccionamos al Mundial IRONMAN 70.3 Taupo Con Pello Osoro\" width=\"696\" height=\"392\" src=\"https:\/\/www.youtube.com\/embed\/f-PiAwj03N0?feature=oembed\" frameborder=\"0\" allow=\"accelerometer; autoplay; clipboard-write; encrypted-media; gyroscope; picture-in-picture; web-share\" referrerpolicy=\"strict-origin-when-cross-origin\" allowfullscreen><\/iframe><\/p>\n","protected":false},"excerpt":{"rendered":"<p>La comunidad navarra contin\u00faa impulsando el triatl\u00f3n con la firma de este nuevo convenio con la Federaci\u00f3n Espa\u00f1ola de Triatl\u00f3n.<\/p>\n","protected":false},"author":351,"featured_media":93474,"comment_status":"closed","ping_status":"open","sticky":false,"template":"","format":"standard","meta":{"_acf_changed":false,"rank_math_lock_modified_date":false,"footnotes":""},"categories":[17,10639],"tags":[11497,11496],"class_list":{"0":"post-93473","1":"post","2":"type-post","3":"status-publish","4":"format-standard","5":"has-post-thumbnail","7":"category-actualidad","8":"category-portada","9":"tag-centro-tecnificacion-triatlon-navarra","10":"tag-navarra-triatlon"},"acf":[],"_links":{"self":[{"href":"https:\/\/miurltemporal.com/main/triatletasenred.sport.es\/wp-json\/wp\/v2\/posts\/93473"}],"collection":[{"href":"https:\/\/miurltemporal.com/main/triatletasenred.sport.es\/wp-json\/wp\/v2\/posts"}],"about":[{"href":"https:\/\/miurltemporal.com/main/triatletasenred.sport.es\/wp-json\/wp\/v2\/types\/post"}],"author":[{"embeddable":true,"href":"https:\/\/miurltemporal.com/main/triatletasenred.sport.es\/wp-json\/wp\/v2\/users\/351"}],"replies":[{"embeddable":true,"href":"https:\/\/miurltemporal.com/main/triatletasenred.sport.es\/wp-json\/wp\/v2\/comments?post=93473"}],"version-history":[{"count":2,"href":"https:\/\/miurltemporal.com/main/triatletasenred.sport.es\/wp-json\/wp\/v2\/posts\/93473\/revisions"}],"predecessor-version":[{"id":93495,"href":"https:\/\/miurltemporal.com/main/triatletasenred.sport.es\/wp-json\/wp\/v2\/posts\/93473\/revisions\/93495"}],"wp:featuredmedia":[{"embeddable":true,"href":"https:\/\/miurltemporal.com/main/triatletasenred.sport.es\/wp-json\/wp\/v2\/media\/93474"}],"wp:attachment":[{"href":"https:\/\/miurltemporal.com/main/triatletasenred.sport.es\/wp-json\/wp\/v2\/media?parent=93473"}],"wp:term":[{"taxonomy":"category","embeddable":true,"href":"https:\/\/miurltemporal.com/main/triatletasenred.sport.es\/wp-json\/wp\/v2\/categories?post=93473"},{"taxonomy":"post_tag","embeddable":true,"href":"https:\/\/miurltemporal.com/main/triatletasenred.sport.es\/wp-json\/wp\/v2\/tags?post=93473"}],"curies":[{"name":"wp","href":"https:\/\/api.w.org\/{rel}","templated":true}]}}