{"id":93072,"date":"2024-11-20T15:14:08","date_gmt":"2024-11-20T14:14:08","guid":{"rendered":"https:\/\/miurltemporal.com/main/triatletasenred.sport.es\/?p=93072"},"modified":"2024-11-20T15:14:08","modified_gmt":"2024-11-20T14:14:08","slug":"rico-bogen-demuestra-a-todos-no-ser-un-one-hit-wonder","status":"publish","type":"post","link":"https:\/\/miurltemporal.com/main/triatletasenred.sport.es\/actualidad\/rico-bogen-demuestra-a-todos-no-ser-un-one-hit-wonder\/","title":{"rendered":"Rico Bogen demuestra a todos no ser un \u2018One Hit Wonder\u2019"},"content":{"rendered":"<p>El alem\u00e1n se consolida en la \u00e9lite tras finalizar tercero en la clasificaci\u00f3n general de las T100 World Triathlon Tour y se \u00a1sorprende a si mismo!<\/p>\n<p><img fetchpriority=\"high\" decoding=\"async\" class=\"alignnone size-full wp-image-92332\" src=\"https:\/\/miurltemporal.com/main/triatletasenred.sport.es\/wp-content\/uploads\/Banner-HOKA700x100px_Mach-X-2.jpg\" alt=\"\" width=\"700\" height=\"100\" srcset=\"https:\/\/miurltemporal.com/main/triatletasenred.sport.es\/wp-content\/uploads\/Banner-HOKA700x100px_Mach-X-2.jpg 700w, https:\/\/miurltemporal.com/main/triatletasenred.sport.es\/wp-content\/uploads\/Banner-HOKA700x100px_Mach-X-2-300x43.jpg 300w, https:\/\/miurltemporal.com/main/triatletasenred.sport.es\/wp-content\/uploads\/Banner-HOKA700x100px_Mach-X-2-696x100.jpg 696w\" sizes=\"(max-width: 700px) 100vw, 700px\" \/><\/p>\n<p>La segunda posici\u00f3n en la carrera y el podio de <strong>Rico Bogen<\/strong> en la clasificaci\u00f3n general fue uno de los grandes \u00edtems de la <strong>Gran Final de Las T100 World Triathlon Tour<\/strong> que coron\u00f3 al ganador parcial y global que todo el mundo esperaba. Un resultado con el que el teut\u00f3n ha desmontado uno de los grandes mitos que se asociaban a \u00e9l, roto una de las barreras m\u00e1s importantes en su carrera y reafirmado inesperadamente a si mismo.<\/p>\n<h4>&#8220;QUER\u00cdA DEMOSTRAR A LOS DEM\u00c1S QUE POD\u00cdA CON EL CALOR&#8221;<\/h4>\n<hr \/>\n<p>Un Bogen carburando en un enclave extremadamente caluroso y h\u00famedo como Dub\u00e1i no entraba en las quinielas de nadie, acusado de fallar siempre en esas condiciones. Algo que su actuaci\u00f3n desminti\u00f3 y demostr\u00f3 el trabajo detr\u00e1s de esa posici\u00f3n. Un hecho del que el alem\u00e1n saca pecho ante los que le cuestionaron \u00ab<strong><em>Mucha gente dec\u00eda que no pod\u00eda soportar el calor y eso me desafi\u00f3 y pens\u00e9, \u00bfc\u00f3mo puedo soportarlo? Entren\u00e9 mucho y el equipo que me rodeaba lo resolvi\u00f3 y ahora puedo decir, s\u00ed, puedo hacerlo, tambi\u00e9n puedo soportar el calor. Estoy muy orgulloso y ahora puede luchar tanto en el fr\u00edo como en el calor<\/em><\/strong>\u00bb.<\/p>\n<h4>UN TOP3 INESPERADO: &#8220;<em>ES UNA LOCURA<\/em>&#8220;<\/h4>\n<hr \/>\n<p>\u00ab<strong><em>El objetivo principal era permanecer en el TOP10, pens\u00e9 que el octavo estar\u00eda bien y ahora estoy tercero. Es una locura<\/em><\/strong>\u00bb es la gran confesi\u00f3n de Bogen, que ni en sus mejores sue\u00f1os, ni con ese salto de calidad esperaba acabar tan arriba en todos los sentidos y con ello sumar su primer gran logro en la \u00e9lite tras conquistar el Campeonato Mundial de Ironman 70.3 de 2023. Adi\u00f3s a su condici\u00f3n de \u2018<strong><em>one hit wonder\u2019<\/em><\/strong>.<\/p>\n<h4>LA IMPORTANCIA DEL EQUIPO EN EL TRIATL\u00d3N PRO<\/h4>\n<hr \/>\n<p>Rendimiento del que apunta a su equipo como responsable. Un punto en el que ha querido incidir dentro del nuevo paradigma del triatl\u00f3n. \u00a0\u00ab<strong><em>Creo que el triatl\u00f3n es un deporte complejo, por lo que no puedes hacerlo solo y necesitas un equipo para hacer las cosas bien<\/em><\/strong>\u00bb. Algo que va tanto en lo deportivo, como respecto a factores externos como la presi\u00f3n medi\u00e1tica. \u00ab<strong><em>El a\u00f1o pasado, despu\u00e9s de ciertos resultados, los medios de comunicaci\u00f3n se me echaron encima y fue genial para hacer las cosas bien tener un equipo<\/em><\/strong>\u00bb.<\/p>\n<p><iframe title=\"Triatlon en Vena  ANTONIO SERRAT : La importancia de renovar est\u00edmulos para seguir creciendo \ud83d\udcaa\" width=\"696\" height=\"392\" src=\"https:\/\/www.youtube.com\/embed\/AlSUmCPMOyc?feature=oembed\" frameborder=\"0\" allow=\"accelerometer; autoplay; clipboard-write; encrypted-media; gyroscope; picture-in-picture; web-share\" referrerpolicy=\"strict-origin-when-cross-origin\" allowfullscreen><\/iframe><\/p>\n","protected":false},"excerpt":{"rendered":"<p>El alem\u00e1n se consolida en la \u00e9lite tras finalizar tercero en la clasificaci\u00f3n general de las T100 World Triathlon Tour y se \u00a1sorprende a si mismo!<\/p>\n","protected":false},"author":351,"featured_media":93079,"comment_status":"closed","ping_status":"open","sticky":false,"template":"","format":"standard","meta":{"_acf_changed":false,"rank_math_lock_modified_date":false,"footnotes":""},"categories":[17,10639],"tags":[10647,11289,11114],"class_list":{"0":"post-93072","1":"post","2":"type-post","3":"status-publish","4":"format-standard","5":"has-post-thumbnail","7":"category-actualidad","8":"category-portada","9":"tag-rico-bogen","10":"tag-t100-dubai","11":"tag-t100-triathlon-world-tour"},"acf":[],"_links":{"self":[{"href":"https:\/\/miurltemporal.com/main/triatletasenred.sport.es\/wp-json\/wp\/v2\/posts\/93072"}],"collection":[{"href":"https:\/\/miurltemporal.com/main/triatletasenred.sport.es\/wp-json\/wp\/v2\/posts"}],"about":[{"href":"https:\/\/miurltemporal.com/main/triatletasenred.sport.es\/wp-json\/wp\/v2\/types\/post"}],"author":[{"embeddable":true,"href":"https:\/\/miurltemporal.com/main/triatletasenred.sport.es\/wp-json\/wp\/v2\/users\/351"}],"replies":[{"embeddable":true,"href":"https:\/\/miurltemporal.com/main/triatletasenred.sport.es\/wp-json\/wp\/v2\/comments?post=93072"}],"version-history":[{"count":1,"href":"https:\/\/miurltemporal.com/main/triatletasenred.sport.es\/wp-json\/wp\/v2\/posts\/93072\/revisions"}],"predecessor-version":[{"id":93080,"href":"https:\/\/miurltemporal.com/main/triatletasenred.sport.es\/wp-json\/wp\/v2\/posts\/93072\/revisions\/93080"}],"wp:featuredmedia":[{"embeddable":true,"href":"https:\/\/miurltemporal.com/main/triatletasenred.sport.es\/wp-json\/wp\/v2\/media\/93079"}],"wp:attachment":[{"href":"https:\/\/miurltemporal.com/main/triatletasenred.sport.es\/wp-json\/wp\/v2\/media?parent=93072"}],"wp:term":[{"taxonomy":"category","embeddable":true,"href":"https:\/\/miurltemporal.com/main/triatletasenred.sport.es\/wp-json\/wp\/v2\/categories?post=93072"},{"taxonomy":"post_tag","embeddable":true,"href":"https:\/\/miurltemporal.com/main/triatletasenred.sport.es\/wp-json\/wp\/v2\/tags?post=93072"}],"curies":[{"name":"wp","href":"https:\/\/api.w.org\/{rel}","templated":true}]}}