{"id":92861,"date":"2024-11-04T20:21:19","date_gmt":"2024-11-04T19:21:19","guid":{"rendered":"https:\/\/miurltemporal.com/main/triatletasenred.sport.es\/?p=92861"},"modified":"2024-11-04T20:21:19","modified_gmt":"2024-11-04T19:21:19","slug":"wayefee-y-pohle-ganan-un-challenge-barcelona-marcado-por-la-meteorologia","status":"publish","type":"post","link":"https:\/\/miurltemporal.com/main/triatletasenred.sport.es\/actualidad\/wayefee-y-pohle-ganan-un-challenge-barcelona-marcado-por-la-meteorologia\/","title":{"rendered":"Wayefee y Pohle ganan un Challenge Barcelona marcado por la meteorolog\u00eda"},"content":{"rendered":"<p>La Ciudad Condal vivi\u00f3 una jornada donde la nataci\u00f3n fue suprimida y los protagonistas se jugaron la victoria en un duatl\u00f3n.<\/p>\n<p><a href=\"https:\/\/www.finisher.es\" rel=\"nofollow noopener\" target=\"_blank\"><img fetchpriority=\"high\" decoding=\"async\" class=\"alignnone size-full wp-image-89764\" src=\"https:\/\/miurltemporal.com/main/triatletasenred.sport.es\/wp-content\/uploads\/Banner_finisher_750x100.jpg\" alt=\"\" width=\"750\" height=\"100\" srcset=\"https:\/\/miurltemporal.com/main/triatletasenred.sport.es\/wp-content\/uploads\/Banner_finisher_750x100.jpg 750w, https:\/\/miurltemporal.com/main/triatletasenred.sport.es\/wp-content\/uploads\/Banner_finisher_750x100-300x40.jpg 300w, https:\/\/miurltemporal.com/main/triatletasenred.sport.es\/wp-content\/uploads\/Banner_finisher_750x100-696x93.jpg 696w, https:\/\/miurltemporal.com/main/triatletasenred.sport.es\/wp-content\/uploads\/Banner_finisher_750x100-741x100.jpg 741w\" sizes=\"(max-width: 750px) 100vw, 750px\" \/><\/a><\/p>\n<p><strong>Jonathan Wayefee<\/strong> y <strong>Caroline Pohle<\/strong> se convirtieron este pasado domingo en los nuevos reyes del <strong>Challenge de Barcelona<\/strong> en la prueba reina, la modificada distancia <strong>Short<\/strong>. El resultado m\u00e1s importante de entre lo menos importante en unas horas donde todo el mundo ten\u00eda su cabeza puesta en los municipios de l\u2019Horta Sud (Valencia), a quien se les tuvo presente mediante el minuto de silencio.<\/p>\n<p>Incomparable a lo sucedido en la Comunidad Valencia, el evento barcelon\u00e9s sin embargo s\u00ed sufri\u00f3 el curso de una DANA que comenzaba a aproximarse a la capital catalana y que oblig\u00f3 a <strong>suspender el segmento acu\u00e1tico debido a las inseguras condiciones del mar<\/strong> para transformando todas sus distancias en un duatl\u00f3n. En el caso del Short un 5k \u2013 55km \u2013 15k en el que la \u00faltima carrera a pie fue determinante para decidir a sus vencedores.<\/p>\n<h4>WAYAFEE CONQUISTA BARCELONA EN SU SEGUNDO INTENTO<\/h4>\n<hr \/>\n<p>En la \u00e9lite masculina Jonathan <strong>Jonathan Wayafee<\/strong> se impuso a <strong>Michele Bortolamedi<\/strong> y <strong>Jack Hutchens<\/strong> en una carrera donde el 5K dej\u00f3 un grupo de m\u00e1s de una docena de triatletas fragmentados en peque\u00f1os grupos y en el que figuraban los tres junto a hombres de la talla de <strong>Sam Dickinson, Michele Sarzilla<\/strong> o el veterano <strong>Cesc Godoy<\/strong>, pero que lider\u00f3 hasta la T1 el local <strong>Jordi Garc\u00eda<\/strong>.<\/p>\n<p>A la caza corr\u00edan los hombres del <strong>ANB Triathlon Team<\/strong> con <strong>Roger Many\u00e0<\/strong> y especialmente un <strong>Guillem Montiel<\/strong> que revolucionar\u00eda la prueba sobre la bicicleta. <em>Montiel \u00a0no solo recuperaba todo el tiempo perdido<\/em> (m\u00e1s de medio minuto), <strong>sino que se lanzaba al ataque en una aventura que \u00fanicamente Dickinson pudo seguir.<\/strong> Sin embargo, la mala suerte se cruzaba en el camino del espa\u00f1ol al sufrir un <strong>problema t\u00e9cnico,<\/strong> que lo apartaba de la lucha por el triunfo dejando \u00a0al brit\u00e1nico en solitario en cabeza. No obstante, la ventaja del medallista ol\u00edmpico (unos 30\u201d) result\u00f3 insuficiente para contener a los mejores corredores del d\u00eda en el definitivo 15k, donde<strong> Wayafee y Bortolamendi protagonizaron el duelo del d\u00eda<\/strong> que finalmente se llev\u00f3 el belga. De esta forma, pasa del TOP5 de 2023 al n\u00famero 1, el triunfo de triatleta que tiene a Espa\u00f1a como epicentro de su calendario.<\/p>\n<p>A nivel local, <strong>Jordi Garc\u00eda sexto<\/strong> y <strong>Guillem Montiel noveno<\/strong> fueron los mejores y \u00fanicos representantes dentro del TOP10.<\/p>\n<h4>POHLE SUMA Y SIGUE<\/h4>\n<hr \/>\n<p>Diferente patr\u00f3n tuvo la prueba femenina, pero con un punto en com\u00fan: la ganadora <strong>Caroline Pohle tuvo que remontar para llevarse la victoria<\/strong>. En este caso, era la italiana <strong>Elisabetta Curridori<\/strong> la que <strong>llegaba sola a la T1<\/strong> con una renta de menos de medio minuto sobre el grupo de siete rivales donde <strong>Laura G\u00f3mez hac\u00eda so\u00f1ar a la parroquia con un podio catal\u00e1n en casa<\/strong> y en el que estaban todas las favoritas.<\/p>\n<p>De \u00e9l sal\u00eda una <strong>Jessica Learmonth que replicaba la actuaci\u00f3n de Montiel y arrasaba sobre las dos ruedas<\/strong> para sacudir la prueba y entrar en la T2 con unos dos minutos de ventaja. Sin embargo, aunque pudieran parecer suficientes, <strong>la calidad de la campeona de Europa de Ironman 70.3. se impuso<\/strong> y a falta de cuatro kil\u00f3metros de meta, <strong>Caroline Pohle sobrepasaba a la brit\u00e1nica, quien a pesar de perder m\u00e1s de dos minutos con ella consegu\u00eda retener la segunda plaza justo por delante de una Elisabetta Curridori<\/strong> que lleg\u00f3 a 13 segundos de Learmonth y a la que le faltaron metros para cambiar su tercera posici\u00f3n por la superior. A dos del podio y con la miel en los labios se qued\u00f3 <strong>Laura G\u00f3mez<\/strong> (cuarta), mientras que <strong>Chlo\u00e9 Nicolas<\/strong> termin\u00f3 octava.<\/p>\n<p>Con el Challenge Barcelona <strong>Pohle suma su cuarta victoria consecutiva de la temporada<\/strong> tras las de Trumer, el Campeonato de Europa Ironman 70.3. en Tallin y el Ironman 70.3 de Zell am See.<\/p>\n<p><iframe title=\"Triatlon en Vena Pocast | A Fondo con el IRONMAN Kona 24\" width=\"696\" height=\"392\" src=\"https:\/\/www.youtube.com\/embed\/GywSGRooKX8?feature=oembed\" frameborder=\"0\" allow=\"accelerometer; autoplay; clipboard-write; encrypted-media; gyroscope; picture-in-picture; web-share\" referrerpolicy=\"strict-origin-when-cross-origin\" allowfullscreen><\/iframe><\/p>\n","protected":false},"excerpt":{"rendered":"<p>La Ciudad Condal vivi\u00f3 una jornada donde la nataci\u00f3n fue suprimida y los protagonistas se jugaron la victoria en un duatl\u00f3n.<\/p>\n","protected":false},"author":351,"featured_media":92862,"comment_status":"closed","ping_status":"open","sticky":false,"template":"","format":"standard","meta":{"_acf_changed":false,"rank_math_lock_modified_date":false,"footnotes":""},"categories":[17,19,1191],"tags":[11423,9627,11424],"class_list":{"0":"post-92861","1":"post","2":"type-post","3":"status-publish","4":"format-standard","5":"has-post-thumbnail","7":"category-actualidad","8":"category-competiciones","9":"category-triatlon","10":"tag-caroline-pohle","11":"tag-challenge-barcelona","12":"tag-jonathan-wayafee"},"acf":[],"_links":{"self":[{"href":"https:\/\/miurltemporal.com/main/triatletasenred.sport.es\/wp-json\/wp\/v2\/posts\/92861"}],"collection":[{"href":"https:\/\/miurltemporal.com/main/triatletasenred.sport.es\/wp-json\/wp\/v2\/posts"}],"about":[{"href":"https:\/\/miurltemporal.com/main/triatletasenred.sport.es\/wp-json\/wp\/v2\/types\/post"}],"author":[{"embeddable":true,"href":"https:\/\/miurltemporal.com/main/triatletasenred.sport.es\/wp-json\/wp\/v2\/users\/351"}],"replies":[{"embeddable":true,"href":"https:\/\/miurltemporal.com/main/triatletasenred.sport.es\/wp-json\/wp\/v2\/comments?post=92861"}],"version-history":[{"count":1,"href":"https:\/\/miurltemporal.com/main/triatletasenred.sport.es\/wp-json\/wp\/v2\/posts\/92861\/revisions"}],"predecessor-version":[{"id":92863,"href":"https:\/\/miurltemporal.com/main/triatletasenred.sport.es\/wp-json\/wp\/v2\/posts\/92861\/revisions\/92863"}],"wp:featuredmedia":[{"embeddable":true,"href":"https:\/\/miurltemporal.com/main/triatletasenred.sport.es\/wp-json\/wp\/v2\/media\/92862"}],"wp:attachment":[{"href":"https:\/\/miurltemporal.com/main/triatletasenred.sport.es\/wp-json\/wp\/v2\/media?parent=92861"}],"wp:term":[{"taxonomy":"category","embeddable":true,"href":"https:\/\/miurltemporal.com/main/triatletasenred.sport.es\/wp-json\/wp\/v2\/categories?post=92861"},{"taxonomy":"post_tag","embeddable":true,"href":"https:\/\/miurltemporal.com/main/triatletasenred.sport.es\/wp-json\/wp\/v2\/tags?post=92861"}],"curies":[{"name":"wp","href":"https:\/\/api.w.org\/{rel}","templated":true}]}}