{"id":92852,"date":"2024-11-04T08:38:19","date_gmt":"2024-11-04T07:38:19","guid":{"rendered":"https:\/\/miurltemporal.com/main/triatletasenred.sport.es\/?p=92852"},"modified":"2024-11-04T08:52:39","modified_gmt":"2024-11-04T07:52:39","slug":"como-ayudar-a-los-afectados-por-la-dana-en-valencia-guia-practica-y-responsable","status":"publish","type":"post","link":"https:\/\/miurltemporal.com/main/triatletasenred.sport.es\/actualidad\/como-ayudar-a-los-afectados-por-la-dana-en-valencia-guia-practica-y-responsable\/","title":{"rendered":"C\u00f3mo ayudar a los afectados por la DANA en Valencia: Gu\u00eda pr\u00e1ctica y responsable"},"content":{"rendered":"<p>Desde Triatletas En Red queremos aportar nuestro peque\u00f1o granito de arena y compartimos esta informaci\u00f3n que hemos recogido de diferentes fuentes por si alg\u00fan@ triman\u00edac@ est\u00e1 perdid@ en como ayudar a nuestros vecinos en Valencia.<\/p>\n<h3><div id=\"ez-toc-container\" class=\"ez-toc-v2_0_69_1 counter-hierarchy ez-toc-counter ez-toc-grey ez-toc-container-direction\">\n<div class=\"ez-toc-title-container\">\n<p class=\"ez-toc-title\" style=\"cursor:inherit\">Table of Contents<\/p>\n<span class=\"ez-toc-title-toggle\"><a href=\"#\" class=\"ez-toc-pull-right ez-toc-btn ez-toc-btn-xs ez-toc-btn-default ez-toc-toggle\" aria-label=\"Toggle Table of Content\"><span class=\"ez-toc-js-icon-con\"><span class=\"\"><span class=\"eztoc-hide\" style=\"display:none;\">Toggle<\/span><span class=\"ez-toc-icon-toggle-span\"><svg style=\"fill: #999;color:#999\" xmlns=\"http:\/\/www.w3.org\/2000\/svg\" class=\"list-377408\" width=\"20px\" height=\"20px\" viewBox=\"0 0 24 24\" fill=\"none\"><path d=\"M6 6H4v2h2V6zm14 0H8v2h12V6zM4 11h2v2H4v-2zm16 0H8v2h12v-2zM4 16h2v2H4v-2zm16 0H8v2h12v-2z\" fill=\"currentColor\"><\/path><\/svg><svg style=\"fill: #999;color:#999\" class=\"arrow-unsorted-368013\" xmlns=\"http:\/\/www.w3.org\/2000\/svg\" width=\"10px\" height=\"10px\" viewBox=\"0 0 24 24\" version=\"1.2\" baseProfile=\"tiny\"><path d=\"M18.2 9.3l-6.2-6.3-6.2 6.3c-.2.2-.3.4-.3.7s.1.5.3.7c.2.2.4.3.7.3h11c.3 0 .5-.1.7-.3.2-.2.3-.5.3-.7s-.1-.5-.3-.7zM5.8 14.7l6.2 6.3 6.2-6.3c.2-.2.3-.5.3-.7s-.1-.5-.3-.7c-.2-.2-.4-.3-.7-.3h-11c-.3 0-.5.1-.7.3-.2.2-.3.5-.3.7s.1.5.3.7z\"\/><\/svg><\/span><\/span><\/span><\/a><\/span><\/div>\n<nav><ul class='ez-toc-list ez-toc-list-level-1 ' ><li class='ez-toc-page-1 ez-toc-heading-level-3'><a class=\"ez-toc-link ez-toc-heading-1\" href=\"https:\/\/miurltemporal.com/main/triatletasenred.sport.es\/actualidad\/como-ayudar-a-los-afectados-por-la-dana-en-valencia-guia-practica-y-responsable\/#1_Prioriza_la_informacion_oficial\" title=\"1. Prioriza la informaci\u00f3n oficial\">1. Prioriza la informaci\u00f3n oficial<\/a><\/li><li class='ez-toc-page-1 ez-toc-heading-level-3'><a class=\"ez-toc-link ez-toc-heading-2\" href=\"https:\/\/miurltemporal.com/main/triatletasenred.sport.es\/actualidad\/como-ayudar-a-los-afectados-por-la-dana-en-valencia-guia-practica-y-responsable\/#2_Donaciones_monetarias_la_ayuda_mas_efectiva\" title=\"2. Donaciones monetarias: la ayuda m\u00e1s efectiva\">2. Donaciones monetarias: la ayuda m\u00e1s efectiva<\/a><\/li><li class='ez-toc-page-1 ez-toc-heading-level-3'><a class=\"ez-toc-link ez-toc-heading-3\" href=\"https:\/\/miurltemporal.com/main/triatletasenred.sport.es\/actualidad\/como-ayudar-a-los-afectados-por-la-dana-en-valencia-guia-practica-y-responsable\/#3_Voluntariado_y_recogida_de_suministros\" title=\"3. Voluntariado y recogida de suministros\">3. Voluntariado y recogida de suministros<\/a><\/li><li class='ez-toc-page-1 ez-toc-heading-level-3'><a class=\"ez-toc-link ez-toc-heading-4\" href=\"https:\/\/miurltemporal.com/main/triatletasenred.sport.es\/actualidad\/como-ayudar-a-los-afectados-por-la-dana-en-valencia-guia-practica-y-responsable\/#4_Ayuda_para_las_mascotas\" title=\"4. Ayuda para las mascotas\">4. Ayuda para las mascotas<\/a><\/li><li class='ez-toc-page-1 ez-toc-heading-level-3'><a class=\"ez-toc-link ez-toc-heading-5\" href=\"https:\/\/miurltemporal.com/main/triatletasenred.sport.es\/actualidad\/como-ayudar-a-los-afectados-por-la-dana-en-valencia-guia-practica-y-responsable\/#5_Consideraciones_finales_como_mantener_la_seguridad\" title=\"5. Consideraciones finales: c\u00f3mo mantener la seguridad\">5. Consideraciones finales: c\u00f3mo mantener la seguridad<\/a><\/li><\/ul><\/nav><\/div>\n<\/h3>\n<h3><span class=\"ez-toc-section\" id=\"1_Prioriza_la_informacion_oficial\"><\/span>1. Prioriza la informaci\u00f3n oficial<span class=\"ez-toc-section-end\"><\/span><\/h3>\n<p>En tiempos de emergencia, las autoridades locales y nacionales se convierten en las fuentes de informaci\u00f3n m\u00e1s confiables. Para estar al tanto de la situaci\u00f3n y evitar la propagaci\u00f3n de informaci\u00f3n err\u00f3nea, es fundamental seguir los comunicados de organismos oficiales como:<\/p>\n<ul>\n<li><a href=\"https:\/\/www.aemet.es\/es\/portada\" rel=\"nofollow noopener\" target=\"_blank\">Agencia Estatal de Meteorolog\u00eda<\/a> (AEMET)<\/li>\n<li><a href=\"https:\/\/www.112cv.gva.es\/es\/conoce-el-1-1-2\" rel=\"nofollow noopener\" target=\"_blank\">Emergencias de la Comunidad Valenciana<\/a> (tel\u00e9fono 112)<\/li>\n<li><a href=\"https:\/\/www.112cv.gva.es\/es\/conoce-el-1-1-2\" rel=\"nofollow noopener\" target=\"_blank\">Polic\u00eda Nacional y VOST<\/a> (Asociaci\u00f3n de Voluntarios Digitales de Emergencias)<\/li>\n<\/ul>\n<h3><span class=\"ez-toc-section\" id=\"2_Donaciones_monetarias_la_ayuda_mas_efectiva\"><\/span>2. Donaciones monetarias: la ayuda m\u00e1s efectiva<span class=\"ez-toc-section-end\"><\/span><\/h3>\n<p>Las donaciones econ\u00f3micas permiten a las organizaciones de ayuda humanitaria responder de manera \u00e1gil y adaptarse a las necesidades cambiantes. Algunas instituciones confiables han habilitado cuentas bancarias espec\u00edficas para recibir aportes:<\/p>\n<ul>\n<li><strong>Cruz Roja Espa\u00f1ola<\/strong>\n<ul>\n<li><strong>Santander:<\/strong> ES44 0049 0001 5321 1002 2225 | <strong>BIZUM C\u00f3digo:<\/strong> 33512<\/li>\n<li><strong>BBVA:<\/strong> ES92 0182 2370 4600 1002 2227 | <strong>BIZUM C\u00f3digo:<\/strong> 33467<\/li>\n<li><strong>Caixabank:<\/strong> ES28 2100 0600 8502 0196 0066 | <strong>BIZUM C\u00f3digo:<\/strong> 04057<\/li>\n<li><strong>Banco Cooperativo Espa\u00f1ol:<\/strong> ES86 0198 0500 8020 2205 3421 | <strong>BIZUM C\u00f3digo:<\/strong> 02727<\/li>\n<\/ul>\n<\/li>\n<li><strong>Banco de Alimentos de Valencia<\/strong>\n<ul>\n<li><strong>Transferencia:<\/strong> ES34 2100 6106 8813 0126 8072 | <strong>BIZUM C\u00f3digo:<\/strong> 03816<\/li>\n<\/ul>\n<\/li>\n<\/ul>\n<p>Cada donaci\u00f3n contribuir\u00e1 a la adquisici\u00f3n de alimentos, productos de higiene, medicamentos y otros art\u00edculos esenciales para las familias afectadas.<\/p>\n<h3><span class=\"ez-toc-section\" id=\"3_Voluntariado_y_recogida_de_suministros\"><\/span>3. Voluntariado y recogida de suministros<span class=\"ez-toc-section-end\"><\/span><\/h3>\n<p>Si est\u00e1s en condiciones de colaborar de manera presencial y resides cerca de las \u00e1reas afectadas, puedes registrarte en el centro de coordinaci\u00f3n de voluntariado que ha sido habilitado en el Museo Pr\u00edncipe Felipe en la Ciudad de las Artes y las Ciencias de Valencia. La Generalitat Valenciana ha facilitado tambi\u00e9n l\u00edneas telef\u00f3nicas para coordinar a voluntarios y personal sanitario dispuesto a colaborar:<\/p>\n<ul>\n<li><strong>Tel\u00e9fonos de contacto:<\/strong> 960 737 370 y 963 312 744.<\/li>\n<\/ul>\n<p>Adicionalmente, en diversas ciudades se han establecido puntos de recogida de alimentos, ropa y medicamentos. Te recomendamos consultar las redes sociales de organizaciones como Cruz Roja y C\u00e1ritas para conocer los lugares y horarios espec\u00edficos.<\/p>\n<h3><span class=\"ez-toc-section\" id=\"4_Ayuda_para_las_mascotas\"><\/span>4. Ayuda para las mascotas<span class=\"ez-toc-section-end\"><\/span><\/h3>\n<p>Las mascotas tambi\u00e9n est\u00e1n sufriendo las consecuencias de la DANA. Para colaborar en su rescate y refugio, puedes ponerte en contacto con refugios locales y centros veterinarios que est\u00e1n coordinando esfuerzos para garantizar su seguridad.<\/p>\n<h3><span class=\"ez-toc-section\" id=\"5_Consideraciones_finales_como_mantener_la_seguridad\"><\/span>5. Consideraciones finales: c\u00f3mo mantener la seguridad<span class=\"ez-toc-section-end\"><\/span><\/h3>\n<p>Recuerda siempre seguir las recomendaciones de las autoridades y evitar el desplazamiento innecesario hacia las \u00e1reas afectadas. <strong>Los canales oficiales son la mejor gu\u00eda para actuar con responsabilidad<\/strong> y ayudar a los afectados sin poner en riesgo la seguridad de nadie.<\/p>\n<p>Contribuir de forma organizada y responsable har\u00e1 una diferencia real para las personas y comunidades que han sido devastadas por esta emergencia.<\/p>\n","protected":false},"excerpt":{"rendered":"<p>Desde Triatletas En Red queremos aportar nuestro peque\u00f1o granito de arena y compartimos esta informaci\u00f3n que hemos recogido de diferentes fuentes por si alg\u00fan@ triman\u00edac@ est\u00e1 perdid@ en como ayudar a nuestros vecinos en Valencia.<\/p>\n","protected":false},"author":6,"featured_media":92853,"comment_status":"closed","ping_status":"open","sticky":false,"template":"","format":"standard","meta":{"_acf_changed":false,"rank_math_lock_modified_date":false,"footnotes":""},"categories":[17],"tags":[],"class_list":{"0":"post-92852","1":"post","2":"type-post","3":"status-publish","4":"format-standard","5":"has-post-thumbnail","7":"category-actualidad"},"acf":[],"_links":{"self":[{"href":"https:\/\/miurltemporal.com/main/triatletasenred.sport.es\/wp-json\/wp\/v2\/posts\/92852"}],"collection":[{"href":"https:\/\/miurltemporal.com/main/triatletasenred.sport.es\/wp-json\/wp\/v2\/posts"}],"about":[{"href":"https:\/\/miurltemporal.com/main/triatletasenred.sport.es\/wp-json\/wp\/v2\/types\/post"}],"author":[{"embeddable":true,"href":"https:\/\/miurltemporal.com/main/triatletasenred.sport.es\/wp-json\/wp\/v2\/users\/6"}],"replies":[{"embeddable":true,"href":"https:\/\/miurltemporal.com/main/triatletasenred.sport.es\/wp-json\/wp\/v2\/comments?post=92852"}],"version-history":[{"count":2,"href":"https:\/\/miurltemporal.com/main/triatletasenred.sport.es\/wp-json\/wp\/v2\/posts\/92852\/revisions"}],"predecessor-version":[{"id":92855,"href":"https:\/\/miurltemporal.com/main/triatletasenred.sport.es\/wp-json\/wp\/v2\/posts\/92852\/revisions\/92855"}],"wp:featuredmedia":[{"embeddable":true,"href":"https:\/\/miurltemporal.com/main/triatletasenred.sport.es\/wp-json\/wp\/v2\/media\/92853"}],"wp:attachment":[{"href":"https:\/\/miurltemporal.com/main/triatletasenred.sport.es\/wp-json\/wp\/v2\/media?parent=92852"}],"wp:term":[{"taxonomy":"category","embeddable":true,"href":"https:\/\/miurltemporal.com/main/triatletasenred.sport.es\/wp-json\/wp\/v2\/categories?post=92852"},{"taxonomy":"post_tag","embeddable":true,"href":"https:\/\/miurltemporal.com/main/triatletasenred.sport.es\/wp-json\/wp\/v2\/tags?post=92852"}],"curies":[{"name":"wp","href":"https:\/\/api.w.org\/{rel}","templated":true}]}}