{"id":92550,"date":"2024-10-06T16:41:42","date_gmt":"2024-10-06T14:41:42","guid":{"rendered":"https:\/\/miurltemporal.com/main/triatletasenred.sport.es\/?p=92550"},"modified":"2024-11-25T13:12:13","modified_gmt":"2024-11-25T12:12:13","slug":"marta-sanchez-de-niza-a-kona-y-tira-porque-me-toca-tras-ganar-im-calella-barcelona","status":"publish","type":"post","link":"https:\/\/miurltemporal.com/main/triatletasenred.sport.es\/actualidad\/marta-sanchez-de-niza-a-kona-y-tira-porque-me-toca-tras-ganar-im-calella-barcelona\/","title":{"rendered":"Marta S\u00e1nchez: de Niza a Kona y tira porque me toca (tras ganar IM Calella-Barcelona)"},"content":{"rendered":"<p>La catalana se alza con la victoria en tierras catalanas y logra el slot que le llevar\u00e1 el pr\u00f3ximo a\u00f1o a competir por primera vez en Haw\u00e1i.<\/p>\n<p><a href=\"https:\/\/tidd.ly\/4dZfvC1\" rel=\"nofollow noopener\" target=\"_blank\"><img fetchpriority=\"high\" decoding=\"async\" class=\"alignnone size-full wp-image-92332\" src=\"https:\/\/miurltemporal.com/main/triatletasenred.sport.es\/wp-content\/uploads\/Banner-HOKA700x100px_Mach-X-2.jpg\" alt=\"\" width=\"700\" height=\"100\" srcset=\"https:\/\/miurltemporal.com/main/triatletasenred.sport.es\/wp-content\/uploads\/Banner-HOKA700x100px_Mach-X-2.jpg 700w, https:\/\/miurltemporal.com/main/triatletasenred.sport.es\/wp-content\/uploads\/Banner-HOKA700x100px_Mach-X-2-300x43.jpg 300w, https:\/\/miurltemporal.com/main/triatletasenred.sport.es\/wp-content\/uploads\/Banner-HOKA700x100px_Mach-X-2-696x100.jpg 696w\" sizes=\"(max-width: 700px) 100vw, 700px\" \/><\/a><\/p>\n<p>Era un reto dif\u00edcil, pero en estos momentos no hay nada que se le resista a <strong>Marta S\u00e1nchez<\/strong>, (ANB Triathlon Team) quien amparada en el pico de forma que le dej\u00f3 el Mundial de Niza hace apenas dos semanas ha conseguido mucho m\u00e1s que su segundo triunfo en distancia Ironman, el <strong>billete a la Meca de la larga distancia<\/strong>. Algo que ha rozado <strong>Mikel Ugarte,<\/strong> quien a pesar de su anunciado de menos a m\u00e1s <strong>tendr\u00e1 que esperar para sacar plaza para la cita por primera vez<\/strong>, aunque en su caso para Niza.<\/p>\n<p>De esta forma, <strong>cuando apenas estamos a punto de dar carpetazo a la primera semana de octubre ya tenemos a una representante asegurada para el evento m\u00e1s importante de la temporada<\/strong> que viene. Algo, que como ambos nos hab\u00edan remarcado en la previa de IM Calella-Barcelona, libera a S\u00e1nchez para organizar su calendario a su antojo sin la acuciante presi\u00f3n de una clasificaci\u00f3n pendiente.<\/p>\n<h4>MARTA S\u00c1NCHEZ NOS DEJA SIN PALABRAS<\/h4>\n<hr \/>\n<p>Sin embargo, en ninguno caso fue sencillo, aunque la de <strong>Marta S\u00e1nchez<\/strong> siempre fue sobre ra\u00edles. Su poderosa nataci\u00f3n en comparaci\u00f3n a la de sus rivales fue su gran aliada, tanto que le permiti\u00f3 gozar de <strong>una renta de m\u00e1s de cuatro minutos<\/strong> con su mayor e inmediata oponente, la neerlandesa <strong>Sarissa de Vries<\/strong>.<\/p>\n<p>Un colch\u00f3n suficiente para gestionarla sobre la bici. Un segmento donde la ventaja fluctu\u00f3 constantemente y siempre favorablemente para De Vries. <strong>De cuatro a tres, de tres a dos y por momentos de dos a un minuto antes de que S\u00e1nchez imprimiera un punto m\u00e1s para estabilizarla entre los 2\u2019 y 3\u2019<\/strong> y unos definitivos 2\u201922\u201d con los que alcanzaron la T2.<\/p>\n<p>No tard\u00f3 en acrecentarla hasta m\u00e1s de los tres minutos, pero el panorama a la espalda de Marta pronto iba a cambiar. <strong>De Vries se retiraba<\/strong> poco despu\u00e9s del primer 10K. Su adi\u00f3s, <strong>daba protagonismo a una ascendente Sara Svenk<\/strong> que siempre hab\u00eda estado en tercer lugar, por delante de una <strong>Henrike G\u00fcber<\/strong> y <strong>Johanna Ahrens<\/strong> que a partir del ecuador donde intercambiaron lugares, iban a permanecer imperturbables en la tercera y cuarta posici\u00f3n hasta el final. La persecuci\u00f3n de la sueca comenzaba a casi seis minutos y lograba reducirla hasta la mitad, pero <strong>una S\u00e1nchez siempre inteligente y calculadora supo regular una vez m\u00e1s su espacio para entrar triunfal en la meta de Calella<\/strong>.<\/p>\n<h5>UNA TEMPORADA DE ENSUE\u00d1O, 15 D\u00cdAS INSUPERABLES<\/h5>\n<p><strong>Marta S\u00e1nchez<\/strong> ya es una bicampeona de pruebas Ironman y tambi\u00e9n puede decir que <strong>en menos de 365 d\u00edas ha sido capaz de pasar al campo profesional, lograr slot para tres Mundiales y participar en uno de ellos, con otro a un mes vista y otro agendado a m\u00e1s de un a\u00f1o vista<\/strong>. Lo de la del <strong>ANB Triathlon Team<\/strong> no se explica con palabras, sino con hechos. Puc\u00f3n, Sud\u00e1frica y Barcelona; Taupo, Niza y Kona. Que no pare su magia.<\/p>\n<h4>MIKEL UGARTE R\u00c9CORD SIN PREMIO<\/h4>\n<hr \/>\n<p>Harina de otro costal fue la prueba masculina, pero no se puede decir que no transcurriera tal y como el propio Mikel Ugarte hab\u00eda previsto en nuestra entrevista. <strong>Wilhelm Hirsch<\/strong> encabez\u00f3 un sector acu\u00e1tico que se llev\u00f3 a sus pies a <strong>Joshua Lewis, Jan Stratmann, Andrea Salvisberg <\/strong>o<strong>Emil Holm <\/strong>para definir el selecto quinteto que <strong>rodar\u00eda conjuntamente durante dos tercios de los 180 kil\u00f3metros de bicicleta<\/strong>, antes de que los dos \u00faltimos tuvieran que ceder y quedar en un limbo extremadamente cercano al del segundo grupo en el que trabajaba Ugarte.<\/p>\n<p>El guipuzcoano, hab\u00eda sido <strong>el primero de los nuestros en salir del agua en decimosegunda posici\u00f3n a casi 3\u2019 del liderato.<\/strong> Pero desde entonces, la distancia que no par\u00f3 de crecer sobre las dos ruedas <strong>hasta bajarse en la T2 cerrando el TOP10 a 8\u201939\u201d.<\/strong> La diferencia que le separaba de Niza.<\/p>\n<h5>THALMANN Y MAGNIAN PONEN EL RITMO Y LA CRUZ<\/h5>\n<p>En ese momento, <strong>Stratmann asum\u00eda el liderazgo<\/strong> sin vacilaciones, mientras que <strong>Hirsch se convert\u00eda en su sombra<\/strong>. Con esas dos posiciones bien definidas, de la tercera y deseada \u00faltima plaza del podio \u2013 en manos de J<strong>oshua Lewis<\/strong> \u2013 a m\u00e1s all\u00e1 del TOP10 se convert\u00eda en un baile de fichas sin due\u00f1o absoluto. Pronto se vio que el gal\u00e9s no iba a mantenerse ah\u00ed, a diferencia de un <strong>Sven Thalmann que se convert\u00eda en el primer gran animador<\/strong> a pie, hasta el punto de situarse en ese tercer lugar al paso de la media marat\u00f3n. A partir de ah\u00ed, el franc\u00e9s <strong>Dylan Magnian cog\u00eda su testigo hasta rebasarle antes del kil\u00f3metro 33<\/strong> a la par que se erig\u00eda en el hombre m\u00e1s r\u00e1pido del d\u00eda.<\/p>\n<h5>AL PALO, OTRA VEZ<\/h5>\n<p>Mientras tanto, <strong>Ugarte escalaba discreto, pero seguro hasta el TOP5<\/strong>. Sin embargo, <strong>el sue\u00f1o del slot se esfumaba a la misma velocidad que corr\u00eda el galo<\/strong>. No obstante, el de O\u00f1ati iba a protagonizar <strong>un ajustado final con Thalmann por la medalla de chocolate en el que se impuso agridulcemente, Mikel Ugarte<\/strong>. Eso s\u00ed, firmando por segundo Ironman consecutivo un sub&#8217;8H, y de <strong>nuevo con r\u00e9cord personal<\/strong> (7:37:55).<\/p>\n<p>El guipuzcoano tendr\u00e1 que seguir trabajando y peleando para estar en la <em>start line<\/em> de Niza.<\/p>\n<p>https:\/\/youtu.be\/1_QddeuqFcg?feature=shared<\/p>\n","protected":false},"excerpt":{"rendered":"<p>La catalana se alza con la victoria en tierras catalanas y logra el slot que le llevar\u00e1 el pr\u00f3ximo a\u00f1o a competir por primera vez en Haw\u00e1i. En cambio, Mikel Ugarte se queda con la miel en los labios.<\/p>\n","protected":false},"author":351,"featured_media":92539,"comment_status":"closed","ping_status":"open","sticky":false,"template":"","format":"standard","meta":{"_acf_changed":false,"rank_math_lock_modified_date":false,"footnotes":""},"categories":[17,19,10639],"tags":[1976,11341,3599,8123],"class_list":{"0":"post-92550","1":"post","2":"type-post","3":"status-publish","4":"format-standard","5":"has-post-thumbnail","7":"category-actualidad","8":"category-competiciones","9":"category-portada","10":"tag-ironman-barcelona","11":"tag-ironman-calella-barcelona","12":"tag-marta-sanchez","13":"tag-mikel-ugarte"},"acf":[],"_links":{"self":[{"href":"https:\/\/miurltemporal.com/main/triatletasenred.sport.es\/wp-json\/wp\/v2\/posts\/92550"}],"collection":[{"href":"https:\/\/miurltemporal.com/main/triatletasenred.sport.es\/wp-json\/wp\/v2\/posts"}],"about":[{"href":"https:\/\/miurltemporal.com/main/triatletasenred.sport.es\/wp-json\/wp\/v2\/types\/post"}],"author":[{"embeddable":true,"href":"https:\/\/miurltemporal.com/main/triatletasenred.sport.es\/wp-json\/wp\/v2\/users\/351"}],"replies":[{"embeddable":true,"href":"https:\/\/miurltemporal.com/main/triatletasenred.sport.es\/wp-json\/wp\/v2\/comments?post=92550"}],"version-history":[{"count":3,"href":"https:\/\/miurltemporal.com/main/triatletasenred.sport.es\/wp-json\/wp\/v2\/posts\/92550\/revisions"}],"predecessor-version":[{"id":93133,"href":"https:\/\/miurltemporal.com/main/triatletasenred.sport.es\/wp-json\/wp\/v2\/posts\/92550\/revisions\/93133"}],"wp:featuredmedia":[{"embeddable":true,"href":"https:\/\/miurltemporal.com/main/triatletasenred.sport.es\/wp-json\/wp\/v2\/media\/92539"}],"wp:attachment":[{"href":"https:\/\/miurltemporal.com/main/triatletasenred.sport.es\/wp-json\/wp\/v2\/media?parent=92550"}],"wp:term":[{"taxonomy":"category","embeddable":true,"href":"https:\/\/miurltemporal.com/main/triatletasenred.sport.es\/wp-json\/wp\/v2\/categories?post=92550"},{"taxonomy":"post_tag","embeddable":true,"href":"https:\/\/miurltemporal.com/main/triatletasenred.sport.es\/wp-json\/wp\/v2\/tags?post=92550"}],"curies":[{"name":"wp","href":"https:\/\/api.w.org\/{rel}","templated":true}]}}