{"id":92506,"date":"2024-10-01T09:28:03","date_gmt":"2024-10-01T07:28:03","guid":{"rendered":"https:\/\/miurltemporal.com/main/triatletasenred.sport.es\/?p=92506"},"modified":"2024-10-01T09:28:03","modified_gmt":"2024-10-01T07:28:03","slug":"asi-es-la-previa-del-infinitri-226-peniscola-2024","status":"publish","type":"post","link":"https:\/\/miurltemporal.com/main/triatletasenred.sport.es\/actualidad\/asi-es-la-previa-del-infinitri-226-peniscola-2024\/","title":{"rendered":"As\u00ed es la previa del Infinitri 226 Pe\u00f1\u00edscola 2024"},"content":{"rendered":"<div class=\"flex-1 overflow-hidden\">\n<div class=\"h-full\">\n<div class=\"react-scroll-to-bottom--css-kvlch-79elbk h-full\">\n<div class=\"react-scroll-to-bottom--css-kvlch-1n7m0yu\">\n<div class=\"flex flex-col text-sm\">\n<article class=\"w-full text-token-text-primary focus-visible:outline-2 focus-visible:outline-offset-[-4px]\" dir=\"auto\" data-testid=\"conversation-turn-5\" data-scroll-anchor=\"true\">\n<div class=\"text-base py-[18px] px-3 md:px-4 m-auto w-full md:px-5 lg:px-4 xl:px-5\">\n<div class=\"mx-auto flex flex-1 gap-4 text-base md:gap-5 lg:gap-6 md:max-w-3xl lg:max-w-[40rem] xl:max-w-[48rem]\">\n<div class=\"group\/conversation-turn relative flex w-full min-w-0 flex-col agent-turn\">\n<div class=\"flex-col gap-1 md:gap-3\">\n<div class=\"flex max-w-full flex-col flex-grow\">\n<div class=\"min-h-8 text-message flex w-full flex-col items-end gap-2 whitespace-normal break-words [.text-message+&amp;]:mt-5\" dir=\"auto\" data-message-author-role=\"assistant\" data-message-id=\"eace830a-180b-4912-9d59-adc84824d2c7\">\n<div class=\"flex w-full flex-col gap-1 empty:hidden first:pt-[3px]\">\n<div class=\"markdown prose w-full break-words dark:prose-invert dark\">\n<h3>Con una destacada participaci\u00f3n internacional y triatletas de primer nivel, la segunda edici\u00f3n del Infinitri 226 promete emociones fuertes este fin de semana en Pe\u00f1\u00edscola.<\/h3>\n<p><a href=\"https:\/\/www.finisher.es\" rel=\"nofollow noopener\" target=\"_blank\"><img fetchpriority=\"high\" decoding=\"async\" class=\"aligncenter size-full wp-image-89764\" src=\"https:\/\/miurltemporal.com/main/triatletasenred.sport.es\/wp-content\/uploads\/Banner_finisher_750x100.jpg\" alt=\"\" width=\"750\" height=\"100\" srcset=\"https:\/\/miurltemporal.com/main/triatletasenred.sport.es\/wp-content\/uploads\/Banner_finisher_750x100.jpg 750w, https:\/\/miurltemporal.com/main/triatletasenred.sport.es\/wp-content\/uploads\/Banner_finisher_750x100-300x40.jpg 300w, https:\/\/miurltemporal.com/main/triatletasenred.sport.es\/wp-content\/uploads\/Banner_finisher_750x100-696x93.jpg 696w, https:\/\/miurltemporal.com/main/triatletasenred.sport.es\/wp-content\/uploads\/Banner_finisher_750x100-741x100.jpg 741w\" sizes=\"(max-width: 750px) 100vw, 750px\" \/><\/a><\/p>\n<p>Este domingo, 6 de octubre, Pe\u00f1\u00edscola vuelve a ser el epicentro del triatl\u00f3n de larga distancia con la segunda edici\u00f3n del Infinitri 226. Tras el \u00e9xito de su debut el a\u00f1o pasado, el evento regresa con novedades y mejoras que prometen elevar a\u00fan m\u00e1s el nivel de una competici\u00f3n que ya en su estreno destac\u00f3 por su impecable organizaci\u00f3n. Entre los cambios m\u00e1s significativos est\u00e1 por ejemplo la reducci\u00f3n de vueltas en el circuito de carrera a pie, pasando de cinco a cuatro, tras escuchar las sugerencias de los participantes de la edici\u00f3n anterior.<\/p>\n<h4>Participaci\u00f3n internacional y favoritos a seguir<\/h4>\n<p>Uno de los grandes logros de esta edici\u00f3n es el notable incremento de triatletas internacionales, lo que refuerza la proyecci\u00f3n global del Infinitri 226. En esta ocasi\u00f3n, un 22% de los inscritos provienen de fuera de Espa\u00f1a, con una destacada presencia de deportistas de pa\u00edses como Francia, Finlandia, B\u00e9lgica o Polonia. A nivel nacional, el 98% de los participantes son de fuera de Castell\u00f3n, demostrando la atracci\u00f3n de la prueba m\u00e1s all\u00e1 de su \u00e1rea local.<\/p>\n<p>En la categor\u00eda masculina, el belga Timothy Van Houtem, ganador de la primera edici\u00f3n, se postula como uno de los favoritos a repetir victoria. Junto a \u00e9l, los espa\u00f1oles Iv\u00e1n \u00c1lvarez, reconocido por sus logros en media y larga distancia, y Pello Osoro, reciente vencedor del Bilbao Triatl\u00f3n y el Triatl\u00f3n MD de Santander, prometen dar batalla. Tambi\u00e9n se perfila como contendiente el polaco Pawel Miziarski, un triatleta que no debe ser subestimado.<\/p>\n<p>En la competici\u00f3n femenina, destaca la espa\u00f1ola Isa Solsona, que este a\u00f1o ya se alz\u00f3 con la victoria en el Infinitri Burriana. Como rival directa, la finlandesa Maisa Tuliniemi llega con un impresionante palmar\u00e9s, incluido un podio reciente en los campeonatos finlandeses de distancia sprint.<\/p>\n<h4>Una experiencia \u00fanica en el coraz\u00f3n del Mediterr\u00e1neo<\/h4>\n<p>Los participantes del Infinitri 226 disfrutar\u00e1n de uno de los entornos m\u00e1s espectaculares del triatl\u00f3n en Espa\u00f1a. La nataci\u00f3n, de 3.800 metros, se desarrolla alrededor del ic\u00f3nico Castillo Templario de Pe\u00f1\u00edscola, mientras que el segmento de ciclismo recorre las pintorescas localidades de C\u00e0lig, Sant Jordi y Cervera del Maestre en un circuito de tres vueltas. La carrera a pie, completamente llana, transcurre por el paseo mar\u00edtimo, permitiendo a los triatletas sentir el calor del p\u00fablico local antes de cruzar la l\u00ednea de meta en la impresionante Plaza Santa Mar\u00eda, un escenario que ha sido utilizado incluso en series tan reconocidas como <em>Juego de Tronos<\/em>.<\/p>\n<p>Este evento, que cuenta con el apoyo del Ayuntamiento de Pe\u00f1\u00edscola, la Diputaci\u00f3n de Castell\u00f3n y la Generalitat Valenciana, no solo ofrece una competici\u00f3n de alto nivel, sino tambi\u00e9n una experiencia para toda la familia. Desde carreras infantiles hasta una sesi\u00f3n DJ el s\u00e1bado por la tarde, pasando por un excelente <em>welcome pack<\/em> y una complet\u00edsima postmeta, el Infinitri 226 es mucho m\u00e1s que una prueba deportiva. Adem\u00e1s, los aficionados podr\u00e1n seguir los tiempos en directo a trav\u00e9s de la APP de Infinitri Sports y mantenerse al tanto de todas las novedades en sus redes sociales.<\/p>\n<div class=\"youtube-embed\" data-video_id=\"IWc_NRQxdX4\"><iframe title=\"Triatl\u00f3n en Vena: El adi\u00f3s de Noya, T100 Ibiza y Copa de Espa\u00f1a \ud83c\udf99\ufe0f\" width=\"696\" height=\"392\" src=\"https:\/\/www.youtube.com\/embed\/IWc_NRQxdX4?feature=oembed&#038;enablejsapi=1\" frameborder=\"0\" allow=\"accelerometer; autoplay; clipboard-write; encrypted-media; gyroscope; picture-in-picture; web-share\" referrerpolicy=\"strict-origin-when-cross-origin\" allowfullscreen><\/iframe><\/div>\n<\/div>\n<\/div>\n<\/div>\n<\/div>\n<\/div>\n<\/div>\n<\/div>\n<\/div>\n<\/article>\n<\/div>\n<\/div>\n<\/div>\n<\/div>\n<\/div>\n","protected":false},"excerpt":{"rendered":"<p>Con una destacada participaci\u00f3n internacional y triatletas de primer nivel, la segunda edici\u00f3n del Infinitri 226 promete emociones fuertes este fin de semana en Pe\u00f1\u00edscola.<\/p>\n","protected":false},"author":322,"featured_media":92507,"comment_status":"closed","ping_status":"open","sticky":false,"template":"","format":"standard","meta":{"_acf_changed":false,"rank_math_lock_modified_date":false,"footnotes":""},"categories":[17,19,1191],"tags":[],"class_list":{"0":"post-92506","1":"post","2":"type-post","3":"status-publish","4":"format-standard","5":"has-post-thumbnail","7":"category-actualidad","8":"category-competiciones","9":"category-triatlon"},"acf":[],"_links":{"self":[{"href":"https:\/\/miurltemporal.com/main/triatletasenred.sport.es\/wp-json\/wp\/v2\/posts\/92506"}],"collection":[{"href":"https:\/\/miurltemporal.com/main/triatletasenred.sport.es\/wp-json\/wp\/v2\/posts"}],"about":[{"href":"https:\/\/miurltemporal.com/main/triatletasenred.sport.es\/wp-json\/wp\/v2\/types\/post"}],"author":[{"embeddable":true,"href":"https:\/\/miurltemporal.com/main/triatletasenred.sport.es\/wp-json\/wp\/v2\/users\/322"}],"replies":[{"embeddable":true,"href":"https:\/\/miurltemporal.com/main/triatletasenred.sport.es\/wp-json\/wp\/v2\/comments?post=92506"}],"version-history":[{"count":1,"href":"https:\/\/miurltemporal.com/main/triatletasenred.sport.es\/wp-json\/wp\/v2\/posts\/92506\/revisions"}],"predecessor-version":[{"id":92508,"href":"https:\/\/miurltemporal.com/main/triatletasenred.sport.es\/wp-json\/wp\/v2\/posts\/92506\/revisions\/92508"}],"wp:featuredmedia":[{"embeddable":true,"href":"https:\/\/miurltemporal.com/main/triatletasenred.sport.es\/wp-json\/wp\/v2\/media\/92507"}],"wp:attachment":[{"href":"https:\/\/miurltemporal.com/main/triatletasenred.sport.es\/wp-json\/wp\/v2\/media?parent=92506"}],"wp:term":[{"taxonomy":"category","embeddable":true,"href":"https:\/\/miurltemporal.com/main/triatletasenred.sport.es\/wp-json\/wp\/v2\/categories?post=92506"},{"taxonomy":"post_tag","embeddable":true,"href":"https:\/\/miurltemporal.com/main/triatletasenred.sport.es\/wp-json\/wp\/v2\/tags?post=92506"}],"curies":[{"name":"wp","href":"https:\/\/api.w.org\/{rel}","templated":true}]}}