{"id":92503,"date":"2024-10-01T07:00:22","date_gmt":"2024-10-01T05:00:22","guid":{"rendered":"https:\/\/miurltemporal.com/main/triatletasenred.sport.es\/?p=92503"},"modified":"2024-09-30T20:57:15","modified_gmt":"2024-09-30T18:57:15","slug":"katie-zaferes-pone-fin-a-su-carrera","status":"publish","type":"post","link":"https:\/\/miurltemporal.com/main/triatletasenred.sport.es\/actualidad\/katie-zaferes-pone-fin-a-su-carrera\/","title":{"rendered":"Katie Zaferes pone fin a su carrera"},"content":{"rendered":"<p>La doble medallista ol\u00edmpica y campeona del mundo ha anunciado este lunes 30 de septiembre su retirada deportiva.<\/p>\n<p><a href=\"http:\/\/www.zone3.es\" rel=\"nofollow noopener\" target=\"_blank\"><img fetchpriority=\"high\" decoding=\"async\" class=\"alignnone size-large wp-image-83185\" src=\"https:\/\/miurltemporal.com/main/triatletasenred.sport.es\/wp-content\/uploads\/banner-zone3_ter-1024x219.jpg\" alt=\"\" width=\"696\" height=\"149\" srcset=\"https:\/\/miurltemporal.com/main/triatletasenred.sport.es\/wp-content\/uploads\/banner-zone3_ter-1024x219.jpg 1024w, https:\/\/miurltemporal.com/main/triatletasenred.sport.es\/wp-content\/uploads\/banner-zone3_ter-700x150.jpg 700w, https:\/\/miurltemporal.com/main/triatletasenred.sport.es\/wp-content\/uploads\/banner-zone3_ter-300x64.jpg 300w, https:\/\/miurltemporal.com/main/triatletasenred.sport.es\/wp-content\/uploads\/banner-zone3_ter-768x165.jpg 768w, https:\/\/miurltemporal.com/main/triatletasenred.sport.es\/wp-content\/uploads\/banner-zone3_ter-1536x329.jpg 1536w, https:\/\/miurltemporal.com/main/triatletasenred.sport.es\/wp-content\/uploads\/banner-zone3_ter-2048x439.jpg 2048w, https:\/\/miurltemporal.com/main/triatletasenred.sport.es\/wp-content\/uploads\/banner-zone3_ter-696x149.jpg 696w, https:\/\/miurltemporal.com/main/triatletasenred.sport.es\/wp-content\/uploads\/banner-zone3_ter-1068x229.jpg 1068w, https:\/\/miurltemporal.com/main/triatletasenred.sport.es\/wp-content\/uploads\/banner-zone3_ter-1920x412.jpg 1920w, https:\/\/miurltemporal.com/main/triatletasenred.sport.es\/wp-content\/uploads\/banner-zone3_ter-1959x420.jpg 1959w, https:\/\/miurltemporal.com/main/triatletasenred.sport.es\/wp-content\/uploads\/banner-zone3_ter-1320x283.jpg 1320w\" sizes=\"(max-width: 696px) 100vw, 696px\" \/><\/a><\/p>\n<p>D\u00edas extra\u00f1os y nost\u00e1lgicos para el triatl\u00f3n que en menos de una semana ve c\u00f3mo dos de sus grandes referentes deciden colgar el tritraje de forma definitiva y casi inmediata. Javi G\u00f3mez Noya fue el primero y ahora es la estadounidense Katie Zaferes quien toma la misma decisi\u00f3n que el &#8216;Capit\u00e1n&#8217;.<\/p>\n<h4>UNA TRIATLETA DE \u00c9XITO Y EJEMPLO DEL CAMBIO DE PARADIGMA FEMENINO<\/h4>\n<hr \/>\n<p>Con 35 a\u00f1os y 11 temporadas despu\u00e9s de su debut en el triatl\u00f3n profesional en 2013, la estadounidense pondr\u00e1 fin a su trayectoria. <strong>El deporte despedir\u00e1 a una mujer que atesora dos medallas ol\u00edmpicas, un t\u00edtulo mundiales, dos en Superleague, y m\u00e1s de una veintena de medallas en las Series Mundiales<\/strong>. Pero m\u00e1s all\u00e1 de lo num\u00e9rico del palmar\u00e9s, el triatl\u00f3n dir\u00e1 adi\u00f3s a <strong>una mujer que encarna v\u00edvidamente uno de los cambios m\u00e1s importantes en el deporte de \u00e9lite femenino: la conciliaci\u00f3n profesional con la maternidad.<\/strong><\/p>\n<p>Un papel en el que se estren\u00f3 en 2022 con el nacimiento de su hijo Kimble y tras su baja por maternidad regres\u00f3 al circuito en marzo de 2023 donde ha ganado y subido al podio en diversas copas mundiales y continentales, as\u00ed como rozado el TOP10 en las WTCS.<\/p>\n<p>Su segundo puesto en Hong Kong en marzo y el tercero en el Campeonato del Mundo E de Zwift en Londres en abril pasar\u00e1n a la historia como sus \u00faltimos logros en el palmar\u00e9s.<\/p>\n<h5>LAS RAZONES DE SU RETIRADA: &#8220;YA LO HE DADO TODO&#8221;<\/h5>\n<p>Su decisi\u00f3n llega despu\u00e9s de aceptar que su etapa hab\u00eda llegado a su final tras percatarse que <strong>su coraz\u00f3n y mente ya no est\u00e1n volcados al 100% en el triatl\u00f3n<\/strong> y que hay otras cosas que copan su atenci\u00f3n de forma m\u00e1s motivante.<\/p>\n<p>As\u00ed lo dejaba escrito en sus redes &#8220;<strong><em>Me he dado cuenta de que lo he dado todo a este nivel en mi esfuerzo personal. Me estoy dando cuenta de que mi coraz\u00f3n no est\u00e1 en esto como tiene que estar. Hay una parte de m\u00ed que todav\u00eda quiere amarlo y quiere quererlo. Sin embargo, la parte m\u00e1s reveladora es que estoy bien con el hecho de que no lo hago. Otras cosas empiezan a entusiasmarme m\u00e1s<\/em><\/strong>&#8220;.<\/p>\n<h5>UN 2019 ESTRATOSF\u00c9RICO<\/h5>\n<p>Si un a\u00f1o brill\u00f3 con luz propia el nombre de Katie Zaferes en esa m\u00e1s de una d\u00e9cada como profesional fue en <strong>2019<\/strong>. En esa temporada, la estadounidense <strong>conquist\u00f3 hasta cinco de las ocho pruebas del calendario de las Series Mundiales<\/strong> (Abu Dabi, Bermudas, Yokohama, Montreal y la Gran Final de Lausana) y <strong>se subi\u00f3 al podio en Leeds<\/strong> para adjudicarse su \u00fanico t\u00edtulo mundial.<\/p>\n<h5>LOS JUEGOS OL\u00cdMPICOS DE TOKIO<\/h5>\n<p>Su trono en las Series Mundiales puso la guinda a una trayectoria ascendente en la que hab\u00eda sido tercera en 2017 y segunda en 2018. Con ese logro ya en su palmar\u00e9s, <strong>los Juegos Ol\u00edmpicos se convirtieron en su siguiente gran objetivo<\/strong> y su oportunidad lleg\u00f3 en <strong>Tokio<\/strong>\u00a0en 2021 perjudicada en su <em>prime<\/em> por la pandemia y el cambio de fecha de los mismos.<\/p>\n<p>Con la experiencia de R\u00edo de Janeiro en su haber y como favorita <strong>en tierras japonesas, Zaferes vivi\u00f3 una de esas grandes jornadas<\/strong> con las que sue\u00f1a cualquier hombre o mujer de la distancia corta. No fue el oro de Flora Duffy, ni la plata de Georgia Taylor-Brown, pero <strong>a la de Maryland la historia le reservaba un bronce individual y un subcampeonato ol\u00edmpico en el relevo mixto<\/strong>.<\/p>\n<h5>LA SUPERLEAGUE\u00a0 \/ SUPERTRI SU \u00daLTIMO GRAN ESCENARIO<\/h5>\n<p>El ol\u00edmpico y las Series Mundiales no fueron los \u00fanicos terrenos donde destac\u00f3. Tambi\u00e9n lo hizo en la <strong>Superleague \/ SuperTri<\/strong>. De hecho, <strong>fue la mejor tanto en 2018 como en 2019<\/strong>; mientras que su <strong>bronce en 2021<\/strong> pondr\u00eda el broche de oro a su carrera en t\u00e9rminos de t\u00edtulos generales.<\/p>\n<p>Una competici\u00f3n que jam\u00e1s ha dejado de lado, tanto que ser\u00e1 ah\u00ed d\u00f3nde <strong>Katie Zaferes se despida con una \u00faltima carrera<\/strong>. Lo har\u00e1 este <strong>domingo 6 de octubre en la SuperTri de Toulouse<\/strong>.<\/p>\n<h4>EL ADI\u00d3S DE ZAFERES<\/h4>\n<hr \/>\n<p>&#8220;<em>Hace falta mucho valor para abandonar lo conocido y aparentemente seguro y abrazar lo nuevo. Pero no hay verdadera seguridad en lo que ya no tiene sentido. Hay m\u00e1s seguridad en lo aventurero y emocionante, porque en el movimiento est\u00e1 la vida y en el cambio est\u00e1 el poder.<\/em><\/p>\n<p><em>Esta es una cita que me encanta desde hace tiempo, pero que recientemente ha vuelto a resonar de forma personal.<\/em><\/p>\n<p><em>Despu\u00e9s de Tokio sent\u00ed que hab\u00eda algo m\u00e1s en m\u00ed como atleta profesional. <strong>Despu\u00e9s de estos dos \u00faltimos a\u00f1os, me he dado cuenta de que lo he dado todo a este nivel en mi esfuerzo personal y @supertri_ Toulouse el domingo ser\u00e1 mi \u00faltima carrera<\/strong>.<\/em><\/p>\n<p><em><strong>Me estoy dando cuenta de que mi coraz\u00f3n no est\u00e1 en esto como tiene que estar. Hay una parte de m\u00ed que todav\u00eda quiere amarlo y quiere quererlo. Sin embargo, la parte m\u00e1s reveladora es que estoy bien con el hecho de que no lo hago. Otras cosas empiezan a entusiasmarme m\u00e1s. Aunque 11 a\u00f1os pueden parecer poco para algunos y mucho para otros, para m\u00ed es perfecto<\/strong>.<\/em><\/p>\n<p><em>He pasado 11 a\u00f1os llenos de satisfacciones que me han cambiado la vida, compitiendo y logrando mucho m\u00e1s de lo que jam\u00e1s hubiera cre\u00eddo posible. Y lo que es m\u00e1s, he disfrutado conociendo a tanta gente dentro y fuera del circuito (incluido @tzaferes \u2665\ufe0f) que lo han convertido en algo muy especial y en una especie de hogar. Guardar\u00e9 para siempre los contactos y las experiencias que he vivido.<\/em><\/p>\n<p><em>As\u00ed que muchas gracias a @usatriathlon, @worldtriathlon, @supertri_, a mis patrocinadores y a todo el mundo que los engloba por hacer de esta \u00faltima d\u00e9cada todo lo que ha sido para m\u00ed. Independientemente de si ha sido una \u00e9poca de altibajos, siempre me he sentido muy apoyada y agradecida por haber podido formar parte de esta comunidad y por haber introducido a Kimble en ella tambi\u00e9n. Espero seguir participando fuera del campo en el futuro y seguir formando parte de esta comunidad que tanto quiero.<\/em><\/p>\n<p><em>Nunca digas nunca, pero en este momento nos acercamos a la \u00faltima parada de este particular viaje y realmente he disfrutado del trayecto<\/em>&#8220;.<\/p>\n<p><iframe title=\"Triatl\u00f3n en Vena | Fabio Cabrera Director IRONMAN Lanzarote\" width=\"696\" height=\"392\" src=\"https:\/\/www.youtube.com\/embed\/IMFAxvmKo3c?feature=oembed\" frameborder=\"0\" allow=\"accelerometer; autoplay; clipboard-write; encrypted-media; gyroscope; picture-in-picture; web-share\" referrerpolicy=\"strict-origin-when-cross-origin\" allowfullscreen><\/iframe><\/p>\n","protected":false},"excerpt":{"rendered":"<p>La doble medallista ol\u00edmpica y campeona del mundo ha anunciado este lunes 30 de septiembre su retirada deportiva a la que le resta una \u00faltima carrera final en Toulouse.<\/p>\n","protected":false},"author":351,"featured_media":92504,"comment_status":"closed","ping_status":"open","sticky":false,"template":"","format":"standard","meta":{"_acf_changed":false,"rank_math_lock_modified_date":false,"footnotes":""},"categories":[17,10639],"tags":[6280,11336],"class_list":{"0":"post-92503","1":"post","2":"type-post","3":"status-publish","4":"format-standard","5":"has-post-thumbnail","7":"category-actualidad","8":"category-portada","9":"tag-katie-zaferes","10":"tag-katie-zaferes-retirada"},"acf":[],"_links":{"self":[{"href":"https:\/\/miurltemporal.com/main/triatletasenred.sport.es\/wp-json\/wp\/v2\/posts\/92503"}],"collection":[{"href":"https:\/\/miurltemporal.com/main/triatletasenred.sport.es\/wp-json\/wp\/v2\/posts"}],"about":[{"href":"https:\/\/miurltemporal.com/main/triatletasenred.sport.es\/wp-json\/wp\/v2\/types\/post"}],"author":[{"embeddable":true,"href":"https:\/\/miurltemporal.com/main/triatletasenred.sport.es\/wp-json\/wp\/v2\/users\/351"}],"replies":[{"embeddable":true,"href":"https:\/\/miurltemporal.com/main/triatletasenred.sport.es\/wp-json\/wp\/v2\/comments?post=92503"}],"version-history":[{"count":1,"href":"https:\/\/miurltemporal.com/main/triatletasenred.sport.es\/wp-json\/wp\/v2\/posts\/92503\/revisions"}],"predecessor-version":[{"id":92505,"href":"https:\/\/miurltemporal.com/main/triatletasenred.sport.es\/wp-json\/wp\/v2\/posts\/92503\/revisions\/92505"}],"wp:featuredmedia":[{"embeddable":true,"href":"https:\/\/miurltemporal.com/main/triatletasenred.sport.es\/wp-json\/wp\/v2\/media\/92504"}],"wp:attachment":[{"href":"https:\/\/miurltemporal.com/main/triatletasenred.sport.es\/wp-json\/wp\/v2\/media?parent=92503"}],"wp:term":[{"taxonomy":"category","embeddable":true,"href":"https:\/\/miurltemporal.com/main/triatletasenred.sport.es\/wp-json\/wp\/v2\/categories?post=92503"},{"taxonomy":"post_tag","embeddable":true,"href":"https:\/\/miurltemporal.com/main/triatletasenred.sport.es\/wp-json\/wp\/v2\/tags?post=92503"}],"curies":[{"name":"wp","href":"https:\/\/api.w.org\/{rel}","templated":true}]}}