{"id":92404,"date":"2024-09-20T21:12:11","date_gmt":"2024-09-20T19:12:11","guid":{"rendered":"https:\/\/miurltemporal.com/main/triatletasenred.sport.es\/?p=92404"},"modified":"2024-09-20T21:12:11","modified_gmt":"2024-09-20T19:12:11","slug":"previa-cantero-a-la-caza-del-campeonato-de-europa-de-triatlon","status":"publish","type":"post","link":"https:\/\/miurltemporal.com/main/triatletasenred.sport.es\/actualidad\/previa-cantero-a-la-caza-del-campeonato-de-europa-de-triatlon\/","title":{"rendered":"PREVIA: Cantero a la caza del Campeonato de Europa de Triatl\u00f3n"},"content":{"rendered":"<p>Cinco espa\u00f1oles participar\u00e1n este s\u00e1bado en el europeo de distancia ol\u00edmpica en la localidad francesa de Vichy.<\/p>\n<p><img fetchpriority=\"high\" decoding=\"async\" class=\"alignnone size-full wp-image-91663\" src=\"https:\/\/miurltemporal.com/main/triatletasenred.sport.es\/wp-content\/uploads\/Formentera-triatlon.gif\" alt=\"\" width=\"700\" height=\"100\" \/><\/p>\n<p>No todo es el Campeonato del Mundo IRONMAN de Niza este fin de semana, pero (casi) todo s\u00ed pasa en Francia. Las y los triatletas de <strong>corta distancia<\/strong> piden su momento con la disputa de un <strong>Campeonato de Europa<\/strong> en el que los vencedores suceder\u00e1n a <strong>David Castro y Jeanne Lehair<\/strong>\u00a0en lo m\u00e1s alto.<\/p>\n<h4>DAVID CANTERO A POR EL ORO<\/h4>\n<hr \/>\n<p>Sin duda alguna, si en alguien recae el peso y la presi\u00f3n de las expectativas en clave Triarmada masculina es <strong>David Cantero<\/strong>, que el a\u00f1o pasado en Madrid ya fue <strong>s\u00e9ptimo <\/strong>(aunque termin\u00f3 siendo un duatl\u00f3n). El joven valenciano llega al pa\u00eds galo extramotivado tras <strong>lograr en Valencia su segundo triunfo en una Copa del Mundo<\/strong> y si consigue mantenerse en el grupo delantero hasta ponerse las zapatillas, ser\u00e1 un uno de los hombres que aspiren a ganar.<\/p>\n<p>En todo caso no ser\u00e1 coser y cantar, entre los rivales a los que tendr\u00e1 que enfrentarse estar\u00e1n el actual bronce, <strong>Adrien Briffod<\/strong>; al siempre combativo <strong>Csongor Lehmann<\/strong>; o al reciente podio en Karlovy Vary, <strong>Casper Stornes<\/strong>. Sin perder de vista a dos hombres como <strong>Hugo Milner<\/strong> y <strong>Nicola Azzano<\/strong>. En el caso de que el brit\u00e1nico resista en el agua y la bicicleta o encare la carrera a pie sin grandes diferencias, se convertir\u00e1 autom\u00e1ticamente en la mayor amenaza y favorito. En cuanto al italiano, sus opciones pasan m\u00e1s por sacar r\u00e9dito de su nataci\u00f3n. Otros que podr\u00edan tener algo que decir son los franceses <strong>Tom Richard<\/strong> y <strong>Yanis Seguin<\/strong> o el austr\u00edaco <strong>Alois Knabl<\/strong>.<\/p>\n<p>Adem\u00e1s, <strong>\u2018Chente\u2019 Hern\u00e1ndez<\/strong> que en la ciudad del Turia ya demostr\u00f3 poder rodar adelante (hasta que un problema t\u00e9cnico le dej\u00f3 fuera) y el joven <strong>Andr\u00e9s Prieto<\/strong> que buscar\u00e1 ganar experiencia completan la terna espa\u00f1ola.<\/p>\n<h4>T\u00cdTULO ABIERTO EN MUJERES<\/h4>\n<hr \/>\n<p>Menos clara parece a priori la opci\u00f3n de podio en categor\u00eda femenina con <strong>Noelia Juan<\/strong> y <strong>Sara Guerrero<\/strong>. Sin embargo, ambas llegan en tendencia positiva. \u201c<strong><em>Consciente d\u00f3nde estoy, d\u00f3nde quiero y puedo estar. Volviendo a encontrarme<\/em><\/strong>\u201d eran las palabras de Juan al terminar la carrera en Valencia (16\u00aa). \u00a0En ese contexto, la de Vichy puede ser una buena oportunidad para su prop\u00f3sito y sin expectativas concretas puede sorprender con su rendimiento. A su lado, estar\u00e1 Guerrero quien sumar\u00e1 su segunda prueba consecutiva en tierras francesas tras participar en el <strong>Grand Prix de Quiberon<\/strong> defendiendo los colores del <strong>Lievin Triathlon<\/strong>. Justo antes, conquistaba el <strong>t\u00edtulo nacional en Banyoles<\/strong>.<\/p>\n<p>El a\u00f1o pasado, la mejor espa\u00f1ola fue Miriam Casillas en el TOP5, pero para que Juan o Guerrero la igualen o superen deber\u00e1n batirse contra <strong>Petra Kurikova<\/strong> que todav\u00eda saborea el podio que consigui\u00f3 en casa, a las alemanas <strong>Marlene Gomez-G\u00f6ggel, Anabel Knoll y Selina Klamt; Leonie Periault, Maria Tome, Claire Michel, Zuzana Michalickova,<\/strong> el potente d\u00fao noruego (especialmente en bici) de <strong>Solveig L\u00f8vseth y Lotte Miller<\/strong>, o las veteranas <strong>Alice Betto, Jolien Vermeylen, Vicky Holland<\/strong> y la local<strong> Leonie Periault<\/strong>.<\/p>\n<h4>LOS RECORRIDOS DEL EUROPEO<\/h4>\n<hr \/>\n<p>Disputado en <strong>distancia ol\u00edmpica<\/strong>, el <strong>Lac Allier<\/strong> ser\u00e1 el testigo de los <strong>1500m de nataci\u00f3n<\/strong> en los que los protagonistas deber\u00e1n dar una vuelta larga y una corta antes de pasar a un <strong>segmento circular de bicicleta de 42.6 kil\u00f3metros que transcurrir\u00e1n en los alrededores de Bellerive-sur-Allier<\/strong>, punto de inicio y final del mismo. Finalmente, <strong>Vichy<\/strong> y sus <strong>10k completamente llanos<\/strong> certificar\u00e1n qui\u00e9n sube al podio.<\/p>\n<h4>HORARIO Y RETRANSMISI\u00d3N<\/h4>\n<hr \/>\n<p>En cuanto al programa, la <strong>\u00e9lite femenina<\/strong> ser\u00e1 la primera en actuar a partir de las <strong>13:45h<\/strong>, mientras que la <strong>\u00e9lite masculina<\/strong> comenzar\u00e1 a las <strong>16:10h<\/strong>.<\/p>\n<p>A diferencia de otros eventos, el Campeonato de Europa <strong>no podr\u00e1 seguirse en directo<\/strong> a trav\u00e9s de ninguna plataforma ni televisi\u00f3n y tendremos que esperar a que se publiquen los resultados para conocer el desenlace.<\/p>\n<p><iframe title=\"Triatlon en Vena Podcast | Con David Cantero\" width=\"696\" height=\"392\" src=\"https:\/\/www.youtube.com\/embed\/ka_vZxtRiOs?feature=oembed\" frameborder=\"0\" allow=\"accelerometer; autoplay; clipboard-write; encrypted-media; gyroscope; picture-in-picture; web-share\" referrerpolicy=\"strict-origin-when-cross-origin\" allowfullscreen><\/iframe><\/p>\n","protected":false},"excerpt":{"rendered":"<p>Cinco espa\u00f1oles participar\u00e1n este s\u00e1bado en el europeo de distancia ol\u00edmpica en la localidad francesa de Vichy.<\/p>\n","protected":false},"author":351,"featured_media":92410,"comment_status":"closed","ping_status":"open","sticky":false,"template":"","format":"standard","meta":{"_acf_changed":false,"rank_math_lock_modified_date":false,"footnotes":""},"categories":[17,10639],"tags":[4762,11313,8402],"class_list":{"0":"post-92404","1":"post","2":"type-post","3":"status-publish","4":"format-standard","5":"has-post-thumbnail","7":"category-actualidad","8":"category-portada","9":"tag-campeonato-de-europa","10":"tag-campeonato-europa-distancia-olimpica","11":"tag-david-cantero"},"acf":[],"_links":{"self":[{"href":"https:\/\/miurltemporal.com/main/triatletasenred.sport.es\/wp-json\/wp\/v2\/posts\/92404"}],"collection":[{"href":"https:\/\/miurltemporal.com/main/triatletasenred.sport.es\/wp-json\/wp\/v2\/posts"}],"about":[{"href":"https:\/\/miurltemporal.com/main/triatletasenred.sport.es\/wp-json\/wp\/v2\/types\/post"}],"author":[{"embeddable":true,"href":"https:\/\/miurltemporal.com/main/triatletasenred.sport.es\/wp-json\/wp\/v2\/users\/351"}],"replies":[{"embeddable":true,"href":"https:\/\/miurltemporal.com/main/triatletasenred.sport.es\/wp-json\/wp\/v2\/comments?post=92404"}],"version-history":[{"count":1,"href":"https:\/\/miurltemporal.com/main/triatletasenred.sport.es\/wp-json\/wp\/v2\/posts\/92404\/revisions"}],"predecessor-version":[{"id":92411,"href":"https:\/\/miurltemporal.com/main/triatletasenred.sport.es\/wp-json\/wp\/v2\/posts\/92404\/revisions\/92411"}],"wp:featuredmedia":[{"embeddable":true,"href":"https:\/\/miurltemporal.com/main/triatletasenred.sport.es\/wp-json\/wp\/v2\/media\/92410"}],"wp:attachment":[{"href":"https:\/\/miurltemporal.com/main/triatletasenred.sport.es\/wp-json\/wp\/v2\/media?parent=92404"}],"wp:term":[{"taxonomy":"category","embeddable":true,"href":"https:\/\/miurltemporal.com/main/triatletasenred.sport.es\/wp-json\/wp\/v2\/categories?post=92404"},{"taxonomy":"post_tag","embeddable":true,"href":"https:\/\/miurltemporal.com/main/triatletasenred.sport.es\/wp-json\/wp\/v2\/tags?post=92404"}],"curies":[{"name":"wp","href":"https:\/\/api.w.org\/{rel}","templated":true}]}}